{"id":6670,"date":"2020-06-05T18:00:48","date_gmt":"2020-06-05T17:00:48","guid":{"rendered":"http:\/\/arxiversvalencians.org\/?p=6670"},"modified":"2020-06-04T17:20:18","modified_gmt":"2020-06-04T16:20:18","slug":"archivo-historico-provincial-alicante-nuestrosarchivos","status":"publish","type":"post","link":"https:\/\/arxiversvalencians.org\/es\/archivo-historico-provincial-alicante-nuestrosarchivos\/","title":{"rendered":"Archivo Hist\u00f3rico Provincial de Alicante #NuestrosArchivos"},"content":{"rendered":"<img loading=\"lazy\" decoding=\"async\" class=\"wp-image-6234 aligncenter\" src=\"http:\/\/arxiversvalencians.org\/wp-content\/uploads\/2020\/05\/banner-els_nostres_arxius_2020-val-1024x536.jpg\" alt=\"\" width=\"382\" height=\"200\" srcset=\"https:\/\/arxiversvalencians.org\/wp-content\/uploads\/2020\/05\/banner-els_nostres_arxius_2020-val-1024x536.jpg 1024w, https:\/\/arxiversvalencians.org\/wp-content\/uploads\/2020\/05\/banner-els_nostres_arxius_2020-val-300x157.jpg 300w\" sizes=\"(max-width: 382px) 100vw, 382px\" \/>\n<p style=\"text-align: justify;\"><strong>Denominaci\u00f3n:<\/strong> Archivo Hist\u00f3rico Provincial de Alicante.<span lang=\"ca-ES\"><div class=\"clear\"><\/div><div class=\"gdlr-space\" style=\"margin-top: 20px;\"><\/div><\/span><\/p>\n<p style=\"text-align: justify;\"><strong>Breve descripci\u00f3n: <\/strong>Creado por Orden Ministerial de 24 de septiembre de 1974 (<a href=\"http:\/\/www.ceice.gva.es\/documents\/163449111\/163449561\/A20904-20904.pdf\/be4e0a39-c98f-4fa2-b750-3041e7a4c759\">BOE n.247, 15-10-1974<\/a>) con el objeto inicial, ampliado con posterioridad, de recibir las transferencias de los fondos documentales producidos por los servicios de la Administraci\u00f3n del Estado en Alicante y salvaguardar los Protocolos Notoriales centenarios. La gesti\u00f3n fue transferida a la Generalitat Valenciana con fecha 13 de octubre de 1983 (Real Decreto 3066\/1983; <a href=\"http:\/\/www.ceice.gva.es\/documents\/163449111\/163449561\/titularidad_estatal.pdf\/7caf2f0e-21d0-49bc-8186-522ff5201726\">BOE n.296, 12-12-1983<\/a>).<span lang=\"ca-ES\"><div class=\"clear\"><\/div><div class=\"gdlr-space\" style=\"margin-top: 20px;\"><\/div><\/span><\/p>\n<p style=\"text-align: justify;\">Su primera sede compartida con la Biblioteca P\u00fablica del Estado, estuvo en el Pase\u00edto de Ramiro, en el centro tradicional de Alicante. La actividad prioritaria en los primeros tiempos, fue la recepci\u00f3n de los fondos fundacionales como: los protocolos notariales, el archivo de la delegaci\u00f3n de Hacienda y las primeras transferencias del resto de las dependencias de la Administraci\u00f3n Delegada del Estado, y el inventario de los fondos m\u00e1s demandados por los investigadores.<span lang=\"ca-ES\"><div class=\"clear\"><\/div><div class=\"gdlr-space\" style=\"margin-top: 20px;\"><\/div><\/span><\/p>\n<p style=\"text-align: justify;\">Desde el a\u00f1o 2005 nos encontramos en fase de informatizaci\u00f3n total, con un sistema de gesti\u00f3n integral de archivos que formar\u00e1 parte del programa SAVEX (Sistema Archiv\u00edstico Valenciano en Red), con el cual se pretende poner en marcha un sistema inform\u00e1tico y de gesti\u00f3n integral de los archivos que forman parte del Sistema Archiv\u00edstico Valenciano tal y como promulga la Ley 3\/2005, de 15 de junio, de la Generalitat, de Archivos. <span lang=\"ca-ES\"><div class=\"clear\"><\/div><div class=\"gdlr-space\" style=\"margin-top: 20px;\"><\/div><\/span><\/p>\n<p style=\"text-align: justify;\">En la actualidad, el archivo se ubica en un edificio de nueva planta inaugurado el 10 de enero de 2008. Tiene una superficie construida de 6.632 m\u00b2 y est\u00e1 compuesto por dos vol\u00famenes de dos alturas diferentes, separados por un patio interior ajardinado, y distribuido en dos \u00e1reas: una privada destinada al trabajo interno y una p\u00fablica para los usuarios. A la planta primera se encuentra la sala de investigadores, con 35 puestos de lectura. Los dep\u00f3sitos ocupan el 75% del espacio construido, con una capacidad de 35.000 metros lineales de estanter\u00edas.<span lang=\"ca-ES\"><div class=\"clear\"><\/div><div class=\"gdlr-space\" style=\"margin-top: 20px;\"><\/div><\/span><\/p>\n<img loading=\"lazy\" decoding=\"async\" class=\"aligncenter size-full wp-image-6673\" src=\"http:\/\/arxiversvalencians.org\/wp-content\/uploads\/2020\/05\/edificio-005.jpg\" alt=\"\" width=\"4272\" height=\"2848\" srcset=\"https:\/\/arxiversvalencians.org\/wp-content\/uploads\/2020\/05\/edificio-005.jpg 4272w, https:\/\/arxiversvalencians.org\/wp-content\/uploads\/2020\/05\/edificio-005-300x200.jpg 300w, https:\/\/arxiversvalencians.org\/wp-content\/uploads\/2020\/05\/edificio-005-1024x683.jpg 1024w\" sizes=\"(max-width: 4272px) 100vw, 4272px\" \/>\n<p style=\"text-align: justify;\"><strong>Fechas extremas:<\/strong> 1707-2012.<span lang=\"ca-ES\"><div class=\"clear\"><\/div><div class=\"gdlr-space\" style=\"margin-top: 20px;\"><\/div><\/span><\/p>\n<p style=\"text-align: justify;\"><strong>Fondos documentales:<span lang=\"ca-ES\"><div class=\"clear\"><\/div><div class=\"gdlr-space\" style=\"margin-top: 20px;\"><\/div><\/span><\/strong><\/p>\n<strong><em>Archivos P\u00fablicos<span lang=\"ca-ES\"><div class=\"clear\"><\/div><div class=\"gdlr-space\" style=\"margin-top: 20px;\"><\/div><\/span><\/em><\/strong>\n\n<strong>1.- ARCHIVOS JUDICIALES<\/strong>\n<ul>\n \t<li>Audiencia Provincial de Alicante (1880-1965)<\/li>\n \t<li>Junta Electoral Provincial (1977-2004)<\/li>\n<\/ul>\n<strong>2.- ARCHIVO DE LA FE P\u00daBLICA<\/strong>\n<ul>\n \t<li>Protocolos Notariales (1707-1908)<\/li>\n \t<li>\u00cdndices Notariales (1875-1899)<\/li>\n \t<li>Contadur\u00eda de Hipotecas (1786-1871)<\/li>\n \t<li>Registro de la propiedad (1863-1871)<\/li>\n<\/ul>\n<strong>3.- ADMINISTRACI\u00d3N CENTRAL DELEGADA<\/strong>\n<ul>\n \t<li>Delegaci\u00f3n\/direcci\u00f3n Provincial de Agricultura y Pesca (1942-1986)<\/li>\n \t<li>Jefatura del Servicio Nacional de Productos Agrarios (SENPA) (1956-1986)<\/li>\n \t<li>Servicio Provincial de Costas (1981-2009)<\/li>\n<\/ul>\n<strong>Comercio<\/strong>\n<ul>\n \t<li>Comisar\u00eda General de Abastecimientos y Transportes (1939-1983)<\/li>\n<\/ul>\n<strong>Cultura<\/strong>\n<ul>\n \t<li>Delegaci\u00f3n Provincial de Cultura (1974-1984)<\/li>\n \t<li>Direcci\u00f3n Territorial de Cultura (1981-1986)<\/li>\n<\/ul>\n<strong>Econom\u00eda y Hacienda<\/strong>\n<ul>\n \t<li>Delegaci\u00f3n Provincial de Hacienda (1692-1973)<\/li>\n \t<li>Gerencia del Catastro de Alicante (1912-2000)<\/li>\n \t<li>Delegaci\u00f3n Provincial de Estad\u00edstica (1970)<\/li>\n<\/ul>\n<strong>Educaci\u00f3n<\/strong>\n<ul>\n \t<li>Delegaci\u00f3n Provincial de Educaci\u00f3n (1857-1975)<\/li>\n \t<li>Institutos de Ense\u00f1anza Secundaria (1880-1984)\nInterior<\/li>\n \t<li>Gobierno Civil \/Subdelegaci\u00f3n (1917-1993)<\/li>\n \t<li>Instituciones Penitenciarias (1935-1956)<\/li>\n \t<li>Servicio de Inspecci\u00f3n y Asesoramiento de las Corporaciones Locales (1951-1983)<\/li>\n \t<li>Mutualidad Nacional de Previsi\u00f3n de la Administraci\u00f3n Local (1957-1993)<\/li>\n<\/ul>\n<strong>Obras P\u00fablicas<\/strong>\n<ul>\n \t<li>Delegaci\u00f3n\/Direcci\u00f3n Provincial de Obras P\u00fablicas y Urbanismo (1849-1985)<\/li>\n<\/ul>\n<strong>Sanidad<\/strong>\n<ul>\n \t<li>Comisi\u00f3n Provincial Delegada de Saneamiento (1944-1980)<\/li>\n \t<li>Preventorio Antituberculoso de Aig\u00fces (1940-1960)<\/li>\n<\/ul>\n<strong>Trabajo y Seguridad Social<\/strong>\n<ul>\n \t<li>Delegaci\u00f3n\/Direcci\u00f3n Provincial de Trabajo y Seguridad Social (1882-1994)<\/li>\n<\/ul>\n<strong>Turismo<\/strong>\n<ul>\n \t<li>Organizaci\u00f3n de Trabajos Portuarios (1950-1968)<\/li>\n \t<li>Delegaci\u00f3n Provincial de Informaci\u00f3n y Turismo (1951-1977)<\/li>\n<\/ul>\n<strong>4.- INSTITUCIONES DEL MOVIMIENTO NACIONAL<\/strong>\n<ul>\n \t<li>Delegaci\u00f3n Provincial del Frente de Juventudes (1935-1977)<\/li>\n \t<li>Delegaci\u00f3n Provincial de la Secci\u00f3n Femenina (1942-1980)<\/li>\n<\/ul>\n<strong>5.- ADMINISTRACI\u00d3N CORPORATIVA<\/strong>\n<ul>\n \t<li>Organizaci\u00f3n Sindical (AISS) (1940-1982)<\/li>\n \t<li>Organizaci\u00f3n de Trabajos Portuarios (1939-)<\/li>\n<\/ul>\n<strong>6.- PRESIDENCIA<\/strong>\n<ul>\n \t<li>Fundaci\u00f3n de la Comunidad Valenciana de la Oficina Valenciana para la Sociedad de la Informaci\u00f3n (OVSI) (1966-2012)<\/li>\n<\/ul>\n<strong><em>Archivos Privados<\/em><\/strong>\n<ul>\n \t<li>Club de Amics de la UNESCO<\/li>\n \t<li>Asociaci\u00f3n Espa\u00f1a-URSS<\/li>\n \t<li>Cinema Club Chaplin<\/li>\n \t<li>Fam\u00edlia Castroverde<\/li>\n \t<li>Fam\u00edlia Bonmat\u00ed Montoya<\/li>\n \t<li>Hermanos L\u00e1zaro i Luis L\u00f3pez Andres<\/li>\n \t<li>Arquitecto Guardiola Pay\u00e0.<strong><span lang=\"ca-ES\"><div class=\"clear\"><\/div><div class=\"gdlr-space\" style=\"margin-top: 20px;\"><\/div><\/span><\/strong><\/li>\n<\/ul>\n<p style=\"text-align: justify;\"><strong>Documentos m\u00e1s destacados:<\/strong> Fondos contempor\u00e1neos para la Memoria hist\u00f3rica: Fondo de Instituciones Penitenciarias y Fondo de Gobierno Civil.<strong><span lang=\"ca-ES\"><div class=\"clear\"><\/div><div class=\"gdlr-space\" style=\"margin-top: 20px;\"><\/div><\/span><\/strong><\/p>\n<p style=\"text-align: justify;\"><strong>Personal:<\/strong> 7.<span lang=\"ca-ES\"><div class=\"clear\"><\/div><div class=\"gdlr-space\" style=\"margin-top: 20px;\"><\/div><\/span><\/p>\n<p style=\"text-align: justify;\"><strong>P\u00e1gina<\/strong> <strong>web:<\/strong> <a href=\"http:\/\/www.ceice.gva.es\/es\/web\/archivo-historico-provincial-alicante\/inicio\">http:\/\/www.ceice.gva.es\/es\/web\/archivo-historico-provincial-alicante\/inicio<\/a><span lang=\"ca-ES\"><div class=\"clear\"><\/div><div class=\"gdlr-space\" style=\"margin-top: 20px;\"><\/div><\/span><\/p>\n<p style=\"text-align: justify;\"><strong>Redes sociales: <\/strong><a href=\"https:\/\/www.facebook.com\/ahp.alicante\/\">Facebook<\/a>, <a href=\"https:\/\/twitter.com\/AhpAlicante\">Twitter<\/a> y <a href=\"https:\/\/www.youtube.com\/channel\/UCq92G1dmQktDIS87O7EiDuA\">Youtube<\/a>.<span lang=\"ca-ES\"><div class=\"clear\"><\/div><div class=\"gdlr-space\" style=\"margin-top: 20px;\"><\/div><\/span><\/p>\n<p style=\"text-align: justify;\"><strong>Servicios y actividades:<\/strong><\/p>\n\n<ul>\n \t<li>Informaci\u00f3n general sobre los fondos documentales.<\/li>\n \t<li>Orientaci\u00f3n y asesoramiento personalizado.<\/li>\n \t<li>Atenci\u00f3n de consultas presenciales o a distancia (tel\u00e9fono, fax, correo postal o electr\u00f3nico). Todos los fondos cuentan con alg\u00fan instrumento de descripci\u00f3n: \u00edndices, inventarios y cat\u00e1logos. La consulta es de libre acceso, con las restricciones marcadas por la legislaci\u00f3n vigente. El investigador debe estar identificado con DNI o pasaporte.<\/li>\n \t<li>Reprograf\u00eda. Pueden obtenerse fotocopias o fotograf\u00edas dependiendo del estado de conservaci\u00f3n del documento.<\/li>\n \t<li>Biblioteca auxiliar. Formada por obras de referencia, ciencias auxiliares de archiv\u00edstica e historia local.<\/li>\n \t<li>Servicio de Informaci\u00f3n Archiv\u00edstica (SIA): Creaci\u00f3n de la Direcci\u00f3n General del Libro, Archivos y Bibliotecas con el objetivo de facilitar el acceso a la informaci\u00f3n profesional a todo el colectivo que trabaja en los archivos de la Comunidad Valenciana.<\/li>\n \t<li>Visitas guiadas al Archivo (grupos).<\/li>\n \t<li>Talleres de dinamizaci\u00f3n con escolares.<\/li>\n \t<li>Laboratorio de restauraci\u00f3n de documentos.<\/li>\n \t<li>Sal\u00f3n de actos.<\/li>\n \t<li>Sala de exposiciones.<div class=\"clear\"><\/div><div class=\"gdlr-space\" style=\"margin-top: 20px;\"><\/div><\/li>\n<\/ul>\n<p style=\"text-align: justify;\"><strong>Datos de contacto<\/strong><\/p>\n\n<ul style=\"text-align: justify;\">\n \t<li><strong>Direcci\u00f3n:<\/strong> C\/ Guill\u00e9n de Castro, 3\nCP 03007 Alicante<\/li>\n \t<li><strong>Tel\u00e9fono:<\/strong> 965918750<\/li>\n \t<li><strong>Correo<\/strong> <strong>electr\u00f3nico:<\/strong> <a href=\"mailto:ahp_alicante@gva.es\">ahp_alicante@gva.es<\/a><span lang=\"ca-ES\"><div class=\"clear\"><\/div><div class=\"gdlr-space\" style=\"margin-top: 20px;\"><\/div><\/span><\/li>\n<\/ul>\n<p style=\"text-align: justify;\"><img loading=\"lazy\" decoding=\"async\" class=\"size-full wp-image-6675\" src=\"http:\/\/arxiversvalencians.org\/wp-content\/uploads\/2020\/05\/fachada-edificio-001.jpg\" alt=\"\" width=\"4272\" height=\"2848\" srcset=\"https:\/\/arxiversvalencians.org\/wp-content\/uploads\/2020\/05\/fachada-edificio-001.jpg 4272w, https:\/\/arxiversvalencians.org\/wp-content\/uploads\/2020\/05\/fachada-edificio-001-300x200.jpg 300w, https:\/\/arxiversvalencians.org\/wp-content\/uploads\/2020\/05\/fachada-edificio-001-1024x683.jpg 1024w\" sizes=\"(max-width: 4272px) 100vw, 4272px\" \/><\/p>","protected":false},"excerpt":{"rendered":"Denominaci\u00f3n: Archivo Hist\u00f3rico Provincial de Alicante. Breve descripci\u00f3n: Creado por Orden Ministerial de 24 de septiembre de 1974 (BOE n.247, 15-10-1974) con el objeto inicial, ampliado con posterioridad, de recibir las transferencias de los fondos documentales producidos por los servicios de la Administraci\u00f3n del Estado en Alicante y salvaguardar los Protocolos Notoriales centenarios. La gesti\u00f3n [&hellip;]","protected":false},"author":125,"featured_media":6675,"comment_status":"closed","ping_status":"closed","sticky":false,"template":"","format":"standard","meta":{"jetpack_post_was_ever_published":false,"_jetpack_newsletter_access":"","_jetpack_dont_email_post_to_subs":false,"_jetpack_newsletter_tier_id":0,"_jetpack_memberships_contains_paywalled_content":false,"_jetpack_memberships_contains_paid_content":false,"footnotes":"","jetpack_publicize_message":"","jetpack_publicize_feature_enabled":true,"jetpack_social_post_already_shared":true,"jetpack_social_options":{"image_generator_settings":{"template":"highway","enabled":false}}},"categories":[3],"tags":[82,83,84],"jetpack_publicize_connections":[],"yoast_head":"<!-- This site is optimized with the Yoast SEO plugin v22.7 - https:\/\/yoast.com\/wordpress\/plugins\/seo\/ -->\n<title>Archivo Hist\u00f3rico Provincial de Alicante #NuestrosArchivos - arxiversvalencians.org<\/title>\n<meta name=\"robots\" content=\"index, follow, max-snippet:-1, max-image-preview:large, max-video-preview:-1\" \/>\n<link rel=\"canonical\" href=\"https:\/\/arxiversvalencians.org\/es\/archivo-historico-provincial-alicante-nuestrosarchivos\/\" \/>\n<meta property=\"og:locale\" content=\"es_ES\" \/>\n<meta property=\"og:type\" content=\"article\" \/>\n<meta property=\"og:title\" content=\"Archivo Hist\u00f3rico Provincial de Alicante #NuestrosArchivos - arxiversvalencians.org\" \/>\n<meta property=\"og:description\" content=\"Denominaci\u00f3n: Archivo Hist\u00f3rico Provincial de Alicante. Breve descripci\u00f3n: Creado por Orden Ministerial de 24 de septiembre de 1974 (BOE n.247, 15-10-1974) con el objeto inicial, ampliado con posterioridad, de recibir las transferencias de los fondos documentales producidos por los servicios de la Administraci\u00f3n del Estado en Alicante y salvaguardar los Protocolos Notoriales centenarios. La gesti\u00f3n [&hellip;]\" \/>\n<meta property=\"og:url\" content=\"https:\/\/arxiversvalencians.org\/es\/archivo-historico-provincial-alicante-nuestrosarchivos\/\" \/>\n<meta property=\"og:site_name\" content=\"arxiversvalencians.org\" \/>\n<meta property=\"article:published_time\" content=\"2020-06-05T17:00:48+00:00\" \/>\n<meta property=\"article:modified_time\" content=\"2020-06-04T16:20:18+00:00\" \/>\n<meta property=\"og:image\" content=\"https:\/\/arxiversvalencians.org\/wp-content\/uploads\/2020\/05\/fachada-edificio-001-1024x683.jpg\" \/>\n\t<meta property=\"og:image:width\" content=\"1024\" \/>\n\t<meta property=\"og:image:height\" content=\"683\" \/>\n\t<meta property=\"og:image:type\" content=\"image\/jpeg\" \/>\n<meta name=\"author\" content=\"VDifusio\" \/>\n<meta name=\"twitter:card\" content=\"summary_large_image\" \/>\n<meta name=\"twitter:label1\" content=\"Escrito por\" \/>\n\t<meta name=\"twitter:data1\" content=\"VDifusio\" \/>\n\t<meta name=\"twitter:label2\" content=\"Tiempo de lectura\" \/>\n\t<meta name=\"twitter:data2\" content=\"5 minutos\" \/>\n<script type=\"application\/ld+json\" class=\"yoast-schema-graph\">{\"@context\":\"https:\/\/schema.org\",\"@graph\":[{\"@type\":\"WebPage\",\"@id\":\"https:\/\/arxiversvalencians.org\/es\/archivo-historico-provincial-alicante-nuestrosarchivos\/\",\"url\":\"https:\/\/arxiversvalencians.org\/es\/archivo-historico-provincial-alicante-nuestrosarchivos\/\",\"name\":\"Archivo Hist\u00f3rico Provincial de Alicante #NuestrosArchivos - arxiversvalencians.org\",\"isPartOf\":{\"@id\":\"https:\/\/arxiversvalencians.org\/#website\"},\"primaryImageOfPage\":{\"@id\":\"https:\/\/arxiversvalencians.org\/es\/archivo-historico-provincial-alicante-nuestrosarchivos\/#primaryimage\"},\"image\":{\"@id\":\"https:\/\/arxiversvalencians.org\/es\/archivo-historico-provincial-alicante-nuestrosarchivos\/#primaryimage\"},\"thumbnailUrl\":\"https:\/\/arxiversvalencians.org\/wp-content\/uploads\/2020\/05\/fachada-edificio-001.jpg\",\"datePublished\":\"2020-06-05T17:00:48+00:00\",\"dateModified\":\"2020-06-04T16:20:18+00:00\",\"author\":{\"@id\":\"https:\/\/arxiversvalencians.org\/#\/schema\/person\/8ae0b510f698f2cf88fcf870b754f787\"},\"breadcrumb\":{\"@id\":\"https:\/\/arxiversvalencians.org\/es\/archivo-historico-provincial-alicante-nuestrosarchivos\/#breadcrumb\"},\"inLanguage\":\"es\",\"potentialAction\":[{\"@type\":\"ReadAction\",\"target\":[\"https:\/\/arxiversvalencians.org\/es\/archivo-historico-provincial-alicante-nuestrosarchivos\/\"]}]},{\"@type\":\"ImageObject\",\"inLanguage\":\"es\",\"@id\":\"https:\/\/arxiversvalencians.org\/es\/archivo-historico-provincial-alicante-nuestrosarchivos\/#primaryimage\",\"url\":\"https:\/\/arxiversvalencians.org\/wp-content\/uploads\/2020\/05\/fachada-edificio-001.jpg\",\"contentUrl\":\"https:\/\/arxiversvalencians.org\/wp-content\/uploads\/2020\/05\/fachada-edificio-001.jpg\",\"width\":4272,\"height\":2848},{\"@type\":\"BreadcrumbList\",\"@id\":\"https:\/\/arxiversvalencians.org\/es\/archivo-historico-provincial-alicante-nuestrosarchivos\/#breadcrumb\",\"itemListElement\":[{\"@type\":\"ListItem\",\"position\":1,\"name\":\"Portada\",\"item\":\"https:\/\/arxiversvalencians.org\/es\/\"},{\"@type\":\"ListItem\",\"position\":2,\"name\":\"Archivo Hist\u00f3rico Provincial de Alicante #NuestrosArchivos\"}]},{\"@type\":\"WebSite\",\"@id\":\"https:\/\/arxiversvalencians.org\/#website\",\"url\":\"https:\/\/arxiversvalencians.org\/\",\"name\":\"arxiversvalencians.org\",\"description\":\"arxiversvalencians.org\",\"potentialAction\":[{\"@type\":\"SearchAction\",\"target\":{\"@type\":\"EntryPoint\",\"urlTemplate\":\"https:\/\/arxiversvalencians.org\/?s={search_term_string}\"},\"query-input\":\"required name=search_term_string\"}],\"inLanguage\":\"es\"},{\"@type\":\"Person\",\"@id\":\"https:\/\/arxiversvalencians.org\/#\/schema\/person\/8ae0b510f698f2cf88fcf870b754f787\",\"name\":\"VDifusio\",\"image\":{\"@type\":\"ImageObject\",\"inLanguage\":\"es\",\"@id\":\"https:\/\/arxiversvalencians.org\/#\/schema\/person\/image\/\",\"url\":\"https:\/\/secure.gravatar.com\/avatar\/28cfcd89ff7a51dbe91eb199dcdd222c?s=96&d=mm&r=g\",\"contentUrl\":\"https:\/\/secure.gravatar.com\/avatar\/28cfcd89ff7a51dbe91eb199dcdd222c?s=96&d=mm&r=g\",\"caption\":\"VDifusio\"},\"url\":\"https:\/\/arxiversvalencians.org\/es\/author\/vdifusio\/\"}]}<\/script>\n<!-- \/ Yoast SEO plugin. -->","yoast_head_json":{"title":"Archivo Hist\u00f3rico Provincial de Alicante #NuestrosArchivos - arxiversvalencians.org","robots":{"index":"index","follow":"follow","max-snippet":"max-snippet:-1","max-image-preview":"max-image-preview:large","max-video-preview":"max-video-preview:-1"},"canonical":"https:\/\/arxiversvalencians.org\/es\/archivo-historico-provincial-alicante-nuestrosarchivos\/","og_locale":"es_ES","og_type":"article","og_title":"Archivo Hist\u00f3rico Provincial de Alicante #NuestrosArchivos - arxiversvalencians.org","og_description":"Denominaci\u00f3n: Archivo Hist\u00f3rico Provincial de Alicante. Breve descripci\u00f3n: Creado por Orden Ministerial de 24 de septiembre de 1974 (BOE n.247, 15-10-1974) con el objeto inicial, ampliado con posterioridad, de recibir las transferencias de los fondos documentales producidos por los servicios de la Administraci\u00f3n del Estado en Alicante y salvaguardar los Protocolos Notoriales centenarios. La gesti\u00f3n [&hellip;]","og_url":"https:\/\/arxiversvalencians.org\/es\/archivo-historico-provincial-alicante-nuestrosarchivos\/","og_site_name":"arxiversvalencians.org","article_published_time":"2020-06-05T17:00:48+00:00","article_modified_time":"2020-06-04T16:20:18+00:00","og_image":[{"width":1024,"height":683,"url":"https:\/\/arxiversvalencians.org\/wp-content\/uploads\/2020\/05\/fachada-edificio-001-1024x683.jpg","type":"image\/jpeg"}],"author":"VDifusio","twitter_card":"summary_large_image","twitter_misc":{"Escrito por":"VDifusio","Tiempo de lectura":"5 minutos"},"schema":{"@context":"https:\/\/schema.org","@graph":[{"@type":"WebPage","@id":"https:\/\/arxiversvalencians.org\/es\/archivo-historico-provincial-alicante-nuestrosarchivos\/","url":"https:\/\/arxiversvalencians.org\/es\/archivo-historico-provincial-alicante-nuestrosarchivos\/","name":"Archivo Hist\u00f3rico Provincial de Alicante #NuestrosArchivos - arxiversvalencians.org","isPartOf":{"@id":"https:\/\/arxiversvalencians.org\/#website"},"primaryImageOfPage":{"@id":"https:\/\/arxiversvalencians.org\/es\/archivo-historico-provincial-alicante-nuestrosarchivos\/#primaryimage"},"image":{"@id":"https:\/\/arxiversvalencians.org\/es\/archivo-historico-provincial-alicante-nuestrosarchivos\/#primaryimage"},"thumbnailUrl":"https:\/\/arxiversvalencians.org\/wp-content\/uploads\/2020\/05\/fachada-edificio-001.jpg","datePublished":"2020-06-05T17:00:48+00:00","dateModified":"2020-06-04T16:20:18+00:00","author":{"@id":"https:\/\/arxiversvalencians.org\/#\/schema\/person\/8ae0b510f698f2cf88fcf870b754f787"},"breadcrumb":{"@id":"https:\/\/arxiversvalencians.org\/es\/archivo-historico-provincial-alicante-nuestrosarchivos\/#breadcrumb"},"inLanguage":"es","potentialAction":[{"@type":"ReadAction","target":["https:\/\/arxiversvalencians.org\/es\/archivo-historico-provincial-alicante-nuestrosarchivos\/"]}]},{"@type":"ImageObject","inLanguage":"es","@id":"https:\/\/arxiversvalencians.org\/es\/archivo-historico-provincial-alicante-nuestrosarchivos\/#primaryimage","url":"https:\/\/arxiversvalencians.org\/wp-content\/uploads\/2020\/05\/fachada-edificio-001.jpg","contentUrl":"https:\/\/arxiversvalencians.org\/wp-content\/uploads\/2020\/05\/fachada-edificio-001.jpg","width":4272,"height":2848},{"@type":"BreadcrumbList","@id":"https:\/\/arxiversvalencians.org\/es\/archivo-historico-provincial-alicante-nuestrosarchivos\/#breadcrumb","itemListElement":[{"@type":"ListItem","position":1,"name":"Portada","item":"https:\/\/arxiversvalencians.org\/es\/"},{"@type":"ListItem","position":2,"name":"Archivo Hist\u00f3rico Provincial de Alicante #NuestrosArchivos"}]},{"@type":"WebSite","@id":"https:\/\/arxiversvalencians.org\/#website","url":"https:\/\/arxiversvalencians.org\/","name":"arxiversvalencians.org","description":"arxiversvalencians.org","potentialAction":[{"@type":"SearchAction","target":{"@type":"EntryPoint","urlTemplate":"https:\/\/arxiversvalencians.org\/?s={search_term_string}"},"query-input":"required name=search_term_string"}],"inLanguage":"es"},{"@type":"Person","@id":"https:\/\/arxiversvalencians.org\/#\/schema\/person\/8ae0b510f698f2cf88fcf870b754f787","name":"VDifusio","image":{"@type":"ImageObject","inLanguage":"es","@id":"https:\/\/arxiversvalencians.org\/#\/schema\/person\/image\/","url":"https:\/\/secure.gravatar.com\/avatar\/28cfcd89ff7a51dbe91eb199dcdd222c?s=96&d=mm&r=g","contentUrl":"https:\/\/secure.gravatar.com\/avatar\/28cfcd89ff7a51dbe91eb199dcdd222c?s=96&d=mm&r=g","caption":"VDifusio"},"url":"https:\/\/arxiversvalencians.org\/es\/author\/vdifusio\/"}]}},"jetpack_featured_media_url":"https:\/\/arxiversvalencians.org\/wp-content\/uploads\/2020\/05\/fachada-edificio-001.jpg","jetpack_sharing_enabled":true,"jetpack_shortlink":"https:\/\/wp.me\/p7fqQj-1JA","_links":{"self":[{"href":"https:\/\/arxiversvalencians.org\/es\/wp-json\/wp\/v2\/posts\/6670"}],"collection":[{"href":"https:\/\/arxiversvalencians.org\/es\/wp-json\/wp\/v2\/posts"}],"about":[{"href":"https:\/\/arxiversvalencians.org\/es\/wp-json\/wp\/v2\/types\/post"}],"author":[{"embeddable":true,"href":"https:\/\/arxiversvalencians.org\/es\/wp-json\/wp\/v2\/users\/125"}],"replies":[{"embeddable":true,"href":"https:\/\/arxiversvalencians.org\/es\/wp-json\/wp\/v2\/comments?post=6670"}],"version-history":[{"count":10,"href":"https:\/\/arxiversvalencians.org\/es\/wp-json\/wp\/v2\/posts\/6670\/revisions"}],"predecessor-version":[{"id":6995,"href":"https:\/\/arxiversvalencians.org\/es\/wp-json\/wp\/v2\/posts\/6670\/revisions\/6995"}],"wp:featuredmedia":[{"embeddable":true,"href":"https:\/\/arxiversvalencians.org\/es\/wp-json\/wp\/v2\/media\/6675"}],"wp:attachment":[{"href":"https:\/\/arxiversvalencians.org\/es\/wp-json\/wp\/v2\/media?parent=6670"}],"wp:term":[{"taxonomy":"category","embeddable":true,"href":"https:\/\/arxiversvalencians.org\/es\/wp-json\/wp\/v2\/categories?post=6670"},{"taxonomy":"post_tag","embeddable":true,"href":"https:\/\/arxiversvalencians.org\/es\/wp-json\/wp\/v2\/tags?post=6670"}],"curies":[{"name":"wp","href":"https:\/\/api.w.org\/{rel}","templated":true}]}}