{"id":6654,"date":"2020-06-04T16:32:24","date_gmt":"2020-06-04T15:32:24","guid":{"rendered":"http:\/\/arxiversvalencians.org\/?p=6654"},"modified":"2020-06-04T16:56:02","modified_gmt":"2020-06-04T15:56:02","slug":"archivo-municipal-monforte-del-cid-nuestrosarchivos-2","status":"publish","type":"post","link":"https:\/\/arxiversvalencians.org\/es\/archivo-municipal-monforte-del-cid-nuestrosarchivos-2\/","title":{"rendered":"Archivo Municipal de X\u00e0bia #NuestrosArchivos"},"content":{"rendered":"<img loading=\"lazy\" decoding=\"async\" class=\"wp-image-6234 aligncenter\" src=\"http:\/\/arxiversvalencians.org\/wp-content\/uploads\/2020\/05\/banner-els_nostres_arxius_2020-val-1024x536.jpg\" alt=\"\" width=\"382\" height=\"200\" srcset=\"https:\/\/arxiversvalencians.org\/wp-content\/uploads\/2020\/05\/banner-els_nostres_arxius_2020-val-1024x536.jpg 1024w, https:\/\/arxiversvalencians.org\/wp-content\/uploads\/2020\/05\/banner-els_nostres_arxius_2020-val-300x157.jpg 300w\" sizes=\"(max-width: 382px) 100vw, 382px\" \/>\n<p style=\"text-align: justify;\"><strong>Denominaci\u00f3n: <\/strong>Archivo Municipal de X\u00e0bia.<span lang=\"ca-ES\"><div class=\"clear\"><\/div><div class=\"gdlr-space\" style=\"margin-top: 20px;\"><\/div><\/span><\/p>\n<p style=\"text-align: justify;\"><strong>Breve descripci\u00f3n: <\/strong>Las guerras y saqueos sufridos en la Villa desde el siglo XVIII hasta las revueltas de 1936, son la causa de que al Archivo de X\u00e0bia le falte buena\u00a0 parte de la documentaci\u00f3n. El peor episodio lo sufri\u00f3 el 16 de agosto de 1936..<span lang=\"ca-ES\"><div class=\"clear\"><\/div><div class=\"gdlr-space\" style=\"margin-top: 20px;\"><\/div><\/span><\/p>\n<p style=\"text-align: justify;\"><strong>Fechas extremas:<\/strong> Exceptuando algunos documentos sueltos, 1939-2015.<span lang=\"ca-ES\"><div class=\"clear\"><\/div><div class=\"gdlr-space\" style=\"margin-top: 20px;\"><\/div><\/span><\/p>\n<img loading=\"lazy\" decoding=\"async\" class=\"aligncenter size-full wp-image-6658\" src=\"http:\/\/arxiversvalencians.org\/wp-content\/uploads\/2020\/05\/espacio-consulta-archivo-municipal-javea-770x438.jpg\" alt=\"\" width=\"770\" height=\"438\" srcset=\"https:\/\/arxiversvalencians.org\/wp-content\/uploads\/2020\/05\/espacio-consulta-archivo-municipal-javea-770x438.jpg 770w, https:\/\/arxiversvalencians.org\/wp-content\/uploads\/2020\/05\/espacio-consulta-archivo-municipal-javea-770x438-300x171.jpg 300w\" sizes=\"(max-width: 770px) 100vw, 770px\" \/>\n<p style=\"text-align: justify;\"><strong>Fondos documentales:<\/strong><\/p>\nFondo Municipal.\n\nFondos incorporados:\n<ul>\n \t<li>Mauricio Cheut\u00edn (1960 \u2248 1986).<\/li>\n \t<li>Juzgado (1879 \u2248 1962).<\/li>\n \t<li>Falange (1936-1976).<\/li>\n \t<li>Central Nacional Sindicalista (CNS)(1936 \u2248 1974).<\/li>\n \t<li>Cooperativa Agr\u00edcola Jes\u00fas Nazareno (1919-1984).<\/li>\n \t<li>Cooperativa de Cr\u00e9dito (1924 \u2248 1984).<\/li>\n \t<li>Cooperativa Agr\u00edcola de Consum (1954-1983).<\/li>\n \t<li>Cooperativa de Servicios Docentes y Educativos (SURCO)(1956-1966).<\/li>\n \t<li>Conferencia de San Vicente de Paula (1942-1947).<\/li>\n \t<li>Centro de Iniciativas Tur\u00edsticas.Vapor J.J. Sister (1910-1917).<\/li>\n \t<li>Casa de Comercio de X\u00e0bia (1899-1924).<\/li>\n \t<li>Correos (1939-1954).<\/li>\n \t<li>F\u00e0brica d&#8217;olis d&#8217;orujo i alcohol (Ll\u00edria).<\/li>\n \t<li>C\u00e1mara Agraria.<span lang=\"ca-ES\"><div class=\"clear\"><\/div><div class=\"gdlr-space\" style=\"margin-top: 20px;\"><\/div><\/span><\/li>\n<\/ul>\n<p style=\"text-align: justify;\"><strong>Documentos m\u00e1s destacados: <span lang=\"ca-ES\"><div class=\"clear\"><\/div><div class=\"gdlr-space\" style=\"margin-top: 20px;\"><\/div><\/span><\/strong><\/p>\n\n<ul>\n \t<li style=\"text-align: justify;\"><em>Real Despacho en pergamio en favor de Antoni Ba\u00f1uls de la primera escriban\u00eda que quedara vacante a la Audiencia de Val\u00e8ncia<\/em>. 13 de diciembre de 1649.<\/li>\n \t<li style=\"text-align: justify;\"><em>Acta de entrega de la escriban\u00eda en favor de Antoni Ba\u00f1uls, criado del Rey de Espa\u00f1a, realizada por el Marqu\u00e9s de D\u00e9nia<\/em>. 27 de agosto de 1650.<\/li>\n \t<li style=\"text-align: justify;\"><em>Testimonio de una Real C\u00e9dula expedida a Madrid a 7 de marzo de 1712 concediendo a los vecinos de Xabea el relevo de alcaldes por el tiempo que durara la guerra, en consideraci\u00f3n a su constante fidelidad y al especial m\u00e9rito que hicieron en 1710<\/em>. 29 de enero de 1725.<\/li>\n \t<li style=\"text-align: justify;\"><em>Testimonio de Real C\u00e9dula, Madrid 23 de octubre de 1709, concediendo a los vecinos de Xabea excepci\u00f3n de alojamientos y que puedan llevar armas, atendiendo a la particular fidelidad y m\u00e9rito y a los trabajos que han sufrido y el que han manifestado su amor al Real servicio<\/em>. 29 de enero de 1725.<\/li>\n \t<li style=\"text-align: justify;\"><em>Libro de acuerdos conciliares de los se\u00f1ores de Justicia y Gobierno de la villa de Xabea<\/em>. 1787-1792, 1799.<\/li>\n \t<li style=\"text-align: justify;\"><em>Certificado en pergamino por el escribano de la curia de D\u00e9nia atestiguando que Jaime Trilles, para ser vecino de Xabea, estaba comprendido en las franquicias que D. Jaime I concedi\u00f3 en la ciudad de D\u00e9nia<\/em>. 25 de noviembre 1707.<\/li>\n \t<li style=\"text-align: justify;\"><em>Carta en pergamino donde se reconocen unas deudas monetarias en forma de censal<\/em>. Orihuela, 29 de julio de 1577.<span lang=\"ca-ES\"><div class=\"clear\"><\/div><div class=\"gdlr-space\" style=\"margin-top: 20px;\"><\/div><\/span><\/li>\n<\/ul>\n<img loading=\"lazy\" decoding=\"async\" class=\"aligncenter size-full wp-image-6660\" src=\"http:\/\/arxiversvalencians.org\/wp-content\/uploads\/2020\/05\/sala-de-actos-y-proyecciones-en-el-archivo-municipal-de-javea-770x513.jpg\" alt=\"\" width=\"770\" height=\"513\" srcset=\"https:\/\/arxiversvalencians.org\/wp-content\/uploads\/2020\/05\/sala-de-actos-y-proyecciones-en-el-archivo-municipal-de-javea-770x513.jpg 770w, https:\/\/arxiversvalencians.org\/wp-content\/uploads\/2020\/05\/sala-de-actos-y-proyecciones-en-el-archivo-municipal-de-javea-770x513-300x200.jpg 300w\" sizes=\"(max-width: 770px) 100vw, 770px\" \/>\n<p style=\"text-align: justify;\"><strong>Personal:<\/strong> 1 T\u00e9cnico de Archivo, 1 Auxiliar de Archivo.<span lang=\"ca-ES\"><div class=\"clear\"><\/div><div class=\"gdlr-space\" style=\"margin-top: 20px;\"><\/div><\/span><\/p>\n<p style=\"text-align: justify;\"><strong>P\u00e1gina<\/strong> <strong>web:<\/strong> <a href=\"http:\/\/www.ajxabia.com\/ver\/7842\/archivo-municipal.html\">http:\/\/www.ajxabia.com\/ver\/7842\/archivo-municipal.html<\/a><span lang=\"ca-ES\"><div class=\"clear\"><\/div><div class=\"gdlr-space\" style=\"margin-top: 20px;\"><\/div><\/span><\/p>\n<p style=\"text-align: justify;\"><strong>Redes sociales:<\/strong><a href=\"https:\/\/www.youtube.com\/channel\/UCq92G1dmQktDIS87O7EiDuA\">Youtube<\/a>.<span lang=\"ca-ES\"><div class=\"clear\"><\/div><div class=\"gdlr-space\" style=\"margin-top: 20px;\"><\/div><\/span><\/p>\n<p style=\"text-align: justify;\"><strong>Servicios y actividades:<\/strong><\/p>\n\n<ul>\n \t<li>Servicios de Atenci\u00f3n al p\u00fablico de lunes a viernes de 11:00h a 13:00h.<\/li>\n \t<li>Servicio de Referencia y asesoramiento bibliogr\u00e1fico.<\/li>\n \t<li>Servicio de Sala de consulta con colecci\u00f3n de historia local y comarcal.<\/li>\n \t<li>Servicio de Sala de actividades. Se puede reservar la Sala previa petici\u00f3n.<\/li>\n \t<li>Servicio de Hemeroteca local y comarcal.<span lang=\"ca-ES\">[<\/span><\/li>\n \t<li>Servicio de Archivo fotogr\u00e1fico.<\/li>\n \t<li>Servicio de Reprograf\u00eda y Digitalizaci\u00f3n.<\/li>\n \t<li>Servicio de Difusi\u00f3n Selectiva de la Informaci\u00f3n (DSI)<\/li>\n \t<li>Actividades de difusi\u00f3n del patrimonio local.<\/li>\n \t<li>Visitas previa petici\u00f3n.<span lang=\"ca-ES\"><div class=\"clear\"><\/div><div class=\"gdlr-space\" style=\"margin-top: 20px;\"><\/div><\/span><\/li>\n<\/ul>\n<strong>Datos de contacto<\/strong>\n<ul>\n \t<li><strong>Direcci\u00f3n:<\/strong> Calle de Avall, 39\n03730, X\u00e0bia\nAlicante<\/li>\n \t<li><strong>Tel\u00e9fono:<\/strong> 966508827<\/li>\n \t<li><strong>Correo electr\u00f3nico<\/strong><strong>: <\/strong><a href=\"mailto:arxiu@ajxabia.org\">arxiu@ajxabia.org<\/a><span lang=\"ca-ES\"><div class=\"clear\"><\/div><div class=\"gdlr-space\" style=\"margin-top: 20px;\"><\/div><\/span><\/li>\n<\/ul>\n<img loading=\"lazy\" decoding=\"async\" class=\"aligncenter size-full wp-image-6656\" src=\"http:\/\/arxiversvalencians.org\/wp-content\/uploads\/2020\/05\/entrada-archivo-municipal-javea-770x486.jpg\" alt=\"\" width=\"770\" height=\"486\" srcset=\"https:\/\/arxiversvalencians.org\/wp-content\/uploads\/2020\/05\/entrada-archivo-municipal-javea-770x486.jpg 770w, https:\/\/arxiversvalencians.org\/wp-content\/uploads\/2020\/05\/entrada-archivo-municipal-javea-770x486-300x189.jpg 300w\" sizes=\"(max-width: 770px) 100vw, 770px\" \/>","protected":false},"excerpt":{"rendered":"Denominaci\u00f3n: Archivo Municipal de X\u00e0bia. Breve descripci\u00f3n: Las guerras y saqueos sufridos en la Villa desde el siglo XVIII hasta las revueltas de 1936, son la causa de que al Archivo de X\u00e0bia le falte buena\u00a0 parte de la documentaci\u00f3n. El peor episodio lo sufri\u00f3 el 16 de agosto de 1936.. Fechas extremas: Exceptuando algunos [&hellip;]","protected":false},"author":125,"featured_media":6656,"comment_status":"closed","ping_status":"closed","sticky":false,"template":"","format":"standard","meta":{"jetpack_post_was_ever_published":false,"_jetpack_newsletter_access":"","_jetpack_dont_email_post_to_subs":false,"_jetpack_newsletter_tier_id":0,"_jetpack_memberships_contains_paywalled_content":false,"_jetpack_memberships_contains_paid_content":false,"footnotes":"","jetpack_publicize_message":"","jetpack_publicize_feature_enabled":true,"jetpack_social_post_already_shared":true,"jetpack_social_options":{"image_generator_settings":{"template":"highway","enabled":false}}},"categories":[3],"tags":[82,83,84],"jetpack_publicize_connections":[],"yoast_head":"<!-- This site is optimized with the Yoast SEO plugin v22.7 - https:\/\/yoast.com\/wordpress\/plugins\/seo\/ -->\n<title>Archivo Municipal de X\u00e0bia #NuestrosArchivos - arxiversvalencians.org<\/title>\n<meta name=\"robots\" content=\"index, follow, max-snippet:-1, max-image-preview:large, max-video-preview:-1\" \/>\n<link rel=\"canonical\" href=\"https:\/\/arxiversvalencians.org\/es\/archivo-municipal-monforte-del-cid-nuestrosarchivos-2\/\" \/>\n<meta property=\"og:locale\" content=\"es_ES\" \/>\n<meta property=\"og:type\" content=\"article\" \/>\n<meta property=\"og:title\" content=\"Archivo Municipal de X\u00e0bia #NuestrosArchivos - arxiversvalencians.org\" \/>\n<meta property=\"og:description\" content=\"Denominaci\u00f3n: Archivo Municipal de X\u00e0bia. Breve descripci\u00f3n: Las guerras y saqueos sufridos en la Villa desde el siglo XVIII hasta las revueltas de 1936, son la causa de que al Archivo de X\u00e0bia le falte buena\u00a0 parte de la documentaci\u00f3n. El peor episodio lo sufri\u00f3 el 16 de agosto de 1936.. Fechas extremas: Exceptuando algunos [&hellip;]\" \/>\n<meta property=\"og:url\" content=\"https:\/\/arxiversvalencians.org\/es\/archivo-municipal-monforte-del-cid-nuestrosarchivos-2\/\" \/>\n<meta property=\"og:site_name\" content=\"arxiversvalencians.org\" \/>\n<meta property=\"article:published_time\" content=\"2020-06-04T15:32:24+00:00\" \/>\n<meta property=\"article:modified_time\" content=\"2020-06-04T15:56:02+00:00\" \/>\n<meta property=\"og:image\" content=\"https:\/\/arxiversvalencians.org\/wp-content\/uploads\/2020\/05\/entrada-archivo-municipal-javea-770x486.jpg\" \/>\n\t<meta property=\"og:image:width\" content=\"770\" \/>\n\t<meta property=\"og:image:height\" content=\"486\" \/>\n\t<meta property=\"og:image:type\" content=\"image\/jpeg\" \/>\n<meta name=\"author\" content=\"VDifusio\" \/>\n<meta name=\"twitter:card\" content=\"summary_large_image\" \/>\n<meta name=\"twitter:label1\" content=\"Escrito por\" \/>\n\t<meta name=\"twitter:data1\" content=\"VDifusio\" \/>\n\t<meta name=\"twitter:label2\" content=\"Tiempo de lectura\" \/>\n\t<meta name=\"twitter:data2\" content=\"3 minutos\" \/>\n<script type=\"application\/ld+json\" class=\"yoast-schema-graph\">{\"@context\":\"https:\/\/schema.org\",\"@graph\":[{\"@type\":\"WebPage\",\"@id\":\"https:\/\/arxiversvalencians.org\/es\/archivo-municipal-monforte-del-cid-nuestrosarchivos-2\/\",\"url\":\"https:\/\/arxiversvalencians.org\/es\/archivo-municipal-monforte-del-cid-nuestrosarchivos-2\/\",\"name\":\"Archivo Municipal de X\u00e0bia #NuestrosArchivos - arxiversvalencians.org\",\"isPartOf\":{\"@id\":\"https:\/\/arxiversvalencians.org\/#website\"},\"primaryImageOfPage\":{\"@id\":\"https:\/\/arxiversvalencians.org\/es\/archivo-municipal-monforte-del-cid-nuestrosarchivos-2\/#primaryimage\"},\"image\":{\"@id\":\"https:\/\/arxiversvalencians.org\/es\/archivo-municipal-monforte-del-cid-nuestrosarchivos-2\/#primaryimage\"},\"thumbnailUrl\":\"https:\/\/arxiversvalencians.org\/wp-content\/uploads\/2020\/05\/entrada-archivo-municipal-javea-770x486.jpg\",\"datePublished\":\"2020-06-04T15:32:24+00:00\",\"dateModified\":\"2020-06-04T15:56:02+00:00\",\"author\":{\"@id\":\"https:\/\/arxiversvalencians.org\/#\/schema\/person\/8ae0b510f698f2cf88fcf870b754f787\"},\"breadcrumb\":{\"@id\":\"https:\/\/arxiversvalencians.org\/es\/archivo-municipal-monforte-del-cid-nuestrosarchivos-2\/#breadcrumb\"},\"inLanguage\":\"es\",\"potentialAction\":[{\"@type\":\"ReadAction\",\"target\":[\"https:\/\/arxiversvalencians.org\/es\/archivo-municipal-monforte-del-cid-nuestrosarchivos-2\/\"]}]},{\"@type\":\"ImageObject\",\"inLanguage\":\"es\",\"@id\":\"https:\/\/arxiversvalencians.org\/es\/archivo-municipal-monforte-del-cid-nuestrosarchivos-2\/#primaryimage\",\"url\":\"https:\/\/arxiversvalencians.org\/wp-content\/uploads\/2020\/05\/entrada-archivo-municipal-javea-770x486.jpg\",\"contentUrl\":\"https:\/\/arxiversvalencians.org\/wp-content\/uploads\/2020\/05\/entrada-archivo-municipal-javea-770x486.jpg\",\"width\":770,\"height\":486},{\"@type\":\"BreadcrumbList\",\"@id\":\"https:\/\/arxiversvalencians.org\/es\/archivo-municipal-monforte-del-cid-nuestrosarchivos-2\/#breadcrumb\",\"itemListElement\":[{\"@type\":\"ListItem\",\"position\":1,\"name\":\"Portada\",\"item\":\"https:\/\/arxiversvalencians.org\/es\/\"},{\"@type\":\"ListItem\",\"position\":2,\"name\":\"Archivo Municipal de X\u00e0bia #NuestrosArchivos\"}]},{\"@type\":\"WebSite\",\"@id\":\"https:\/\/arxiversvalencians.org\/#website\",\"url\":\"https:\/\/arxiversvalencians.org\/\",\"name\":\"arxiversvalencians.org\",\"description\":\"arxiversvalencians.org\",\"potentialAction\":[{\"@type\":\"SearchAction\",\"target\":{\"@type\":\"EntryPoint\",\"urlTemplate\":\"https:\/\/arxiversvalencians.org\/?s={search_term_string}\"},\"query-input\":\"required name=search_term_string\"}],\"inLanguage\":\"es\"},{\"@type\":\"Person\",\"@id\":\"https:\/\/arxiversvalencians.org\/#\/schema\/person\/8ae0b510f698f2cf88fcf870b754f787\",\"name\":\"VDifusio\",\"image\":{\"@type\":\"ImageObject\",\"inLanguage\":\"es\",\"@id\":\"https:\/\/arxiversvalencians.org\/#\/schema\/person\/image\/\",\"url\":\"https:\/\/secure.gravatar.com\/avatar\/28cfcd89ff7a51dbe91eb199dcdd222c?s=96&d=mm&r=g\",\"contentUrl\":\"https:\/\/secure.gravatar.com\/avatar\/28cfcd89ff7a51dbe91eb199dcdd222c?s=96&d=mm&r=g\",\"caption\":\"VDifusio\"},\"url\":\"https:\/\/arxiversvalencians.org\/es\/author\/vdifusio\/\"}]}<\/script>\n<!-- \/ Yoast SEO plugin. -->","yoast_head_json":{"title":"Archivo Municipal de X\u00e0bia #NuestrosArchivos - arxiversvalencians.org","robots":{"index":"index","follow":"follow","max-snippet":"max-snippet:-1","max-image-preview":"max-image-preview:large","max-video-preview":"max-video-preview:-1"},"canonical":"https:\/\/arxiversvalencians.org\/es\/archivo-municipal-monforte-del-cid-nuestrosarchivos-2\/","og_locale":"es_ES","og_type":"article","og_title":"Archivo Municipal de X\u00e0bia #NuestrosArchivos - arxiversvalencians.org","og_description":"Denominaci\u00f3n: Archivo Municipal de X\u00e0bia. Breve descripci\u00f3n: Las guerras y saqueos sufridos en la Villa desde el siglo XVIII hasta las revueltas de 1936, son la causa de que al Archivo de X\u00e0bia le falte buena\u00a0 parte de la documentaci\u00f3n. El peor episodio lo sufri\u00f3 el 16 de agosto de 1936.. Fechas extremas: Exceptuando algunos [&hellip;]","og_url":"https:\/\/arxiversvalencians.org\/es\/archivo-municipal-monforte-del-cid-nuestrosarchivos-2\/","og_site_name":"arxiversvalencians.org","article_published_time":"2020-06-04T15:32:24+00:00","article_modified_time":"2020-06-04T15:56:02+00:00","og_image":[{"width":770,"height":486,"url":"https:\/\/arxiversvalencians.org\/wp-content\/uploads\/2020\/05\/entrada-archivo-municipal-javea-770x486.jpg","type":"image\/jpeg"}],"author":"VDifusio","twitter_card":"summary_large_image","twitter_misc":{"Escrito por":"VDifusio","Tiempo de lectura":"3 minutos"},"schema":{"@context":"https:\/\/schema.org","@graph":[{"@type":"WebPage","@id":"https:\/\/arxiversvalencians.org\/es\/archivo-municipal-monforte-del-cid-nuestrosarchivos-2\/","url":"https:\/\/arxiversvalencians.org\/es\/archivo-municipal-monforte-del-cid-nuestrosarchivos-2\/","name":"Archivo Municipal de X\u00e0bia #NuestrosArchivos - arxiversvalencians.org","isPartOf":{"@id":"https:\/\/arxiversvalencians.org\/#website"},"primaryImageOfPage":{"@id":"https:\/\/arxiversvalencians.org\/es\/archivo-municipal-monforte-del-cid-nuestrosarchivos-2\/#primaryimage"},"image":{"@id":"https:\/\/arxiversvalencians.org\/es\/archivo-municipal-monforte-del-cid-nuestrosarchivos-2\/#primaryimage"},"thumbnailUrl":"https:\/\/arxiversvalencians.org\/wp-content\/uploads\/2020\/05\/entrada-archivo-municipal-javea-770x486.jpg","datePublished":"2020-06-04T15:32:24+00:00","dateModified":"2020-06-04T15:56:02+00:00","author":{"@id":"https:\/\/arxiversvalencians.org\/#\/schema\/person\/8ae0b510f698f2cf88fcf870b754f787"},"breadcrumb":{"@id":"https:\/\/arxiversvalencians.org\/es\/archivo-municipal-monforte-del-cid-nuestrosarchivos-2\/#breadcrumb"},"inLanguage":"es","potentialAction":[{"@type":"ReadAction","target":["https:\/\/arxiversvalencians.org\/es\/archivo-municipal-monforte-del-cid-nuestrosarchivos-2\/"]}]},{"@type":"ImageObject","inLanguage":"es","@id":"https:\/\/arxiversvalencians.org\/es\/archivo-municipal-monforte-del-cid-nuestrosarchivos-2\/#primaryimage","url":"https:\/\/arxiversvalencians.org\/wp-content\/uploads\/2020\/05\/entrada-archivo-municipal-javea-770x486.jpg","contentUrl":"https:\/\/arxiversvalencians.org\/wp-content\/uploads\/2020\/05\/entrada-archivo-municipal-javea-770x486.jpg","width":770,"height":486},{"@type":"BreadcrumbList","@id":"https:\/\/arxiversvalencians.org\/es\/archivo-municipal-monforte-del-cid-nuestrosarchivos-2\/#breadcrumb","itemListElement":[{"@type":"ListItem","position":1,"name":"Portada","item":"https:\/\/arxiversvalencians.org\/es\/"},{"@type":"ListItem","position":2,"name":"Archivo Municipal de X\u00e0bia #NuestrosArchivos"}]},{"@type":"WebSite","@id":"https:\/\/arxiversvalencians.org\/#website","url":"https:\/\/arxiversvalencians.org\/","name":"arxiversvalencians.org","description":"arxiversvalencians.org","potentialAction":[{"@type":"SearchAction","target":{"@type":"EntryPoint","urlTemplate":"https:\/\/arxiversvalencians.org\/?s={search_term_string}"},"query-input":"required name=search_term_string"}],"inLanguage":"es"},{"@type":"Person","@id":"https:\/\/arxiversvalencians.org\/#\/schema\/person\/8ae0b510f698f2cf88fcf870b754f787","name":"VDifusio","image":{"@type":"ImageObject","inLanguage":"es","@id":"https:\/\/arxiversvalencians.org\/#\/schema\/person\/image\/","url":"https:\/\/secure.gravatar.com\/avatar\/28cfcd89ff7a51dbe91eb199dcdd222c?s=96&d=mm&r=g","contentUrl":"https:\/\/secure.gravatar.com\/avatar\/28cfcd89ff7a51dbe91eb199dcdd222c?s=96&d=mm&r=g","caption":"VDifusio"},"url":"https:\/\/arxiversvalencians.org\/es\/author\/vdifusio\/"}]}},"jetpack_featured_media_url":"https:\/\/arxiversvalencians.org\/wp-content\/uploads\/2020\/05\/entrada-archivo-municipal-javea-770x486.jpg","jetpack_sharing_enabled":true,"jetpack_shortlink":"https:\/\/wp.me\/p7fqQj-1Jk","_links":{"self":[{"href":"https:\/\/arxiversvalencians.org\/es\/wp-json\/wp\/v2\/posts\/6654"}],"collection":[{"href":"https:\/\/arxiversvalencians.org\/es\/wp-json\/wp\/v2\/posts"}],"about":[{"href":"https:\/\/arxiversvalencians.org\/es\/wp-json\/wp\/v2\/types\/post"}],"author":[{"embeddable":true,"href":"https:\/\/arxiversvalencians.org\/es\/wp-json\/wp\/v2\/users\/125"}],"replies":[{"embeddable":true,"href":"https:\/\/arxiversvalencians.org\/es\/wp-json\/wp\/v2\/comments?post=6654"}],"version-history":[{"count":10,"href":"https:\/\/arxiversvalencians.org\/es\/wp-json\/wp\/v2\/posts\/6654\/revisions"}],"predecessor-version":[{"id":6987,"href":"https:\/\/arxiversvalencians.org\/es\/wp-json\/wp\/v2\/posts\/6654\/revisions\/6987"}],"wp:featuredmedia":[{"embeddable":true,"href":"https:\/\/arxiversvalencians.org\/es\/wp-json\/wp\/v2\/media\/6656"}],"wp:attachment":[{"href":"https:\/\/arxiversvalencians.org\/es\/wp-json\/wp\/v2\/media?parent=6654"}],"wp:term":[{"taxonomy":"category","embeddable":true,"href":"https:\/\/arxiversvalencians.org\/es\/wp-json\/wp\/v2\/categories?post=6654"},{"taxonomy":"post_tag","embeddable":true,"href":"https:\/\/arxiversvalencians.org\/es\/wp-json\/wp\/v2\/tags?post=6654"}],"curies":[{"name":"wp","href":"https:\/\/api.w.org\/{rel}","templated":true}]}}