{"id":6630,"date":"2020-06-04T13:23:32","date_gmt":"2020-06-04T12:23:32","guid":{"rendered":"http:\/\/arxiversvalencians.org\/?p=6630"},"modified":"2020-06-04T16:50:49","modified_gmt":"2020-06-04T15:50:49","slug":"archivo-municipal-monforte-del-cid-nuestrosarchivos","status":"publish","type":"post","link":"https:\/\/arxiversvalencians.org\/es\/archivo-municipal-monforte-del-cid-nuestrosarchivos\/","title":{"rendered":"Archivo Municipal de Monforte del Cid #NuestrosArchivos"},"content":{"rendered":"<img loading=\"lazy\" decoding=\"async\" class=\"wp-image-6234 aligncenter\" src=\"http:\/\/arxiversvalencians.org\/wp-content\/uploads\/2020\/05\/banner-els_nostres_arxius_2020-val-1024x536.jpg\" alt=\"\" width=\"382\" height=\"200\" srcset=\"https:\/\/arxiversvalencians.org\/wp-content\/uploads\/2020\/05\/banner-els_nostres_arxius_2020-val-1024x536.jpg 1024w, https:\/\/arxiversvalencians.org\/wp-content\/uploads\/2020\/05\/banner-els_nostres_arxius_2020-val-300x157.jpg 300w\" sizes=\"(max-width: 382px) 100vw, 382px\" \/>\n<p style=\"text-align: justify;\"><strong>Denominaci\u00f3n: <\/strong>Archivo Municipal de Monforte del Cid.<span lang=\"ca-ES\"><div class=\"clear\"><\/div><div class=\"gdlr-space\" style=\"margin-top: 20px;\"><\/div><\/span><\/p>\n<p style=\"text-align: justify;\"><strong>Breve descripci\u00f3n: <\/strong>Las primeras referencias a la existencia de un archivo las encontramos en las actas de los Cabildos de finales del siglo XVIII y principios del XIX. No sabemos su ubicaci\u00f3n en aquella \u00e9poca, pero probablemente siempre haya estado en la Casa Consistorial, donde hoy se encuentra el Archivo de Gesti\u00f3n. De todos modos, podr\u00edamos remontar el origen del Archivo a la creaci\u00f3n del <em>Consell de Monfort<\/em>, hacia el s. XV, \u00e9poca de la que datan los primeros documentos custodiados en el Archivo Hist\u00f3rico. El primer inventario realizado en papel y del que disponemos del original es del a\u00f1o 1930; el \u00faltimo elaborado en papel y en fichas de cartulina, y que posteriormente fue informatizado es de 1991. Hoy en d\u00eda contamos con un inventario totalmente informatizado y puesto al d\u00eda de manera permanente, as\u00ed como bases de datos de las serie m\u00e1s voluminosas y consultadas (obras mayores y menores, contrataci\u00f3n, actas de Pleno, Comisi\u00f3n de Gobierno\/Junta de Gobierno Local, etc.).<span lang=\"ca-ES\"><div class=\"clear\"><\/div><div class=\"gdlr-space\" style=\"margin-top: 20px;\"><\/div><\/span><\/p>\n<p style=\"text-align: justify;\">En la actualidad el ayuntamiento est\u00e1 inmerso en la e-Administraci\u00f3n y trabaja con una plataforma de gesti\u00f3n automatizada de expedientes de la que el usuario configurador es la t\u00e9cnico de archivo. Dadas las caracter\u00edsticas del sistema y ante la necesidad de establecer un archivo electr\u00f3nico \u00fanico, en estos momentos nos encontramos desarrollando un nuevo cuadro de clasificaci\u00f3n (funcional) e implementando una pol\u00edtica de gesti\u00f3n de documentos.<span lang=\"ca-ES\"><div class=\"clear\"><\/div><div class=\"gdlr-space\" style=\"margin-top: 20px;\"><\/div><\/span><\/p>\n<img loading=\"lazy\" decoding=\"async\" class=\"aligncenter size-full wp-image-6635\" src=\"http:\/\/arxiversvalencians.org\/wp-content\/uploads\/2020\/05\/expo-en-sala-de-investigadores-jornada-de-puertas-abiertas-3.jpg\" alt=\"\" width=\"4000\" height=\"3000\" srcset=\"https:\/\/arxiversvalencians.org\/wp-content\/uploads\/2020\/05\/expo-en-sala-de-investigadores-jornada-de-puertas-abiertas-3.jpg 4000w, https:\/\/arxiversvalencians.org\/wp-content\/uploads\/2020\/05\/expo-en-sala-de-investigadores-jornada-de-puertas-abiertas-3-300x225.jpg 300w, https:\/\/arxiversvalencians.org\/wp-content\/uploads\/2020\/05\/expo-en-sala-de-investigadores-jornada-de-puertas-abiertas-3-1024x768.jpg 1024w, https:\/\/arxiversvalencians.org\/wp-content\/uploads\/2020\/05\/expo-en-sala-de-investigadores-jornada-de-puertas-abiertas-3-400x300.jpg 400w\" sizes=\"(max-width: 4000px) 100vw, 4000px\" \/>\n<p style=\"text-align: justify;\"><strong>Fechas extremas:<\/strong> 1495-actualidad (el archivo est\u00e1 presente en todo el ciclo vital del documento).<span lang=\"ca-ES\"><div class=\"clear\"><\/div><div class=\"gdlr-space\" style=\"margin-top: 20px;\"><\/div><\/span><\/p>\n<p style=\"text-align: justify;\"><strong>Fondos documentales:<\/strong> Archivo Municipal de Monforte del Cid; Hermandad Sindical de Labradores y Ganaderos; C\u00e1mara Agraria; Falange; Protocolos Notariales; Fondos personales: Cine IBAMIR; Jos\u00e9 Pascual Agull\u00f3 Salas (digital); Fernando Mart\u00ednez Beltr\u00e1n.<span lang=\"ca-ES\"><div class=\"clear\"><\/div><div class=\"gdlr-space\" style=\"margin-top: 20px;\"><\/div><\/span><\/p>\n<p style=\"text-align: justify;\"><strong>Documentos m\u00e1s destacados:&nbsp;<\/strong>Real Privilegio de Insaculaci\u00f3n (1564); Manuscrito de las Fiestas de Moros y Cristianos de 1890; Soldadesca de 1770; Correspondencia real (s. XVIII); carta de Ram\u00f3n y Cajal (1922); serie documental de los Consells; Reforma del Azud s. XVIII-XIX; etc.<span lang=\"ca-ES\"><div class=\"clear\"><\/div><div class=\"gdlr-space\" style=\"margin-top: 20px;\"><\/div><\/span><\/p>\n<img loading=\"lazy\" decoding=\"async\" class=\"aligncenter wp-image-6647 size-medium\" src=\"http:\/\/arxiversvalencians.org\/wp-content\/uploads\/2020\/05\/deposito-300x225.jpg\" alt=\"\" width=\"300\" height=\"225\" srcset=\"https:\/\/arxiversvalencians.org\/wp-content\/uploads\/2020\/05\/deposito-300x225.jpg 300w, https:\/\/arxiversvalencians.org\/wp-content\/uploads\/2020\/05\/deposito-1024x768.jpg 1024w, https:\/\/arxiversvalencians.org\/wp-content\/uploads\/2020\/05\/deposito-400x300.jpg 400w, https:\/\/arxiversvalencians.org\/wp-content\/uploads\/2020\/05\/deposito.jpg 1600w\" sizes=\"(max-width: 300px) 100vw, 300px\" \/>\n<p style=\"text-align: justify;\"><strong>Personal:<\/strong> Una archivera (aunque no trabaja de manera exclusiva para el archivo).<span lang=\"ca-ES\"><div class=\"clear\"><\/div><div class=\"gdlr-space\" style=\"margin-top: 20px;\"><\/div><\/span><\/p>\n<p style=\"text-align: justify;\"><strong>P\u00e1gina web: <\/strong><a href=\"http:\/\/www.monfortedelcid.es\/areas-municipales\/cultura\/archivo\/\">http:\/\/www.monfortedelcid.es\/areas-municipales\/cultura\/archivo\/<\/a> (actualiz\u00e1ndose)<span lang=\"ca-ES\"><div class=\"clear\"><\/div><div class=\"gdlr-space\" style=\"margin-top: 20px;\"><\/div><\/span><\/p>\n<p style=\"text-align: justify;\"><strong>Redes sociales: <\/strong>El personal del archivo comparte con otros departamentos la administraci\u00f3n de las redes sociales institucionales del Ayuntamiento de Monforte de Cid (<a href=\"https:\/\/www.facebook.com\/monfortedelcid\/\">Facebook<\/a> e <a href=\"https:\/\/www.instagram.com\/MonfortedelCid\/\">Instagram<\/a>), as\u00ed como el mantenimiento de la web municipal.<span lang=\"ca-ES\"><div class=\"clear\"><\/div><div class=\"gdlr-space\" style=\"margin-top: 20px;\"><\/div><\/span><\/p>\n<img loading=\"lazy\" decoding=\"async\" class=\"aligncenter wp-image-6643 size-medium\" src=\"http:\/\/arxiversvalencians.org\/wp-content\/uploads\/2020\/05\/cartel-pieza-del-mes-212x300.jpg\" alt=\"\" width=\"212\" height=\"300\" srcset=\"https:\/\/arxiversvalencians.org\/wp-content\/uploads\/2020\/05\/cartel-pieza-del-mes-212x300.jpg 212w, https:\/\/arxiversvalencians.org\/wp-content\/uploads\/2020\/05\/cartel-pieza-del-mes-724x1024.jpg 724w, https:\/\/arxiversvalencians.org\/wp-content\/uploads\/2020\/05\/cartel-pieza-del-mes.jpg 1000w\" sizes=\"(max-width: 212px) 100vw, 212px\" \/>\n<p style=\"text-align: justify;\"><strong>Servicios y actividades:<\/strong> Consulta en sala con cita previa, exposiciones, documentales, visitas guiadas al archivo, Jornadas de puertas abiertas, Pieza del Mes en el Museo \u00cdBERO, P\u00edldoras para el confinamiento, Banco de recuerdos \u00abMonforte se queda en Casa\u00bb etc.<span lang=\"ca-ES\"><div class=\"clear\"><\/div><div class=\"gdlr-space\" style=\"margin-top: 20px;\"><\/div><\/span><\/p>\n<img loading=\"lazy\" decoding=\"async\" class=\"aligncenter size-full wp-image-6639\" src=\"http:\/\/arxiversvalencians.org\/wp-content\/uploads\/2020\/05\/pared-sala-investigadores.jpg\" alt=\"\" width=\"4128\" height=\"2322\" srcset=\"https:\/\/arxiversvalencians.org\/wp-content\/uploads\/2020\/05\/pared-sala-investigadores.jpg 4128w, https:\/\/arxiversvalencians.org\/wp-content\/uploads\/2020\/05\/pared-sala-investigadores-300x169.jpg 300w, https:\/\/arxiversvalencians.org\/wp-content\/uploads\/2020\/05\/pared-sala-investigadores-1024x576.jpg 1024w\" sizes=\"(max-width: 4128px) 100vw, 4128px\" \/>\n\n<strong>Datos de contacto<\/strong>\n<ul>\n \t<li><strong>Direcci\u00f3n:<\/strong> Plza. De Espa\u00f1a, 1<\/li>\n \t<li><strong>Tel\u00e9fono:<\/strong> 965620025<\/li>\n \t<li><strong>Correo electr\u00f3nico:<\/strong> <a href=\"mailto:archivomunicipal@monfortedelcid.es\">archivomunicipal@monfortedelcid.es<\/a><span lang=\"ca-ES\"><div class=\"clear\"><\/div><div class=\"gdlr-space\" style=\"margin-top: 20px;\"><\/div><\/span><\/li>\n<\/ul>\n<img loading=\"lazy\" decoding=\"async\" class=\"aligncenter size-full wp-image-6633\" src=\"http:\/\/arxiversvalencians.org\/wp-content\/uploads\/2020\/05\/expo-en-sala-de-investigadores-jornada-de-puertas-abiertas-2.jpg\" alt=\"\" width=\"3000\" height=\"4000\" srcset=\"https:\/\/arxiversvalencians.org\/wp-content\/uploads\/2020\/05\/expo-en-sala-de-investigadores-jornada-de-puertas-abiertas-2.jpg 3000w, https:\/\/arxiversvalencians.org\/wp-content\/uploads\/2020\/05\/expo-en-sala-de-investigadores-jornada-de-puertas-abiertas-2-225x300.jpg 225w, https:\/\/arxiversvalencians.org\/wp-content\/uploads\/2020\/05\/expo-en-sala-de-investigadores-jornada-de-puertas-abiertas-2-768x1024.jpg 768w\" sizes=\"(max-width: 3000px) 100vw, 3000px\" \/>\n\n<img loading=\"lazy\" decoding=\"async\" class=\"size-full wp-image-6641\" src=\"http:\/\/arxiversvalencians.org\/wp-content\/uploads\/2020\/05\/1-1.jpg\" alt=\"\" width=\"2448\" height=\"3264\" srcset=\"https:\/\/arxiversvalencians.org\/wp-content\/uploads\/2020\/05\/1-1.jpg 2448w, https:\/\/arxiversvalencians.org\/wp-content\/uploads\/2020\/05\/1-1-225x300.jpg 225w, https:\/\/arxiversvalencians.org\/wp-content\/uploads\/2020\/05\/1-1-768x1024.jpg 768w\" sizes=\"(max-width: 2448px) 100vw, 2448px\" \/>","protected":false},"excerpt":{"rendered":"Denominaci\u00f3n: Archivo Municipal de Monforte del Cid. Breve descripci\u00f3n: Las primeras referencias a la existencia de un archivo las encontramos en las actas de los Cabildos de finales del siglo XVIII y principios del XIX. No sabemos su ubicaci\u00f3n en aquella \u00e9poca, pero probablemente siempre haya estado en la Casa Consistorial, donde hoy se encuentra [&hellip;]","protected":false},"author":125,"featured_media":6637,"comment_status":"closed","ping_status":"closed","sticky":false,"template":"","format":"standard","meta":{"jetpack_post_was_ever_published":false,"_jetpack_newsletter_access":"","_jetpack_dont_email_post_to_subs":false,"_jetpack_newsletter_tier_id":0,"_jetpack_memberships_contains_paywalled_content":false,"_jetpack_memberships_contains_paid_content":false,"footnotes":"","jetpack_publicize_message":"","jetpack_publicize_feature_enabled":true,"jetpack_social_post_already_shared":true,"jetpack_social_options":{"image_generator_settings":{"template":"highway","enabled":false}}},"categories":[3],"tags":[82,83,84],"jetpack_publicize_connections":[],"yoast_head":"<!-- This site is optimized with the Yoast SEO plugin v22.7 - https:\/\/yoast.com\/wordpress\/plugins\/seo\/ -->\n<title>Archivo Municipal de Monforte del Cid #NuestrosArchivos - arxiversvalencians.org<\/title>\n<meta name=\"robots\" content=\"index, follow, max-snippet:-1, max-image-preview:large, max-video-preview:-1\" \/>\n<link rel=\"canonical\" href=\"https:\/\/arxiversvalencians.org\/es\/archivo-municipal-monforte-del-cid-nuestrosarchivos\/\" \/>\n<meta property=\"og:locale\" content=\"es_ES\" \/>\n<meta property=\"og:type\" content=\"article\" \/>\n<meta property=\"og:title\" content=\"Archivo Municipal de Monforte del Cid #NuestrosArchivos - arxiversvalencians.org\" \/>\n<meta property=\"og:description\" content=\"Denominaci\u00f3n: Archivo Municipal de Monforte del Cid. Breve descripci\u00f3n: Las primeras referencias a la existencia de un archivo las encontramos en las actas de los Cabildos de finales del siglo XVIII y principios del XIX. No sabemos su ubicaci\u00f3n en aquella \u00e9poca, pero probablemente siempre haya estado en la Casa Consistorial, donde hoy se encuentra [&hellip;]\" \/>\n<meta property=\"og:url\" content=\"https:\/\/arxiversvalencians.org\/es\/archivo-municipal-monforte-del-cid-nuestrosarchivos\/\" \/>\n<meta property=\"og:site_name\" content=\"arxiversvalencians.org\" \/>\n<meta property=\"article:published_time\" content=\"2020-06-04T12:23:32+00:00\" \/>\n<meta property=\"article:modified_time\" content=\"2020-06-04T15:50:49+00:00\" \/>\n<meta property=\"og:image\" content=\"https:\/\/arxiversvalencians.org\/wp-content\/uploads\/2020\/05\/expo-en-sala-investigadores-jornada-de-puertas-abiertas-1-1024x768.jpg\" \/>\n\t<meta property=\"og:image:width\" content=\"1024\" \/>\n\t<meta property=\"og:image:height\" content=\"768\" \/>\n\t<meta property=\"og:image:type\" content=\"image\/jpeg\" \/>\n<meta name=\"author\" content=\"VDifusio\" \/>\n<meta name=\"twitter:card\" content=\"summary_large_image\" \/>\n<meta name=\"twitter:label1\" content=\"Escrito por\" \/>\n\t<meta name=\"twitter:data1\" content=\"VDifusio\" \/>\n\t<meta name=\"twitter:label2\" content=\"Tiempo de lectura\" \/>\n\t<meta name=\"twitter:data2\" content=\"3 minutos\" \/>\n<script type=\"application\/ld+json\" class=\"yoast-schema-graph\">{\"@context\":\"https:\/\/schema.org\",\"@graph\":[{\"@type\":\"WebPage\",\"@id\":\"https:\/\/arxiversvalencians.org\/es\/archivo-municipal-monforte-del-cid-nuestrosarchivos\/\",\"url\":\"https:\/\/arxiversvalencians.org\/es\/archivo-municipal-monforte-del-cid-nuestrosarchivos\/\",\"name\":\"Archivo Municipal de Monforte del Cid #NuestrosArchivos - arxiversvalencians.org\",\"isPartOf\":{\"@id\":\"https:\/\/arxiversvalencians.org\/#website\"},\"primaryImageOfPage\":{\"@id\":\"https:\/\/arxiversvalencians.org\/es\/archivo-municipal-monforte-del-cid-nuestrosarchivos\/#primaryimage\"},\"image\":{\"@id\":\"https:\/\/arxiversvalencians.org\/es\/archivo-municipal-monforte-del-cid-nuestrosarchivos\/#primaryimage\"},\"thumbnailUrl\":\"https:\/\/arxiversvalencians.org\/wp-content\/uploads\/2020\/05\/expo-en-sala-investigadores-jornada-de-puertas-abiertas-1.jpg\",\"datePublished\":\"2020-06-04T12:23:32+00:00\",\"dateModified\":\"2020-06-04T15:50:49+00:00\",\"author\":{\"@id\":\"https:\/\/arxiversvalencians.org\/#\/schema\/person\/8ae0b510f698f2cf88fcf870b754f787\"},\"breadcrumb\":{\"@id\":\"https:\/\/arxiversvalencians.org\/es\/archivo-municipal-monforte-del-cid-nuestrosarchivos\/#breadcrumb\"},\"inLanguage\":\"es\",\"potentialAction\":[{\"@type\":\"ReadAction\",\"target\":[\"https:\/\/arxiversvalencians.org\/es\/archivo-municipal-monforte-del-cid-nuestrosarchivos\/\"]}]},{\"@type\":\"ImageObject\",\"inLanguage\":\"es\",\"@id\":\"https:\/\/arxiversvalencians.org\/es\/archivo-municipal-monforte-del-cid-nuestrosarchivos\/#primaryimage\",\"url\":\"https:\/\/arxiversvalencians.org\/wp-content\/uploads\/2020\/05\/expo-en-sala-investigadores-jornada-de-puertas-abiertas-1.jpg\",\"contentUrl\":\"https:\/\/arxiversvalencians.org\/wp-content\/uploads\/2020\/05\/expo-en-sala-investigadores-jornada-de-puertas-abiertas-1.jpg\",\"width\":4000,\"height\":3000},{\"@type\":\"BreadcrumbList\",\"@id\":\"https:\/\/arxiversvalencians.org\/es\/archivo-municipal-monforte-del-cid-nuestrosarchivos\/#breadcrumb\",\"itemListElement\":[{\"@type\":\"ListItem\",\"position\":1,\"name\":\"Portada\",\"item\":\"https:\/\/arxiversvalencians.org\/es\/\"},{\"@type\":\"ListItem\",\"position\":2,\"name\":\"Archivo Municipal de Monforte del Cid #NuestrosArchivos\"}]},{\"@type\":\"WebSite\",\"@id\":\"https:\/\/arxiversvalencians.org\/#website\",\"url\":\"https:\/\/arxiversvalencians.org\/\",\"name\":\"arxiversvalencians.org\",\"description\":\"arxiversvalencians.org\",\"potentialAction\":[{\"@type\":\"SearchAction\",\"target\":{\"@type\":\"EntryPoint\",\"urlTemplate\":\"https:\/\/arxiversvalencians.org\/?s={search_term_string}\"},\"query-input\":\"required name=search_term_string\"}],\"inLanguage\":\"es\"},{\"@type\":\"Person\",\"@id\":\"https:\/\/arxiversvalencians.org\/#\/schema\/person\/8ae0b510f698f2cf88fcf870b754f787\",\"name\":\"VDifusio\",\"image\":{\"@type\":\"ImageObject\",\"inLanguage\":\"es\",\"@id\":\"https:\/\/arxiversvalencians.org\/#\/schema\/person\/image\/\",\"url\":\"https:\/\/secure.gravatar.com\/avatar\/28cfcd89ff7a51dbe91eb199dcdd222c?s=96&d=mm&r=g\",\"contentUrl\":\"https:\/\/secure.gravatar.com\/avatar\/28cfcd89ff7a51dbe91eb199dcdd222c?s=96&d=mm&r=g\",\"caption\":\"VDifusio\"},\"url\":\"https:\/\/arxiversvalencians.org\/es\/author\/vdifusio\/\"}]}<\/script>\n<!-- \/ Yoast SEO plugin. -->","yoast_head_json":{"title":"Archivo Municipal de Monforte del Cid #NuestrosArchivos - arxiversvalencians.org","robots":{"index":"index","follow":"follow","max-snippet":"max-snippet:-1","max-image-preview":"max-image-preview:large","max-video-preview":"max-video-preview:-1"},"canonical":"https:\/\/arxiversvalencians.org\/es\/archivo-municipal-monforte-del-cid-nuestrosarchivos\/","og_locale":"es_ES","og_type":"article","og_title":"Archivo Municipal de Monforte del Cid #NuestrosArchivos - arxiversvalencians.org","og_description":"Denominaci\u00f3n: Archivo Municipal de Monforte del Cid. Breve descripci\u00f3n: Las primeras referencias a la existencia de un archivo las encontramos en las actas de los Cabildos de finales del siglo XVIII y principios del XIX. No sabemos su ubicaci\u00f3n en aquella \u00e9poca, pero probablemente siempre haya estado en la Casa Consistorial, donde hoy se encuentra [&hellip;]","og_url":"https:\/\/arxiversvalencians.org\/es\/archivo-municipal-monforte-del-cid-nuestrosarchivos\/","og_site_name":"arxiversvalencians.org","article_published_time":"2020-06-04T12:23:32+00:00","article_modified_time":"2020-06-04T15:50:49+00:00","og_image":[{"width":1024,"height":768,"url":"https:\/\/arxiversvalencians.org\/wp-content\/uploads\/2020\/05\/expo-en-sala-investigadores-jornada-de-puertas-abiertas-1-1024x768.jpg","type":"image\/jpeg"}],"author":"VDifusio","twitter_card":"summary_large_image","twitter_misc":{"Escrito por":"VDifusio","Tiempo de lectura":"3 minutos"},"schema":{"@context":"https:\/\/schema.org","@graph":[{"@type":"WebPage","@id":"https:\/\/arxiversvalencians.org\/es\/archivo-municipal-monforte-del-cid-nuestrosarchivos\/","url":"https:\/\/arxiversvalencians.org\/es\/archivo-municipal-monforte-del-cid-nuestrosarchivos\/","name":"Archivo Municipal de Monforte del Cid #NuestrosArchivos - arxiversvalencians.org","isPartOf":{"@id":"https:\/\/arxiversvalencians.org\/#website"},"primaryImageOfPage":{"@id":"https:\/\/arxiversvalencians.org\/es\/archivo-municipal-monforte-del-cid-nuestrosarchivos\/#primaryimage"},"image":{"@id":"https:\/\/arxiversvalencians.org\/es\/archivo-municipal-monforte-del-cid-nuestrosarchivos\/#primaryimage"},"thumbnailUrl":"https:\/\/arxiversvalencians.org\/wp-content\/uploads\/2020\/05\/expo-en-sala-investigadores-jornada-de-puertas-abiertas-1.jpg","datePublished":"2020-06-04T12:23:32+00:00","dateModified":"2020-06-04T15:50:49+00:00","author":{"@id":"https:\/\/arxiversvalencians.org\/#\/schema\/person\/8ae0b510f698f2cf88fcf870b754f787"},"breadcrumb":{"@id":"https:\/\/arxiversvalencians.org\/es\/archivo-municipal-monforte-del-cid-nuestrosarchivos\/#breadcrumb"},"inLanguage":"es","potentialAction":[{"@type":"ReadAction","target":["https:\/\/arxiversvalencians.org\/es\/archivo-municipal-monforte-del-cid-nuestrosarchivos\/"]}]},{"@type":"ImageObject","inLanguage":"es","@id":"https:\/\/arxiversvalencians.org\/es\/archivo-municipal-monforte-del-cid-nuestrosarchivos\/#primaryimage","url":"https:\/\/arxiversvalencians.org\/wp-content\/uploads\/2020\/05\/expo-en-sala-investigadores-jornada-de-puertas-abiertas-1.jpg","contentUrl":"https:\/\/arxiversvalencians.org\/wp-content\/uploads\/2020\/05\/expo-en-sala-investigadores-jornada-de-puertas-abiertas-1.jpg","width":4000,"height":3000},{"@type":"BreadcrumbList","@id":"https:\/\/arxiversvalencians.org\/es\/archivo-municipal-monforte-del-cid-nuestrosarchivos\/#breadcrumb","itemListElement":[{"@type":"ListItem","position":1,"name":"Portada","item":"https:\/\/arxiversvalencians.org\/es\/"},{"@type":"ListItem","position":2,"name":"Archivo Municipal de Monforte del Cid #NuestrosArchivos"}]},{"@type":"WebSite","@id":"https:\/\/arxiversvalencians.org\/#website","url":"https:\/\/arxiversvalencians.org\/","name":"arxiversvalencians.org","description":"arxiversvalencians.org","potentialAction":[{"@type":"SearchAction","target":{"@type":"EntryPoint","urlTemplate":"https:\/\/arxiversvalencians.org\/?s={search_term_string}"},"query-input":"required name=search_term_string"}],"inLanguage":"es"},{"@type":"Person","@id":"https:\/\/arxiversvalencians.org\/#\/schema\/person\/8ae0b510f698f2cf88fcf870b754f787","name":"VDifusio","image":{"@type":"ImageObject","inLanguage":"es","@id":"https:\/\/arxiversvalencians.org\/#\/schema\/person\/image\/","url":"https:\/\/secure.gravatar.com\/avatar\/28cfcd89ff7a51dbe91eb199dcdd222c?s=96&d=mm&r=g","contentUrl":"https:\/\/secure.gravatar.com\/avatar\/28cfcd89ff7a51dbe91eb199dcdd222c?s=96&d=mm&r=g","caption":"VDifusio"},"url":"https:\/\/arxiversvalencians.org\/es\/author\/vdifusio\/"}]}},"jetpack_featured_media_url":"https:\/\/arxiversvalencians.org\/wp-content\/uploads\/2020\/05\/expo-en-sala-investigadores-jornada-de-puertas-abiertas-1.jpg","jetpack_sharing_enabled":true,"jetpack_shortlink":"https:\/\/wp.me\/p7fqQj-1IW","_links":{"self":[{"href":"https:\/\/arxiversvalencians.org\/es\/wp-json\/wp\/v2\/posts\/6630"}],"collection":[{"href":"https:\/\/arxiversvalencians.org\/es\/wp-json\/wp\/v2\/posts"}],"about":[{"href":"https:\/\/arxiversvalencians.org\/es\/wp-json\/wp\/v2\/types\/post"}],"author":[{"embeddable":true,"href":"https:\/\/arxiversvalencians.org\/es\/wp-json\/wp\/v2\/users\/125"}],"replies":[{"embeddable":true,"href":"https:\/\/arxiversvalencians.org\/es\/wp-json\/wp\/v2\/comments?post=6630"}],"version-history":[{"count":6,"href":"https:\/\/arxiversvalencians.org\/es\/wp-json\/wp\/v2\/posts\/6630\/revisions"}],"predecessor-version":[{"id":6984,"href":"https:\/\/arxiversvalencians.org\/es\/wp-json\/wp\/v2\/posts\/6630\/revisions\/6984"}],"wp:featuredmedia":[{"embeddable":true,"href":"https:\/\/arxiversvalencians.org\/es\/wp-json\/wp\/v2\/media\/6637"}],"wp:attachment":[{"href":"https:\/\/arxiversvalencians.org\/es\/wp-json\/wp\/v2\/media?parent=6630"}],"wp:term":[{"taxonomy":"category","embeddable":true,"href":"https:\/\/arxiversvalencians.org\/es\/wp-json\/wp\/v2\/categories?post=6630"},{"taxonomy":"post_tag","embeddable":true,"href":"https:\/\/arxiversvalencians.org\/es\/wp-json\/wp\/v2\/tags?post=6630"}],"curies":[{"name":"wp","href":"https:\/\/api.w.org\/{rel}","templated":true}]}}