{"id":6583,"date":"2020-06-03T10:17:04","date_gmt":"2020-06-03T09:17:04","guid":{"rendered":"http:\/\/arxiversvalencians.org\/?p=6583"},"modified":"2020-06-03T19:26:16","modified_gmt":"2020-06-03T18:26:16","slug":"archivo-municipal-xativa-nuestrosarchivos","status":"publish","type":"post","link":"https:\/\/arxiversvalencians.org\/es\/archivo-municipal-xativa-nuestrosarchivos\/","title":{"rendered":"Archivo Municipal de X\u00e0tiva #NuestrosArchivos"},"content":{"rendered":"<img loading=\"lazy\" decoding=\"async\" class=\"wp-image-6234 aligncenter\" src=\"http:\/\/arxiversvalencians.org\/wp-content\/uploads\/2020\/05\/banner-els_nostres_arxius_2020-val-1024x536.jpg\" alt=\"\" width=\"382\" height=\"200\" srcset=\"https:\/\/arxiversvalencians.org\/wp-content\/uploads\/2020\/05\/banner-els_nostres_arxius_2020-val-1024x536.jpg 1024w, https:\/\/arxiversvalencians.org\/wp-content\/uploads\/2020\/05\/banner-els_nostres_arxius_2020-val-300x157.jpg 300w\" sizes=\"(max-width: 382px) 100vw, 382px\" \/>\n\n<strong>Denominaci\u00f3n: <\/strong>Archivo Municipal de X\u00e0tiva.<span lang=\"ca-ES\"><div class=\"clear\"><\/div><div class=\"gdlr-space\" style=\"margin-top: 20px;\"><\/div><\/span>\n<p style=\"text-align: justify;\"><strong>Breve descripci\u00f3n: <\/strong>El Archivo Municipal de X\u00e0tiva se ha formado por la din\u00e1mica natural del ayuntamiento, que rige el municipio desde el s. XIII, cuando estaba gobernado por el Consejo. Sus fondos empiezan en el siglo XIII, aunque el grosor de la documentaci\u00f3n corresponde en el siglo XVIII y en adelante, puesto que el archivo fue quemado durante el incendio de la ciudad en 1707.<span lang=\"ca-ES\"><div class=\"clear\"><\/div><div class=\"gdlr-space\" style=\"margin-top: 20px;\"><\/div><\/span><\/p>\n<p style=\"text-align: justify;\">El siglo XX ha sido para el Archivo Municipal un proceso de signo dispar. Funcionar\u00e1 de forma regular hasta los a\u00f1os 60, cuando se jubila el archivero Carlos Sarthou Carreres y deja de haber una persona encargada del servicio. Hasta los a\u00f1os 80, solo se atendi\u00f3 el archivo de manera espor\u00e1dica. A partir de los 80 se procede a inventariar la documentaci\u00f3n y en 1991 se inaugura su nueva sede en el Convento de los Trinitarios. En 1995 se dota de la plaza de director del archivo, recuper\u00e1ndolo como servicio municipal y con la pretensi\u00f3n de contribuir a la conservaci\u00f3n del patrimonio documental de la comarca y al desarrollo de la historiograf\u00eda local. <span lang=\"ca-ES\"><div class=\"clear\"><\/div><div class=\"gdlr-space\" style=\"margin-top: 20px;\"><\/div><\/span><\/p>\n<strong>Fechas extremas:<\/strong> 1330-2020.<span lang=\"ca-ES\"><div class=\"clear\"><\/div><div class=\"gdlr-space\" style=\"margin-top: 20px;\"><\/div><\/span>\n\n<img loading=\"lazy\" decoding=\"async\" class=\"size-full wp-image-6601\" src=\"http:\/\/arxiversvalencians.org\/wp-content\/uploads\/2020\/05\/llibres-manuscrits-252-proces-justicia-4.jpg\" alt=\"\" width=\"4592\" height=\"3056\" srcset=\"https:\/\/arxiversvalencians.org\/wp-content\/uploads\/2020\/05\/llibres-manuscrits-252-proces-justicia-4.jpg 4592w, https:\/\/arxiversvalencians.org\/wp-content\/uploads\/2020\/05\/llibres-manuscrits-252-proces-justicia-4-300x200.jpg 300w, https:\/\/arxiversvalencians.org\/wp-content\/uploads\/2020\/05\/llibres-manuscrits-252-proces-justicia-4-1024x681.jpg 1024w\" sizes=\"(max-width: 4592px) 100vw, 4592px\" \/>\n<p style=\"text-align: justify;\"><strong>Fondos documentales:<span lang=\"ca-ES\"><div class=\"clear\"><\/div><div class=\"gdlr-space\" style=\"margin-top: 20px;\"><\/div><\/span><\/strong><\/p>\n<p style=\"text-align: justify;\"><strong><em>Fondos Municipales<span lang=\"ca-ES\"><div class=\"clear\"><\/div><div class=\"gdlr-space\" style=\"margin-top: 20px;\"><\/div><\/span><\/em><\/strong><\/p>\n<p style=\"text-align: justify;\">Los fondos documentales de la administraci\u00f3n local tienen un perfil claramente definido, en cuanto a sus tipolog\u00edas. Estas responden a la estructura org\u00e1nico-funcional del organismo productor, en nuestro caso, un ayuntamiento. A la vez, esa estructura org\u00e1nico-funcional se deriva de la organizaci\u00f3n de la que se dota la administraci\u00f3n local para cumplir sus fines, que no son otros que la gesti\u00f3n de los asuntos locales para mejorar la calidad de vida de sus ciudadanos.<span lang=\"ca-ES\"><div class=\"clear\"><\/div><div class=\"gdlr-space\" style=\"margin-top: 20px;\"><\/div><\/span><\/p>\n<p style=\"text-align: justify;\">Por lo tanto, encontramos, en un cuadro de fondo municipal una divisi\u00f3n, que se estructura en Secciones y Series, algunas de las cuales son muy estables a lo largo de la historia, mientras que otras son de corta vida. En el primer caso podemos encontrar tipolog\u00edas como las actas municipales, que recogen las deliberaciones de los principales \u00f3rganos de gobierno: Consell de la Vila, ayuntamiento del Antiguo R\u00e9gimen, ayuntamientos constitucionales, de la Restauraci\u00f3n, de las dictaduras, democr\u00e1ticos, Comisiones Municipales Permanentes, de Gobierno o Juntas de Gobierno, o el Pleno de las Corporaciones.<span lang=\"ca-ES\"><div class=\"clear\"><\/div><div class=\"gdlr-space\" style=\"margin-top: 20px;\"><\/div><\/span><\/p>\n<img loading=\"lazy\" decoding=\"async\" class=\"wp-image-6605 size-medium aligncenter\" src=\"http:\/\/arxiversvalencians.org\/wp-content\/uploads\/2020\/05\/llibres-manuscrits-beniganim-edit-226x300.jpg\" alt=\"\" width=\"226\" height=\"300\" srcset=\"https:\/\/arxiversvalencians.org\/wp-content\/uploads\/2020\/05\/llibres-manuscrits-beniganim-edit-226x300.jpg 226w, https:\/\/arxiversvalencians.org\/wp-content\/uploads\/2020\/05\/llibres-manuscrits-beniganim-edit-770x1024.jpg 770w\" sizes=\"(max-width: 226px) 100vw, 226px\" \/>\n<p style=\"text-align: justify;\">Diferentes nombres pero id\u00e9nticas series, muy continuadas en el tiempo, porque han estado y son los instrumentos con los que las instituciones municipales han gobernado pol\u00edtica, jur\u00eddica y legalmente. O aquellas referidas en el gobierno econ\u00f3mico de la misma instituci\u00f3n: aquellas partidas destinadas a ingresos y gastos, y que gestionan la misma pr\u00e1ctica administrativa: ingresar a trav\u00e9s de impuestos u otros instrumentos y pagar. Propios y Arbitrios, Ingresos y Gastos, Presupuestos, etc. Igualmente, diferentes nombres para la misma pr\u00e1ctica.<span lang=\"ca-ES\"><div class=\"clear\"><\/div><div class=\"gdlr-space\" style=\"margin-top: 20px;\"><\/div><\/span><\/p>\n<p style=\"text-align: justify;\">Otras series documentales han durado en el tiempo, pero el cambio de realidades pol\u00edticas, econ\u00f3micas y administrativas las han finiquitado: documentaci\u00f3n de \u00e9poca foral relativa a los Racionales, Escribanos de Sala, Clavarios, Mostassafia, Justicias, Corregimientos, etc. Hay series que apenas han durado unos a\u00f1os, porque el mandatario de turno ha creado oficinas o departamentos que el mandatario sucesor ha eliminado. Estas tipolog\u00edas se conocen en archiv\u00edstica como series cerradas.<span lang=\"ca-ES\"><div class=\"clear\"><\/div><div class=\"gdlr-space\" style=\"margin-top: 20px;\"><\/div><\/span><\/p>\n<p style=\"text-align: justify;\">Como puede comprobarse, el movimiento de documentos y, por extensi\u00f3n, de la informaci\u00f3n de tipo municipal, es muy din\u00e1mico en el tiempo, a diferencia de archivos de naturaleza nacional, regional, normalmente exclusivamente hist\u00f3ricos, en los cuales no hay cambios en las series, porque el \u00fanico que hacen se conservar la documentaci\u00f3n de instituciones desaparecidas. En los archivos municipales, al continuar existiendo los ayuntamientos, siempre hay transferencias e ingresos.<span lang=\"ca-ES\"><div class=\"clear\"><\/div><div class=\"gdlr-space\" style=\"margin-top: 20px;\"><\/div><\/span><\/p>\n<img loading=\"lazy\" decoding=\"async\" class=\"aligncenter size-medium wp-image-6607\" src=\"http:\/\/arxiversvalencians.org\/wp-content\/uploads\/2020\/05\/llibres-manuscrits-beniganim4-300x200.jpg\" alt=\"\" width=\"300\" height=\"200\" srcset=\"https:\/\/arxiversvalencians.org\/wp-content\/uploads\/2020\/05\/llibres-manuscrits-beniganim4-300x200.jpg 300w, https:\/\/arxiversvalencians.org\/wp-content\/uploads\/2020\/05\/llibres-manuscrits-beniganim4-1024x681.jpg 1024w\" sizes=\"(max-width: 300px) 100vw, 300px\" \/>\n<p style=\"text-align: justify;\"><strong><em>Fondos Incorporados<\/em><\/strong><span lang=\"ca-ES\"><div class=\"clear\"><\/div><div class=\"gdlr-space\" style=\"margin-top: 20px;\"><\/div><\/span><\/p>\n<p style=\"text-align: justify;\">Otra funci\u00f3n importante que realiza el archivo municipal es servir no solo de archivo de la instituci\u00f3n municipal, sino tambi\u00e9n de archivo de la ciudad de X\u00e0tiva. Esto quiere decir, que debe preocuparse tambi\u00e9n de la evoluci\u00f3n otras instituciones que dan vida pol\u00edtica, social, econ\u00f3mica, cultural, festiva, musical, religiosa o de otra \u00edndole, en la ciudad de X\u00e0tiva. Debe recoger el pulso, el palpitar vital de los setabenses que se re\u00fanen para hacer pol\u00edtica -en partidos pol\u00edticos-; asociaciones que se preocupan de la econom\u00eda -asociaciones empresariales, empresas, sindicados-; promoci\u00f3n de la cultura -asociaciones culturales-; ocupaci\u00f3n festiva -fallas, fiestas de calle, etc.-; promoci\u00f3n de la m\u00fasica -sociedades musicales, grupos musicales, etc.-; manifestaciones religiosas -iglesias, cofrad\u00edas, etc.- y procurar que el testimonio de sus actividades -de aquellas asociaciones que no disponen de locales en condiciones- quedo conservado y custodiado en las dependencias del archivo municipal, para que los ciudadanos, estudiosos e investigadores, puedan consultar los documentos que hayan producido durante su vida.<span lang=\"ca-ES\"><div class=\"clear\"><\/div><div class=\"gdlr-space\" style=\"margin-top: 20px;\"><\/div><\/span><\/p>\n<p style=\"text-align: justify;\">Esto ya lo hacemos desde el ayuntamiento de X\u00e0tiva, que ha aceptado, en calidad de donaci\u00f3n (en propiedad o en dep\u00f3sito) o compra, varios fondos, que en archiv\u00edstica se denominan Fondos Incorporados:<span lang=\"ca-ES\"><div class=\"clear\"><\/div><div class=\"gdlr-space\" style=\"margin-top: 20px;\"><\/div><\/span><\/p>\n\n<ul>\n \t<li style=\"text-align: justify;\">El Fondo Sarthou (Carlos y Lidia Sarthou).<\/li>\n \t<li style=\"text-align: justify;\">El Fondo del Riu de los Sants.<\/li>\n \t<li style=\"text-align: justify;\">El Fondo de la Plaza de Toros de X\u00e0tiva.<\/li>\n \t<li style=\"text-align: justify;\">El Fondo de la Hermandad Sindical de Labradores y Ganaderos de X\u00e0tiva.<\/li>\n \t<li style=\"text-align: justify;\">El Fondo del C\u00edrculo Mercantil.<\/li>\n \t<li style=\"text-align: justify;\">El Fondo de la Uni\u00f3n Taquigr\u00e1fica Valenciana.<\/li>\n \t<li style=\"text-align: justify;\">El Fondo de la empresa COACXA (Cooperativa Agr\u00edcola Comarcal X\u00e0tiva).<\/li>\n \t<li style=\"text-align: justify;\">El Fondo del Distrito Notarial de X\u00e0tiva.<\/li>\n \t<li style=\"text-align: justify;\">El Fondo del C\u00edrculo de Obreros Cat\u00f3licos de X\u00e0tiva.<\/li>\n \t<li style=\"text-align: justify;\">El Fondo Joaqu\u00edn Lemos.<\/li>\n \t<li style=\"text-align: justify;\">El Fondo de la Hermandad de Cofrad\u00edas de X\u00e0tiva.<\/li>\n \t<li style=\"text-align: justify;\">El Fondo Ripalda.<\/li>\n \t<li style=\"text-align: justify;\">El Fondo de la Oficina Comarcal de X\u00e0tiva de Rehabilitaci\u00f3n de Viviendas.<\/li>\n \t<li style=\"text-align: justify;\">El Fondo de la Mancomunidad de Municipios La Costa-Canal.<\/li>\n \t<li style=\"text-align: justify;\">El Fondo fotogr\u00e1fico Pati\u00f1o.<\/li>\n \t<li style=\"text-align: justify;\">El Fondo Jos\u00e9 L\u00f3pez Sell\u00e9s.<\/li>\n \t<li style=\"text-align: justify;\">El Fondo Gonz\u00e1lez Baldov\u00ed.<span lang=\"ca-ES\"><div class=\"clear\"><\/div><div class=\"gdlr-space\" style=\"margin-top: 20px;\"><\/div><\/span><\/li>\n<\/ul>\n<p style=\"text-align: justify;\">Todos ellos debidamente catalogados y\/o inventariados o en fase de catalogaci\u00f3n y\/o inventario. Por otra parte, no solo hay fondos privados colectivos; tambi\u00e9n disponemos de documentos dados por personas a t\u00edtulo individual, que tambi\u00e9n se integran en sus secciones y series correspondientes.<span lang=\"ca-ES\"><div class=\"clear\"><\/div><div class=\"gdlr-space\" style=\"margin-top: 20px;\"><\/div><\/span><\/p>\n<img loading=\"lazy\" decoding=\"async\" class=\"aligncenter wp-image-6600 size-full\" src=\"http:\/\/arxiversvalencians.org\/wp-content\/uploads\/2020\/05\/dsc01794.jpg\" alt=\"\" width=\"3248\" height=\"2725\" srcset=\"https:\/\/arxiversvalencians.org\/wp-content\/uploads\/2020\/05\/dsc01794.jpg 3248w, https:\/\/arxiversvalencians.org\/wp-content\/uploads\/2020\/05\/dsc01794-300x252.jpg 300w, https:\/\/arxiversvalencians.org\/wp-content\/uploads\/2020\/05\/dsc01794-1024x859.jpg 1024w\" sizes=\"(max-width: 3248px) 100vw, 3248px\" \/>\n<p style=\"text-align: justify;\"><strong>Documentos m\u00e1s destacados:<\/strong><\/p>\n\n<ol>\n \t<li style=\"text-align: justify;\"><em>Aureum Opus de la ciudad de X\u00e0tiva<\/em>. C\u00f3dice copiador de privilegios reales de la ciudad de X\u00e0tiva desde 1238 hasta el final del reinado de Alonso el Benigno (1336). Archivo Municipal de X\u00e0tiva, LB-254. Fecha: 1228 \u2013 1336. X\u00e0tiva.<\/li>\n \t<li style=\"text-align: justify;\"><em>Libro de Consejos de la ciudad de X\u00e0tiva<\/em>. Archivo Municipal de X\u00e0tiva, LB-1. Fecha: 1378-1379. X\u00e0tiva.<\/li>\n \t<li style=\"text-align: justify;\"><em>Libro de elecciones de los jurados de la ciudad de X\u00e0tiva<\/em>. Archivo Municipal de X\u00e0tiva, LB-2. Fecha: 1405-1406. X\u00e0tiva.<\/li>\n \t<li style=\"text-align: justify;\"><em>Concordia entre la ciudad de X\u00e0tiva y la morer\u00eda del arrabal de la ciudad, sobre la Decimosexta de las sisas<\/em>. Archivo Municipal de X\u00e0tiva, LG-1877\/3. Fecha: 1380, enero, 17. X\u00e0tiva.<\/li>\n \t<li style=\"text-align: justify;\"><em>Mapa del Arzobispado de Val\u00e8ncia, hecho por Tom\u00e0s Manuel Vilanova Mu\u00f1oz, con la delimitaci\u00f3n en l\u00edneas amarilla y roja que marcaba el territorio que se quer\u00eda como obispado de X\u00e0tiva<\/em>. Archivo Municipal de X\u00e0tiva, MP. Fecha: 1761. X\u00e0tiva.<\/li>\n \t<li style=\"text-align: justify;\"><em>Memorial realizado por don Melchor Raphael de Macanaz, sobre la rebeli\u00f3n de X\u00e0tiva durante la Guerra de Sucesi\u00f3n, las causas que motivaron su destrucci\u00f3n, y su posterior restituci\u00f3n con el nombre de San Phelipe<\/em>. Archivo Municipal de X\u00e0tiva, LG-5957\/23. Fecha: c.a. 1709. Val\u00e8ncia.<\/li>\n \t<li style=\"text-align: justify;\"><em>Ordenanzas de la ciudad de San Felipe<\/em>. Archivo Municipal de X\u00e0tiva, LB-255. Fecha: 1750. X\u00e0tiva.<\/li>\n \t<li style=\"text-align: justify;\"><em>Libro de Comisos de la Baron\u00eda de Canals<\/em>. Archivo Municipal de X\u00e0tiva, LB-236. Fecha: 1520. X\u00e0tiva.<\/li>\n \t<li style=\"text-align: justify;\"><em>Libro de capbreus de la ciudad de X\u00e0tiva, de las tierras y posesiones ce\u00f1idas a la dicha ciudad en la Torre de Canals<\/em>. Archivo Municipal de X\u00e0tiva, LB-345. Fecha: 1635-1636. X\u00e0tiva.<\/li>\n \t<li style=\"text-align: justify;\"><em>Diligencias y gestiones relativas a identificaci\u00f3n de cad\u00e1veres, traslado y hallazgo de objetos personales de los muertos en el bombardeo a la Estaci\u00f3n de Ferrocarril de X\u00e0tiva, el 12 de febrero de 1939<\/em>. Archivo Municipal de X\u00e0tiva, LG-1117\/4. Fecha: 1939, febrero, 13 \u2013 1939, marzo, 24.<span lang=\"ca-ES\"><div class=\"clear\"><\/div><div class=\"gdlr-space\" style=\"margin-top: 20px;\"><\/div><\/span><\/li>\n<\/ol>\n<img loading=\"lazy\" decoding=\"async\" class=\"aligncenter size-full wp-image-6598\" src=\"http:\/\/arxiversvalencians.org\/wp-content\/uploads\/2020\/05\/dsc01783.jpg\" alt=\"\" width=\"4592\" height=\"3056\" srcset=\"https:\/\/arxiversvalencians.org\/wp-content\/uploads\/2020\/05\/dsc01783.jpg 4592w, https:\/\/arxiversvalencians.org\/wp-content\/uploads\/2020\/05\/dsc01783-300x200.jpg 300w, https:\/\/arxiversvalencians.org\/wp-content\/uploads\/2020\/05\/dsc01783-1024x681.jpg 1024w\" sizes=\"(max-width: 4592px) 100vw, 4592px\" \/>\n<p style=\"text-align: justify;\"><strong>Personal:<\/strong> Isa\u00edas Blesa Duet (director), Sergio Rubio Tormo (t\u00e9cnico de archivos), Rafael Gorba Palac\u00edn (auxiliar administrativo), Josep Gimeno Montell (t\u00e9cnico costumbrista).<span lang=\"ca-ES\"><div class=\"clear\"><\/div><div class=\"gdlr-space\" style=\"margin-top: 20px;\"><\/div><\/span><\/p>\n<strong>P\u00e1gina web:<\/strong> <a href=\"http:\/\/www.xativa.es\/archivo-municipal\">http:\/\/www.xativa.es\/archivo-municipal<\/a><span lang=\"ca-ES\"><div class=\"clear\"><\/div><div class=\"gdlr-space\" style=\"margin-top: 20px;\"><\/div><\/span>\n\n<strong>Redes sociales:<\/strong><a href=\"https:\/\/www.facebook.com\/arxiumunicipaldexativa\/\">Facebook<\/a>.<span lang=\"ca-ES\"><div class=\"clear\"><\/div><div class=\"gdlr-space\" style=\"margin-top: 20px;\"><\/div><\/span>\n\n<img loading=\"lazy\" decoding=\"async\" class=\"size-full wp-image-6614\" src=\"http:\/\/arxiversvalencians.org\/wp-content\/uploads\/2020\/05\/doc-grafica-placa-seu3.jpg\" alt=\"\" width=\"2561\" height=\"3052\" srcset=\"https:\/\/arxiversvalencians.org\/wp-content\/uploads\/2020\/05\/doc-grafica-placa-seu3.jpg 2561w, https:\/\/arxiversvalencians.org\/wp-content\/uploads\/2020\/05\/doc-grafica-placa-seu3-252x300.jpg 252w, https:\/\/arxiversvalencians.org\/wp-content\/uploads\/2020\/05\/doc-grafica-placa-seu3-859x1024.jpg 859w\" sizes=\"(max-width: 2561px) 100vw, 2561px\" \/>\n\n<strong>Servicios y actividades:<span lang=\"ca-ES\"><div class=\"clear\"><\/div><div class=\"gdlr-space\" style=\"margin-top: 20px;\"><\/div><\/span><\/strong>\n<p style=\"text-align: justify;\"><strong><em>Sala de consulta<\/em><\/strong><span lang=\"ca-ES\"><div class=\"clear\"><\/div><div class=\"gdlr-space\" style=\"margin-top: 20px;\"><\/div><\/span><\/p>\n<p style=\"text-align: justify;\">Ubicada a la planta baja. Es donde los investigadores, estudiantes y ciudadanos efect\u00faan los trabajos y las consultas pertinentes. Consta de seis tablas de estudio y dos ordenadores para la consulta de documentos digitalizados.<span lang=\"ca-ES\"><div class=\"clear\"><\/div><div class=\"gdlr-space\" style=\"margin-top: 20px;\"><\/div><\/span><\/p>\n<p style=\"text-align: justify;\"><strong><em>Reprograf\u00eda<\/em><\/strong><span lang=\"ca-ES\"><div class=\"clear\"><\/div><div class=\"gdlr-space\" style=\"margin-top: 20px;\"><\/div><\/span><\/p>\n<p style=\"text-align: justify;\">El archivo municipal de X\u00e0tiva cuenta con un servicio de reprograf\u00eda para facilitar la informaci\u00f3n requerida por los usuarios, teniendo siempre en cuenta la legislaci\u00f3n vigente y las normas de accesibilidad a la documentaci\u00f3n establecidas.<span lang=\"ca-ES\"><div class=\"clear\"><\/div><div class=\"gdlr-space\" style=\"margin-top: 20px;\"><\/div><\/span><\/p>\n<p style=\"text-align: justify;\"><strong><em>Biblioteca auxiliar<\/em><\/strong><span lang=\"ca-ES\"><div class=\"clear\"><\/div><div class=\"gdlr-space\" style=\"margin-top: 20px;\"><\/div><\/span><\/p>\n<p style=\"text-align: justify;\">A lo largo de los a\u00f1os se ha ido creando una Biblioteca Auxiliar especializada, tal y como recomiendan las normas archiv\u00edsticas. Su funci\u00f3n se la de espaldarazo bibliogr\u00e1fico, historiogr\u00e1fico y divulgativo. La biblioteca se compone de m\u00e1s de 5.500 publicaciones agrupadas en diferentes materias: enciclopedias y diccionarios; temas locales y comarcales; bibliograf\u00eda del Pa\u00eds Valenciano; bibliograf\u00eda tem\u00e1tica general; archiv\u00edstica; colecciones legislativas, obras de administraci\u00f3n local, de derecho y jurisprudencia; y publicaciones seriadas.<span lang=\"ca-ES\"><div class=\"clear\"><\/div><div class=\"gdlr-space\" style=\"margin-top: 20px;\"><\/div><\/span><\/p>\n<img loading=\"lazy\" decoding=\"async\" class=\"aligncenter wp-image-6612 size-medium\" src=\"http:\/\/arxiversvalencians.org\/wp-content\/uploads\/2020\/05\/pergami-1499-5-300x200.jpg\" alt=\"\" width=\"300\" height=\"200\" srcset=\"https:\/\/arxiversvalencians.org\/wp-content\/uploads\/2020\/05\/pergami-1499-5-300x200.jpg 300w, https:\/\/arxiversvalencians.org\/wp-content\/uploads\/2020\/05\/pergami-1499-5-1024x681.jpg 1024w\" sizes=\"(max-width: 300px) 100vw, 300px\" \/>\n<p style=\"text-align: justify;\"><strong><em>Pr\u00e9stamos internos<\/em><\/strong><span lang=\"ca-ES\"><div class=\"clear\"><\/div><div class=\"gdlr-space\" style=\"margin-top: 20px;\"><\/div><\/span><\/p>\n<p style=\"text-align: justify;\">Los pr\u00e9stamos internos se realizan a instancia de las propias oficinas productoras de la documentaci\u00f3n municipal existente (los diversos departamentos del ayuntamiento de X\u00e0tiva), y suponen una de las principales actividades de coordinaci\u00f3n del archivo.<span lang=\"ca-ES\"><div class=\"clear\"><\/div><div class=\"gdlr-space\" style=\"margin-top: 20px;\"><\/div><\/span><\/p>\n<p style=\"text-align: justify;\"><strong><em>Pr\u00e9stamos externos<\/em><\/strong><span lang=\"ca-ES\"><div class=\"clear\"><\/div><div class=\"gdlr-space\" style=\"margin-top: 20px;\"><\/div><\/span><\/p>\n<p style=\"text-align: justify;\">El archivo tambi\u00e9n participa en la difusi\u00f3n del rico patrimonio cultural setabense, a trav\u00e9s de pr\u00e9stamos de materiales y documentos, mediante los tr\u00e1mites correspondientes, para la realizaci\u00f3n de exposiciones y otros acontecimientos culturales.<span lang=\"ca-ES\"><div class=\"clear\"><\/div><div class=\"gdlr-space\" style=\"margin-top: 20px;\"><\/div><\/span><\/p>\n<p style=\"text-align: justify;\"><strong><em>Coordinaci\u00f3n Servicio Mancomunado de Archivos<\/em><\/strong><span lang=\"ca-ES\"><div class=\"clear\"><\/div><div class=\"gdlr-space\" style=\"margin-top: 20px;\"><\/div><\/span><\/p>\n<p style=\"text-align: justify;\">El Archivo Municipal de X\u00e0tiva tambi\u00e9n se ha constituido como coordinador del Servicio Mancomunado de Archivos de La Costera-La Canal. Es decir, no solo pretende ser el depositario de la actividad municipal, sino un referente hist\u00f3rico-comarcal. Esta inquietud se manifiesta a trav\u00e9s de la relaci\u00f3n con las distintas poblaciones que integran la comarca de La Costera, donde se ubica X\u00e0tiva, y el adyacente, La Canal de Navarr\u00e9s, mediante un programa de inventario-catalogaci\u00f3n de los archivos de poblaciones con menor n\u00famero de habitantes. En este sentido, el Archivo Municipal de X\u00e0tiva quiere contribuir a la recuperaci\u00f3n del patrimonio documental de la comarca y al desarrollo de la historiograf\u00eda local.<span lang=\"ca-ES\"><div class=\"clear\"><\/div><div class=\"gdlr-space\" style=\"margin-top: 20px;\"><\/div><\/span><\/p>\n<img loading=\"lazy\" decoding=\"async\" class=\"size-full wp-image-6595\" src=\"http:\/\/arxiversvalencians.org\/wp-content\/uploads\/2020\/05\/dsc01776.jpg\" alt=\"\" width=\"4592\" height=\"3056\" srcset=\"https:\/\/arxiversvalencians.org\/wp-content\/uploads\/2020\/05\/dsc01776.jpg 4592w, https:\/\/arxiversvalencians.org\/wp-content\/uploads\/2020\/05\/dsc01776-300x200.jpg 300w, https:\/\/arxiversvalencians.org\/wp-content\/uploads\/2020\/05\/dsc01776-1024x681.jpg 1024w\" sizes=\"(max-width: 4592px) 100vw, 4592px\" \/>\n<p style=\"text-align: justify;\"><strong><em>Visitas al Archivo<\/em><\/strong><span lang=\"ca-ES\"><div class=\"clear\"><\/div><div class=\"gdlr-space\" style=\"margin-top: 20px;\"><\/div><\/span><\/p>\n<p style=\"text-align: justify;\">Otra de las funciones del archivo es la difusi\u00f3n del rico patrimonio documental de la ciudad. Por este motivo, se coordinan las visitas de centros educativos de la ciudad y otras localidades, as\u00ed como colectivos o asociaciones y, de manera intermitente, se atienen visitas espor\u00e1dicas de ciudadanos interesados al conocer las instalaciones del archivo municipal. De este modo, son conocedores del funcionamiento de un archivo municipal, de la instituci\u00f3n que genera los documentos \u2013el Ayuntamiento de X\u00e0tiva- y como funciona \u00e9sta, y la incidencia tan importante en la vida y desarrollo social, econ\u00f3mico y cultural de su ciudad.<span lang=\"ca-ES\"><div class=\"clear\"><\/div><div class=\"gdlr-space\" style=\"margin-top: 20px;\"><\/div><\/span><\/p>\n<p style=\"text-align: justify;\">En esta l\u00ednea de actuaciones, desde el archivo municipal de X\u00e0tiva, se desarrollan exposiciones peri\u00f3dicas, mediante las cuales se trata de acercar al ciudadano el rico patrimonio conservado en el mismo, as\u00ed como mostrar los trabajos de restauraci\u00f3n y conservaci\u00f3n de los mismos llevados a cabo de manera continuada. Tambi\u00e9n se llevan a cabo actividades relacionadas con la difusi\u00f3n cultural de la ciudad (d\u00eda del libro, conmemoraciones y centenarios, etc.).<span lang=\"ca-ES\"><div class=\"clear\"><\/div><div class=\"gdlr-space\" style=\"margin-top: 20px;\"><\/div><\/span><\/p>\n<p style=\"text-align: justify;\">El archivo municipal participa adem\u00e1s en la difusi\u00f3n cultural de la ciudad y su presencia en los medios de comunicaci\u00f3n a trav\u00e9s de la colaboraci\u00f3n en publicaciones, folletos, prensa, radio, televisi\u00f3n, etc.<span lang=\"ca-ES\"><div class=\"clear\"><\/div><div class=\"gdlr-space\" style=\"margin-top: 20px;\"><\/div><\/span><\/p>\n<p style=\"text-align: justify;\"><strong>Datos de contacto<\/strong><\/p>\n\n<ul style=\"text-align: justify;\">\n \t<li><strong>Direcci\u00f3n:<\/strong> Plaza de la Trinidad, 7 46800 X\u00e0tiva, Valencia.<\/li>\n \t<li><strong>Tel\u00e9fono:<\/strong> 962271167<\/li>\n \t<li><strong>Correo electr\u00f3nico:<\/strong> <a href=\"mailto:arxiu@ayto-xativa.es\">arxiu@ayto-xativa.es<\/a><span lang=\"ca-ES\"><div class=\"clear\"><\/div><div class=\"gdlr-space\" style=\"margin-top: 20px;\"><\/div><\/span><\/li>\n<\/ul>\n<img loading=\"lazy\" decoding=\"async\" class=\"size-full wp-image-6593\" src=\"http:\/\/arxiversvalencians.org\/wp-content\/uploads\/2020\/05\/dsc01771.jpg\" alt=\"\" width=\"3056\" height=\"4592\" srcset=\"https:\/\/arxiversvalencians.org\/wp-content\/uploads\/2020\/05\/dsc01771.jpg 3056w, https:\/\/arxiversvalencians.org\/wp-content\/uploads\/2020\/05\/dsc01771-200x300.jpg 200w, https:\/\/arxiversvalencians.org\/wp-content\/uploads\/2020\/05\/dsc01771-681x1024.jpg 681w\" sizes=\"(max-width: 3056px) 100vw, 3056px\" \/>\n\n<img loading=\"lazy\" decoding=\"async\" class=\"size-full wp-image-6590\" src=\"http:\/\/arxiversvalencians.org\/wp-content\/uploads\/2020\/05\/dsc01739.jpg\" alt=\"\" width=\"3056\" height=\"4592\" srcset=\"https:\/\/arxiversvalencians.org\/wp-content\/uploads\/2020\/05\/dsc01739.jpg 3056w, https:\/\/arxiversvalencians.org\/wp-content\/uploads\/2020\/05\/dsc01739-200x300.jpg 200w, https:\/\/arxiversvalencians.org\/wp-content\/uploads\/2020\/05\/dsc01739-681x1024.jpg 681w\" sizes=\"(max-width: 3056px) 100vw, 3056px\" \/>","protected":false},"excerpt":{"rendered":"Denominaci\u00f3n: Archivo Municipal de X\u00e0tiva. Breve descripci\u00f3n: El Archivo Municipal de X\u00e0tiva se ha formado por la din\u00e1mica natural del ayuntamiento, que rige el municipio desde el s. XIII, cuando estaba gobernado por el Consejo. Sus fondos empiezan en el siglo XIII, aunque el grosor de la documentaci\u00f3n corresponde en el siglo XVIII y en [&hellip;]","protected":false},"author":125,"featured_media":6586,"comment_status":"closed","ping_status":"closed","sticky":false,"template":"","format":"standard","meta":{"jetpack_post_was_ever_published":false,"_jetpack_newsletter_access":"","_jetpack_dont_email_post_to_subs":false,"_jetpack_newsletter_tier_id":0,"_jetpack_memberships_contains_paywalled_content":false,"_jetpack_memberships_contains_paid_content":false,"footnotes":"","jetpack_publicize_message":"","jetpack_publicize_feature_enabled":true,"jetpack_social_post_already_shared":true,"jetpack_social_options":{"image_generator_settings":{"template":"highway","enabled":false}}},"categories":[3],"tags":[82,83,84],"jetpack_publicize_connections":[],"yoast_head":"<!-- This site is optimized with the Yoast SEO plugin v22.7 - https:\/\/yoast.com\/wordpress\/plugins\/seo\/ -->\n<title>Archivo Municipal de X\u00e0tiva #NuestrosArchivos - arxiversvalencians.org<\/title>\n<meta name=\"robots\" content=\"index, follow, max-snippet:-1, max-image-preview:large, max-video-preview:-1\" \/>\n<link rel=\"canonical\" href=\"https:\/\/arxiversvalencians.org\/es\/archivo-municipal-xativa-nuestrosarchivos\/\" \/>\n<meta property=\"og:locale\" content=\"es_ES\" \/>\n<meta property=\"og:type\" content=\"article\" \/>\n<meta property=\"og:title\" content=\"Archivo Municipal de X\u00e0tiva #NuestrosArchivos - arxiversvalencians.org\" \/>\n<meta property=\"og:description\" content=\"Denominaci\u00f3n: Archivo Municipal de X\u00e0tiva. Breve descripci\u00f3n: El Archivo Municipal de X\u00e0tiva se ha formado por la din\u00e1mica natural del ayuntamiento, que rige el municipio desde el s. XIII, cuando estaba gobernado por el Consejo. Sus fondos empiezan en el siglo XIII, aunque el grosor de la documentaci\u00f3n corresponde en el siglo XVIII y en [&hellip;]\" \/>\n<meta property=\"og:url\" content=\"https:\/\/arxiversvalencians.org\/es\/archivo-municipal-xativa-nuestrosarchivos\/\" \/>\n<meta property=\"og:site_name\" content=\"arxiversvalencians.org\" \/>\n<meta property=\"article:published_time\" content=\"2020-06-03T09:17:04+00:00\" \/>\n<meta property=\"article:modified_time\" content=\"2020-06-03T18:26:16+00:00\" \/>\n<meta property=\"og:image\" content=\"https:\/\/arxiversvalencians.org\/wp-content\/uploads\/2020\/05\/dsc01727-681x1024.jpg\" \/>\n\t<meta property=\"og:image:width\" content=\"681\" \/>\n\t<meta property=\"og:image:height\" content=\"1024\" \/>\n\t<meta property=\"og:image:type\" content=\"image\/jpeg\" \/>\n<meta name=\"author\" content=\"VDifusio\" \/>\n<meta name=\"twitter:card\" content=\"summary_large_image\" \/>\n<meta name=\"twitter:label1\" content=\"Escrito por\" \/>\n\t<meta name=\"twitter:data1\" content=\"VDifusio\" \/>\n\t<meta name=\"twitter:label2\" content=\"Tiempo de lectura\" \/>\n\t<meta name=\"twitter:data2\" content=\"11 minutos\" \/>\n<script type=\"application\/ld+json\" class=\"yoast-schema-graph\">{\"@context\":\"https:\/\/schema.org\",\"@graph\":[{\"@type\":\"WebPage\",\"@id\":\"https:\/\/arxiversvalencians.org\/es\/archivo-municipal-xativa-nuestrosarchivos\/\",\"url\":\"https:\/\/arxiversvalencians.org\/es\/archivo-municipal-xativa-nuestrosarchivos\/\",\"name\":\"Archivo Municipal de X\u00e0tiva #NuestrosArchivos - arxiversvalencians.org\",\"isPartOf\":{\"@id\":\"https:\/\/arxiversvalencians.org\/#website\"},\"primaryImageOfPage\":{\"@id\":\"https:\/\/arxiversvalencians.org\/es\/archivo-municipal-xativa-nuestrosarchivos\/#primaryimage\"},\"image\":{\"@id\":\"https:\/\/arxiversvalencians.org\/es\/archivo-municipal-xativa-nuestrosarchivos\/#primaryimage\"},\"thumbnailUrl\":\"https:\/\/arxiversvalencians.org\/wp-content\/uploads\/2020\/05\/dsc01727.jpg\",\"datePublished\":\"2020-06-03T09:17:04+00:00\",\"dateModified\":\"2020-06-03T18:26:16+00:00\",\"author\":{\"@id\":\"https:\/\/arxiversvalencians.org\/#\/schema\/person\/8ae0b510f698f2cf88fcf870b754f787\"},\"breadcrumb\":{\"@id\":\"https:\/\/arxiversvalencians.org\/es\/archivo-municipal-xativa-nuestrosarchivos\/#breadcrumb\"},\"inLanguage\":\"es\",\"potentialAction\":[{\"@type\":\"ReadAction\",\"target\":[\"https:\/\/arxiversvalencians.org\/es\/archivo-municipal-xativa-nuestrosarchivos\/\"]}]},{\"@type\":\"ImageObject\",\"inLanguage\":\"es\",\"@id\":\"https:\/\/arxiversvalencians.org\/es\/archivo-municipal-xativa-nuestrosarchivos\/#primaryimage\",\"url\":\"https:\/\/arxiversvalencians.org\/wp-content\/uploads\/2020\/05\/dsc01727.jpg\",\"contentUrl\":\"https:\/\/arxiversvalencians.org\/wp-content\/uploads\/2020\/05\/dsc01727.jpg\",\"width\":3056,\"height\":4592,\"caption\":\"SONY DSC\"},{\"@type\":\"BreadcrumbList\",\"@id\":\"https:\/\/arxiversvalencians.org\/es\/archivo-municipal-xativa-nuestrosarchivos\/#breadcrumb\",\"itemListElement\":[{\"@type\":\"ListItem\",\"position\":1,\"name\":\"Portada\",\"item\":\"https:\/\/arxiversvalencians.org\/es\/\"},{\"@type\":\"ListItem\",\"position\":2,\"name\":\"Archivo Municipal de X\u00e0tiva #NuestrosArchivos\"}]},{\"@type\":\"WebSite\",\"@id\":\"https:\/\/arxiversvalencians.org\/#website\",\"url\":\"https:\/\/arxiversvalencians.org\/\",\"name\":\"arxiversvalencians.org\",\"description\":\"arxiversvalencians.org\",\"potentialAction\":[{\"@type\":\"SearchAction\",\"target\":{\"@type\":\"EntryPoint\",\"urlTemplate\":\"https:\/\/arxiversvalencians.org\/?s={search_term_string}\"},\"query-input\":\"required name=search_term_string\"}],\"inLanguage\":\"es\"},{\"@type\":\"Person\",\"@id\":\"https:\/\/arxiversvalencians.org\/#\/schema\/person\/8ae0b510f698f2cf88fcf870b754f787\",\"name\":\"VDifusio\",\"image\":{\"@type\":\"ImageObject\",\"inLanguage\":\"es\",\"@id\":\"https:\/\/arxiversvalencians.org\/#\/schema\/person\/image\/\",\"url\":\"https:\/\/secure.gravatar.com\/avatar\/28cfcd89ff7a51dbe91eb199dcdd222c?s=96&d=mm&r=g\",\"contentUrl\":\"https:\/\/secure.gravatar.com\/avatar\/28cfcd89ff7a51dbe91eb199dcdd222c?s=96&d=mm&r=g\",\"caption\":\"VDifusio\"},\"url\":\"https:\/\/arxiversvalencians.org\/es\/author\/vdifusio\/\"}]}<\/script>\n<!-- \/ Yoast SEO plugin. -->","yoast_head_json":{"title":"Archivo Municipal de X\u00e0tiva #NuestrosArchivos - arxiversvalencians.org","robots":{"index":"index","follow":"follow","max-snippet":"max-snippet:-1","max-image-preview":"max-image-preview:large","max-video-preview":"max-video-preview:-1"},"canonical":"https:\/\/arxiversvalencians.org\/es\/archivo-municipal-xativa-nuestrosarchivos\/","og_locale":"es_ES","og_type":"article","og_title":"Archivo Municipal de X\u00e0tiva #NuestrosArchivos - arxiversvalencians.org","og_description":"Denominaci\u00f3n: Archivo Municipal de X\u00e0tiva. Breve descripci\u00f3n: El Archivo Municipal de X\u00e0tiva se ha formado por la din\u00e1mica natural del ayuntamiento, que rige el municipio desde el s. XIII, cuando estaba gobernado por el Consejo. Sus fondos empiezan en el siglo XIII, aunque el grosor de la documentaci\u00f3n corresponde en el siglo XVIII y en [&hellip;]","og_url":"https:\/\/arxiversvalencians.org\/es\/archivo-municipal-xativa-nuestrosarchivos\/","og_site_name":"arxiversvalencians.org","article_published_time":"2020-06-03T09:17:04+00:00","article_modified_time":"2020-06-03T18:26:16+00:00","og_image":[{"width":681,"height":1024,"url":"https:\/\/arxiversvalencians.org\/wp-content\/uploads\/2020\/05\/dsc01727-681x1024.jpg","type":"image\/jpeg"}],"author":"VDifusio","twitter_card":"summary_large_image","twitter_misc":{"Escrito por":"VDifusio","Tiempo de lectura":"11 minutos"},"schema":{"@context":"https:\/\/schema.org","@graph":[{"@type":"WebPage","@id":"https:\/\/arxiversvalencians.org\/es\/archivo-municipal-xativa-nuestrosarchivos\/","url":"https:\/\/arxiversvalencians.org\/es\/archivo-municipal-xativa-nuestrosarchivos\/","name":"Archivo Municipal de X\u00e0tiva #NuestrosArchivos - arxiversvalencians.org","isPartOf":{"@id":"https:\/\/arxiversvalencians.org\/#website"},"primaryImageOfPage":{"@id":"https:\/\/arxiversvalencians.org\/es\/archivo-municipal-xativa-nuestrosarchivos\/#primaryimage"},"image":{"@id":"https:\/\/arxiversvalencians.org\/es\/archivo-municipal-xativa-nuestrosarchivos\/#primaryimage"},"thumbnailUrl":"https:\/\/arxiversvalencians.org\/wp-content\/uploads\/2020\/05\/dsc01727.jpg","datePublished":"2020-06-03T09:17:04+00:00","dateModified":"2020-06-03T18:26:16+00:00","author":{"@id":"https:\/\/arxiversvalencians.org\/#\/schema\/person\/8ae0b510f698f2cf88fcf870b754f787"},"breadcrumb":{"@id":"https:\/\/arxiversvalencians.org\/es\/archivo-municipal-xativa-nuestrosarchivos\/#breadcrumb"},"inLanguage":"es","potentialAction":[{"@type":"ReadAction","target":["https:\/\/arxiversvalencians.org\/es\/archivo-municipal-xativa-nuestrosarchivos\/"]}]},{"@type":"ImageObject","inLanguage":"es","@id":"https:\/\/arxiversvalencians.org\/es\/archivo-municipal-xativa-nuestrosarchivos\/#primaryimage","url":"https:\/\/arxiversvalencians.org\/wp-content\/uploads\/2020\/05\/dsc01727.jpg","contentUrl":"https:\/\/arxiversvalencians.org\/wp-content\/uploads\/2020\/05\/dsc01727.jpg","width":3056,"height":4592,"caption":"SONY DSC"},{"@type":"BreadcrumbList","@id":"https:\/\/arxiversvalencians.org\/es\/archivo-municipal-xativa-nuestrosarchivos\/#breadcrumb","itemListElement":[{"@type":"ListItem","position":1,"name":"Portada","item":"https:\/\/arxiversvalencians.org\/es\/"},{"@type":"ListItem","position":2,"name":"Archivo Municipal de X\u00e0tiva #NuestrosArchivos"}]},{"@type":"WebSite","@id":"https:\/\/arxiversvalencians.org\/#website","url":"https:\/\/arxiversvalencians.org\/","name":"arxiversvalencians.org","description":"arxiversvalencians.org","potentialAction":[{"@type":"SearchAction","target":{"@type":"EntryPoint","urlTemplate":"https:\/\/arxiversvalencians.org\/?s={search_term_string}"},"query-input":"required name=search_term_string"}],"inLanguage":"es"},{"@type":"Person","@id":"https:\/\/arxiversvalencians.org\/#\/schema\/person\/8ae0b510f698f2cf88fcf870b754f787","name":"VDifusio","image":{"@type":"ImageObject","inLanguage":"es","@id":"https:\/\/arxiversvalencians.org\/#\/schema\/person\/image\/","url":"https:\/\/secure.gravatar.com\/avatar\/28cfcd89ff7a51dbe91eb199dcdd222c?s=96&d=mm&r=g","contentUrl":"https:\/\/secure.gravatar.com\/avatar\/28cfcd89ff7a51dbe91eb199dcdd222c?s=96&d=mm&r=g","caption":"VDifusio"},"url":"https:\/\/arxiversvalencians.org\/es\/author\/vdifusio\/"}]}},"jetpack_featured_media_url":"https:\/\/arxiversvalencians.org\/wp-content\/uploads\/2020\/05\/dsc01727.jpg","jetpack_sharing_enabled":true,"jetpack_shortlink":"https:\/\/wp.me\/p7fqQj-1Ib","_links":{"self":[{"href":"https:\/\/arxiversvalencians.org\/es\/wp-json\/wp\/v2\/posts\/6583"}],"collection":[{"href":"https:\/\/arxiversvalencians.org\/es\/wp-json\/wp\/v2\/posts"}],"about":[{"href":"https:\/\/arxiversvalencians.org\/es\/wp-json\/wp\/v2\/types\/post"}],"author":[{"embeddable":true,"href":"https:\/\/arxiversvalencians.org\/es\/wp-json\/wp\/v2\/users\/125"}],"replies":[{"embeddable":true,"href":"https:\/\/arxiversvalencians.org\/es\/wp-json\/wp\/v2\/comments?post=6583"}],"version-history":[{"count":10,"href":"https:\/\/arxiversvalencians.org\/es\/wp-json\/wp\/v2\/posts\/6583\/revisions"}],"predecessor-version":[{"id":6949,"href":"https:\/\/arxiversvalencians.org\/es\/wp-json\/wp\/v2\/posts\/6583\/revisions\/6949"}],"wp:featuredmedia":[{"embeddable":true,"href":"https:\/\/arxiversvalencians.org\/es\/wp-json\/wp\/v2\/media\/6586"}],"wp:attachment":[{"href":"https:\/\/arxiversvalencians.org\/es\/wp-json\/wp\/v2\/media?parent=6583"}],"wp:term":[{"taxonomy":"category","embeddable":true,"href":"https:\/\/arxiversvalencians.org\/es\/wp-json\/wp\/v2\/categories?post=6583"},{"taxonomy":"post_tag","embeddable":true,"href":"https:\/\/arxiversvalencians.org\/es\/wp-json\/wp\/v2\/tags?post=6583"}],"curies":[{"name":"wp","href":"https:\/\/api.w.org\/{rel}","templated":true}]}}