{"id":6566,"date":"2020-06-03T09:40:46","date_gmt":"2020-06-03T08:40:46","guid":{"rendered":"http:\/\/arxiversvalencians.org\/?p=6566"},"modified":"2020-06-03T19:12:02","modified_gmt":"2020-06-03T18:12:02","slug":"archivo-municipal-burriana-nuestrosarchivos-2","status":"publish","type":"post","link":"https:\/\/arxiversvalencians.org\/es\/archivo-municipal-burriana-nuestrosarchivos-2\/","title":{"rendered":"Archivo Municipal de Burriana #NuestrosArchivos"},"content":{"rendered":"<img loading=\"lazy\" decoding=\"async\" class=\"wp-image-6234 aligncenter\" src=\"http:\/\/arxiversvalencians.org\/wp-content\/uploads\/2020\/05\/banner-els_nostres_arxius_2020-val-1024x536.jpg\" alt=\"\" width=\"382\" height=\"200\" srcset=\"https:\/\/arxiversvalencians.org\/wp-content\/uploads\/2020\/05\/banner-els_nostres_arxius_2020-val-1024x536.jpg 1024w, https:\/\/arxiversvalencians.org\/wp-content\/uploads\/2020\/05\/banner-els_nostres_arxius_2020-val-300x157.jpg 300w\" sizes=\"(max-width: 382px) 100vw, 382px\" \/>\n\n<strong>Denominaci\u00f3n: <\/strong>Archivo Municipal de Burriana.<span lang=\"ca-ES\"><div class=\"clear\"><\/div><div class=\"gdlr-space\" style=\"margin-top: 20px;\"><\/div><\/span>\n<p style=\"text-align: justify;\"><strong>Breve descripci\u00f3n: <\/strong>El Archivo Municipal conserva los documentos que genera el Ayuntamiento de Burriana en el ejercicio de sus funciones. Este archivo se quem\u00f3 durante la primera guerra carlista y, despu\u00e9s, durante la guerra civil, por lo cual la mayor\u00eda de documentaci\u00f3n que se conserva es posterior a estos hechos.<span lang=\"ca-ES\"><div class=\"clear\"><\/div><div class=\"gdlr-space\" style=\"margin-top: 20px;\"><\/div><\/span><\/p>\n<strong>Fechas extremas:<\/strong> 1836-2015.<span lang=\"ca-ES\"><div class=\"clear\"><\/div><div class=\"gdlr-space\" style=\"margin-top: 20px;\"><\/div><\/span>\n<p style=\"text-align: justify;\"><strong>Fondos documentales:<\/strong> Fondo municipal, fondos fotogr\u00e1ficos y audiovisuales, fondos de la fe p\u00fablica, fondos personales y familiares, fondos de entidades y asociaciones.<span lang=\"ca-ES\"><div class=\"clear\"><\/div><div class=\"gdlr-space\" style=\"margin-top: 20px;\"><\/div><\/span><\/p>\n<p style=\"text-align: justify;\"><strong>Documentos m\u00e1s destacados:<\/strong><\/p>\n\n<ul>\n \t<li style=\"text-align: justify;\">Fondo municipal: libros de actas del pleno municipal, expedientes de presupuestos municipales ordinarios, proyectos municipales, expedientes de licencias de obras mayores, expedientes de planeamiento urban\u00edstico, expedientes de licencias de actividades y libros del padr\u00f3n municipal de habitantes.<\/li>\n \t<li style=\"text-align: justify;\">Fondos fotogr\u00e1ficos: Joaqu\u00edn Bosch i Vicente Melchor.<\/li>\n \t<li style=\"text-align: justify;\">Fondos audiovisuales: TV Burriana.<\/li>\n \t<li style=\"text-align: justify;\">Fondos personales y familiares: Joaqu\u00edn Vilallonga SJ.<\/li>\n \t<li style=\"text-align: justify;\">Fondo de entidades y asociaciones: Grup d\u2019Estudis Hist\u00f2rics Fallers.<span lang=\"ca-ES\"><div class=\"clear\"><\/div><div class=\"gdlr-space\" style=\"margin-top: 20px;\"><\/div><\/span><\/li>\n<\/ul>\n<p style=\"text-align: justify;\"><strong>Personal:<\/strong> Una archivera.<span lang=\"ca-ES\"><div class=\"clear\"><\/div><div class=\"gdlr-space\" style=\"margin-top: 20px;\"><\/div><\/span><\/p>\n<strong>P\u00e1gina web:<\/strong> <a href=\"https:\/\/arxiu.burriana.es\/\">https:\/\/arxiu.burriana.es\/<\/a><span lang=\"ca-ES\"><div class=\"clear\"><\/div><div class=\"gdlr-space\" style=\"margin-top: 20px;\"><\/div><\/span>\n\n<strong>Redes sociales:<\/strong><a href=\"https:\/\/www.facebook.com\/amborriana\/\">Facebook<\/a> y\u00a0<a href=\"https:\/\/twitter.com\/amborriana?lang=ca\">Twitter<\/a>.<span lang=\"ca-ES\"><div class=\"clear\"><\/div><div class=\"gdlr-space\" style=\"margin-top: 20px;\"><\/div><\/span>\n\n<strong>Servicios:<\/strong>\n<ul>\n \t<li>Consulta y pr\u00e9stamos internos a las oficinas del Ayuntamiento.<\/li>\n \t<li>Atenci\u00f3n a usuarios: resoluci\u00f3n de consultas de forma presencial, por tel\u00e9fono, correo electr\u00f3nico&#8230;<\/li>\n \t<li>Consulta en sala (1 lugar) de:\n<ul>\n \t<li>Fondos documentales.<\/li>\n \t<li>Instrumentos de descripci\u00f3n disponibles.<\/li>\n \t<li>Hemeroteca.<\/li>\n \t<li>Biblioteca Auxiliar.<\/li>\n \t<li>Reproducci\u00f3n de documentos: fotocopia y copia digital.<span lang=\"ca-ES\"><div class=\"clear\"><\/div><div class=\"gdlr-space\" style=\"margin-top: 20px;\"><\/div><\/span><\/li>\n<\/ul>\n<\/li>\n<\/ul>\n<strong>Actividades:<\/strong>\n<ul>\n \t<li>Premio Ciudad de Burriana de Investigaciones Hist\u00f3ricas.<\/li>\n \t<li>Memoria social de Burriana en tiempo del Covid-19.<\/li>\n \t<li>Difusi\u00f3n de fondo: efem\u00e9rides, exposiciones virtuales&#8230; principalmente mediante las Redes Sociales.<span lang=\"ca-ES\"><div class=\"clear\"><\/div><div class=\"gdlr-space\" style=\"margin-top: 20px;\"><\/div><\/span><\/li>\n<\/ul>\n<strong>Datos de contacto<\/strong>\n<ul>\n \t<li><strong>Direcci\u00f3n:<\/strong> Pl. Mayor, 1. 2n piso\n12530 Burriana\n(Castell\u00f3)<\/li>\n \t<li><strong>Tel\u00e9fono:<\/strong> 964 51 00 62 ext. 4445<\/li>\n \t<li><strong>Correo electr\u00f3nico:<\/strong> <a href=\"mailto:arxiu@burriana.es\">arxiu@burriana.es<\/a><span lang=\"ca-ES\"><div class=\"clear\"><\/div><div class=\"gdlr-space\" style=\"margin-top: 20px;\"><\/div><\/span><\/li>\n<\/ul>\n<img loading=\"lazy\" decoding=\"async\" class=\"aligncenter size-full wp-image-6570\" src=\"http:\/\/arxiversvalencians.org\/wp-content\/uploads\/2020\/05\/amborriana.jpg\" alt=\"\" width=\"3088\" height=\"2320\" srcset=\"https:\/\/arxiversvalencians.org\/wp-content\/uploads\/2020\/05\/amborriana.jpg 3088w, https:\/\/arxiversvalencians.org\/wp-content\/uploads\/2020\/05\/amborriana-300x225.jpg 300w, https:\/\/arxiversvalencians.org\/wp-content\/uploads\/2020\/05\/amborriana-1024x769.jpg 1024w, https:\/\/arxiversvalencians.org\/wp-content\/uploads\/2020\/05\/amborriana-400x300.jpg 400w\" sizes=\"(max-width: 3088px) 100vw, 3088px\" \/>","protected":false},"excerpt":{"rendered":"Denominaci\u00f3n: Archivo Municipal de Burriana. Breve descripci\u00f3n: El Archivo Municipal conserva los documentos que genera el Ayuntamiento de Burriana en el ejercicio de sus funciones. Este archivo se quem\u00f3 durante la primera guerra carlista y, despu\u00e9s, durante la guerra civil, por lo cual la mayor\u00eda de documentaci\u00f3n que se conserva es posterior a estos hechos. [&hellip;]","protected":false},"author":125,"featured_media":6570,"comment_status":"closed","ping_status":"closed","sticky":false,"template":"","format":"standard","meta":{"jetpack_post_was_ever_published":false,"_jetpack_newsletter_access":"","_jetpack_dont_email_post_to_subs":false,"_jetpack_newsletter_tier_id":0,"_jetpack_memberships_contains_paywalled_content":false,"_jetpack_memberships_contains_paid_content":false,"footnotes":"","jetpack_publicize_message":"","jetpack_publicize_feature_enabled":true,"jetpack_social_post_already_shared":true,"jetpack_social_options":{"image_generator_settings":{"template":"highway","enabled":false}}},"categories":[3],"tags":[82,83,84],"jetpack_publicize_connections":[],"yoast_head":"<!-- This site is optimized with the Yoast SEO plugin v22.7 - https:\/\/yoast.com\/wordpress\/plugins\/seo\/ -->\n<title>Archivo Municipal de Burriana #NuestrosArchivos - arxiversvalencians.org<\/title>\n<meta name=\"robots\" content=\"index, follow, max-snippet:-1, max-image-preview:large, max-video-preview:-1\" \/>\n<link rel=\"canonical\" href=\"https:\/\/arxiversvalencians.org\/es\/archivo-municipal-burriana-nuestrosarchivos-2\/\" \/>\n<meta property=\"og:locale\" content=\"es_ES\" \/>\n<meta property=\"og:type\" content=\"article\" \/>\n<meta property=\"og:title\" content=\"Archivo Municipal de Burriana #NuestrosArchivos - arxiversvalencians.org\" \/>\n<meta property=\"og:description\" content=\"Denominaci\u00f3n: Archivo Municipal de Burriana. Breve descripci\u00f3n: El Archivo Municipal conserva los documentos que genera el Ayuntamiento de Burriana en el ejercicio de sus funciones. Este archivo se quem\u00f3 durante la primera guerra carlista y, despu\u00e9s, durante la guerra civil, por lo cual la mayor\u00eda de documentaci\u00f3n que se conserva es posterior a estos hechos. [&hellip;]\" \/>\n<meta property=\"og:url\" content=\"https:\/\/arxiversvalencians.org\/es\/archivo-municipal-burriana-nuestrosarchivos-2\/\" \/>\n<meta property=\"og:site_name\" content=\"arxiversvalencians.org\" \/>\n<meta property=\"article:published_time\" content=\"2020-06-03T08:40:46+00:00\" \/>\n<meta property=\"article:modified_time\" content=\"2020-06-03T18:12:02+00:00\" \/>\n<meta property=\"og:image\" content=\"https:\/\/arxiversvalencians.org\/wp-content\/uploads\/2020\/05\/amborriana-1024x769.jpg\" \/>\n\t<meta property=\"og:image:width\" content=\"1024\" \/>\n\t<meta property=\"og:image:height\" content=\"769\" \/>\n\t<meta property=\"og:image:type\" content=\"image\/jpeg\" \/>\n<meta name=\"author\" content=\"VDifusio\" \/>\n<meta name=\"twitter:card\" content=\"summary_large_image\" \/>\n<meta name=\"twitter:label1\" content=\"Escrito por\" \/>\n\t<meta name=\"twitter:data1\" content=\"VDifusio\" \/>\n\t<meta name=\"twitter:label2\" content=\"Tiempo de lectura\" \/>\n\t<meta name=\"twitter:data2\" content=\"2 minutos\" \/>\n<script type=\"application\/ld+json\" class=\"yoast-schema-graph\">{\"@context\":\"https:\/\/schema.org\",\"@graph\":[{\"@type\":\"WebPage\",\"@id\":\"https:\/\/arxiversvalencians.org\/es\/archivo-municipal-burriana-nuestrosarchivos-2\/\",\"url\":\"https:\/\/arxiversvalencians.org\/es\/archivo-municipal-burriana-nuestrosarchivos-2\/\",\"name\":\"Archivo Municipal de Burriana #NuestrosArchivos - arxiversvalencians.org\",\"isPartOf\":{\"@id\":\"https:\/\/arxiversvalencians.org\/#website\"},\"primaryImageOfPage\":{\"@id\":\"https:\/\/arxiversvalencians.org\/es\/archivo-municipal-burriana-nuestrosarchivos-2\/#primaryimage\"},\"image\":{\"@id\":\"https:\/\/arxiversvalencians.org\/es\/archivo-municipal-burriana-nuestrosarchivos-2\/#primaryimage\"},\"thumbnailUrl\":\"https:\/\/arxiversvalencians.org\/wp-content\/uploads\/2020\/05\/amborriana.jpg\",\"datePublished\":\"2020-06-03T08:40:46+00:00\",\"dateModified\":\"2020-06-03T18:12:02+00:00\",\"author\":{\"@id\":\"https:\/\/arxiversvalencians.org\/#\/schema\/person\/8ae0b510f698f2cf88fcf870b754f787\"},\"breadcrumb\":{\"@id\":\"https:\/\/arxiversvalencians.org\/es\/archivo-municipal-burriana-nuestrosarchivos-2\/#breadcrumb\"},\"inLanguage\":\"es\",\"potentialAction\":[{\"@type\":\"ReadAction\",\"target\":[\"https:\/\/arxiversvalencians.org\/es\/archivo-municipal-burriana-nuestrosarchivos-2\/\"]}]},{\"@type\":\"ImageObject\",\"inLanguage\":\"es\",\"@id\":\"https:\/\/arxiversvalencians.org\/es\/archivo-municipal-burriana-nuestrosarchivos-2\/#primaryimage\",\"url\":\"https:\/\/arxiversvalencians.org\/wp-content\/uploads\/2020\/05\/amborriana.jpg\",\"contentUrl\":\"https:\/\/arxiversvalencians.org\/wp-content\/uploads\/2020\/05\/amborriana.jpg\",\"width\":3088,\"height\":2320},{\"@type\":\"BreadcrumbList\",\"@id\":\"https:\/\/arxiversvalencians.org\/es\/archivo-municipal-burriana-nuestrosarchivos-2\/#breadcrumb\",\"itemListElement\":[{\"@type\":\"ListItem\",\"position\":1,\"name\":\"Portada\",\"item\":\"https:\/\/arxiversvalencians.org\/es\/\"},{\"@type\":\"ListItem\",\"position\":2,\"name\":\"Archivo Municipal de Burriana #NuestrosArchivos\"}]},{\"@type\":\"WebSite\",\"@id\":\"https:\/\/arxiversvalencians.org\/#website\",\"url\":\"https:\/\/arxiversvalencians.org\/\",\"name\":\"arxiversvalencians.org\",\"description\":\"arxiversvalencians.org\",\"potentialAction\":[{\"@type\":\"SearchAction\",\"target\":{\"@type\":\"EntryPoint\",\"urlTemplate\":\"https:\/\/arxiversvalencians.org\/?s={search_term_string}\"},\"query-input\":\"required name=search_term_string\"}],\"inLanguage\":\"es\"},{\"@type\":\"Person\",\"@id\":\"https:\/\/arxiversvalencians.org\/#\/schema\/person\/8ae0b510f698f2cf88fcf870b754f787\",\"name\":\"VDifusio\",\"image\":{\"@type\":\"ImageObject\",\"inLanguage\":\"es\",\"@id\":\"https:\/\/arxiversvalencians.org\/#\/schema\/person\/image\/\",\"url\":\"https:\/\/secure.gravatar.com\/avatar\/28cfcd89ff7a51dbe91eb199dcdd222c?s=96&d=mm&r=g\",\"contentUrl\":\"https:\/\/secure.gravatar.com\/avatar\/28cfcd89ff7a51dbe91eb199dcdd222c?s=96&d=mm&r=g\",\"caption\":\"VDifusio\"},\"url\":\"https:\/\/arxiversvalencians.org\/es\/author\/vdifusio\/\"}]}<\/script>\n<!-- \/ Yoast SEO plugin. -->","yoast_head_json":{"title":"Archivo Municipal de Burriana #NuestrosArchivos - arxiversvalencians.org","robots":{"index":"index","follow":"follow","max-snippet":"max-snippet:-1","max-image-preview":"max-image-preview:large","max-video-preview":"max-video-preview:-1"},"canonical":"https:\/\/arxiversvalencians.org\/es\/archivo-municipal-burriana-nuestrosarchivos-2\/","og_locale":"es_ES","og_type":"article","og_title":"Archivo Municipal de Burriana #NuestrosArchivos - arxiversvalencians.org","og_description":"Denominaci\u00f3n: Archivo Municipal de Burriana. Breve descripci\u00f3n: El Archivo Municipal conserva los documentos que genera el Ayuntamiento de Burriana en el ejercicio de sus funciones. Este archivo se quem\u00f3 durante la primera guerra carlista y, despu\u00e9s, durante la guerra civil, por lo cual la mayor\u00eda de documentaci\u00f3n que se conserva es posterior a estos hechos. [&hellip;]","og_url":"https:\/\/arxiversvalencians.org\/es\/archivo-municipal-burriana-nuestrosarchivos-2\/","og_site_name":"arxiversvalencians.org","article_published_time":"2020-06-03T08:40:46+00:00","article_modified_time":"2020-06-03T18:12:02+00:00","og_image":[{"width":1024,"height":769,"url":"https:\/\/arxiversvalencians.org\/wp-content\/uploads\/2020\/05\/amborriana-1024x769.jpg","type":"image\/jpeg"}],"author":"VDifusio","twitter_card":"summary_large_image","twitter_misc":{"Escrito por":"VDifusio","Tiempo de lectura":"2 minutos"},"schema":{"@context":"https:\/\/schema.org","@graph":[{"@type":"WebPage","@id":"https:\/\/arxiversvalencians.org\/es\/archivo-municipal-burriana-nuestrosarchivos-2\/","url":"https:\/\/arxiversvalencians.org\/es\/archivo-municipal-burriana-nuestrosarchivos-2\/","name":"Archivo Municipal de Burriana #NuestrosArchivos - arxiversvalencians.org","isPartOf":{"@id":"https:\/\/arxiversvalencians.org\/#website"},"primaryImageOfPage":{"@id":"https:\/\/arxiversvalencians.org\/es\/archivo-municipal-burriana-nuestrosarchivos-2\/#primaryimage"},"image":{"@id":"https:\/\/arxiversvalencians.org\/es\/archivo-municipal-burriana-nuestrosarchivos-2\/#primaryimage"},"thumbnailUrl":"https:\/\/arxiversvalencians.org\/wp-content\/uploads\/2020\/05\/amborriana.jpg","datePublished":"2020-06-03T08:40:46+00:00","dateModified":"2020-06-03T18:12:02+00:00","author":{"@id":"https:\/\/arxiversvalencians.org\/#\/schema\/person\/8ae0b510f698f2cf88fcf870b754f787"},"breadcrumb":{"@id":"https:\/\/arxiversvalencians.org\/es\/archivo-municipal-burriana-nuestrosarchivos-2\/#breadcrumb"},"inLanguage":"es","potentialAction":[{"@type":"ReadAction","target":["https:\/\/arxiversvalencians.org\/es\/archivo-municipal-burriana-nuestrosarchivos-2\/"]}]},{"@type":"ImageObject","inLanguage":"es","@id":"https:\/\/arxiversvalencians.org\/es\/archivo-municipal-burriana-nuestrosarchivos-2\/#primaryimage","url":"https:\/\/arxiversvalencians.org\/wp-content\/uploads\/2020\/05\/amborriana.jpg","contentUrl":"https:\/\/arxiversvalencians.org\/wp-content\/uploads\/2020\/05\/amborriana.jpg","width":3088,"height":2320},{"@type":"BreadcrumbList","@id":"https:\/\/arxiversvalencians.org\/es\/archivo-municipal-burriana-nuestrosarchivos-2\/#breadcrumb","itemListElement":[{"@type":"ListItem","position":1,"name":"Portada","item":"https:\/\/arxiversvalencians.org\/es\/"},{"@type":"ListItem","position":2,"name":"Archivo Municipal de Burriana #NuestrosArchivos"}]},{"@type":"WebSite","@id":"https:\/\/arxiversvalencians.org\/#website","url":"https:\/\/arxiversvalencians.org\/","name":"arxiversvalencians.org","description":"arxiversvalencians.org","potentialAction":[{"@type":"SearchAction","target":{"@type":"EntryPoint","urlTemplate":"https:\/\/arxiversvalencians.org\/?s={search_term_string}"},"query-input":"required name=search_term_string"}],"inLanguage":"es"},{"@type":"Person","@id":"https:\/\/arxiversvalencians.org\/#\/schema\/person\/8ae0b510f698f2cf88fcf870b754f787","name":"VDifusio","image":{"@type":"ImageObject","inLanguage":"es","@id":"https:\/\/arxiversvalencians.org\/#\/schema\/person\/image\/","url":"https:\/\/secure.gravatar.com\/avatar\/28cfcd89ff7a51dbe91eb199dcdd222c?s=96&d=mm&r=g","contentUrl":"https:\/\/secure.gravatar.com\/avatar\/28cfcd89ff7a51dbe91eb199dcdd222c?s=96&d=mm&r=g","caption":"VDifusio"},"url":"https:\/\/arxiversvalencians.org\/es\/author\/vdifusio\/"}]}},"jetpack_featured_media_url":"https:\/\/arxiversvalencians.org\/wp-content\/uploads\/2020\/05\/amborriana.jpg","jetpack_sharing_enabled":true,"jetpack_shortlink":"https:\/\/wp.me\/p7fqQj-1HU","_links":{"self":[{"href":"https:\/\/arxiversvalencians.org\/es\/wp-json\/wp\/v2\/posts\/6566"}],"collection":[{"href":"https:\/\/arxiversvalencians.org\/es\/wp-json\/wp\/v2\/posts"}],"about":[{"href":"https:\/\/arxiversvalencians.org\/es\/wp-json\/wp\/v2\/types\/post"}],"author":[{"embeddable":true,"href":"https:\/\/arxiversvalencians.org\/es\/wp-json\/wp\/v2\/users\/125"}],"replies":[{"embeddable":true,"href":"https:\/\/arxiversvalencians.org\/es\/wp-json\/wp\/v2\/comments?post=6566"}],"version-history":[{"count":6,"href":"https:\/\/arxiversvalencians.org\/es\/wp-json\/wp\/v2\/posts\/6566\/revisions"}],"predecessor-version":[{"id":6945,"href":"https:\/\/arxiversvalencians.org\/es\/wp-json\/wp\/v2\/posts\/6566\/revisions\/6945"}],"wp:featuredmedia":[{"embeddable":true,"href":"https:\/\/arxiversvalencians.org\/es\/wp-json\/wp\/v2\/media\/6570"}],"wp:attachment":[{"href":"https:\/\/arxiversvalencians.org\/es\/wp-json\/wp\/v2\/media?parent=6566"}],"wp:term":[{"taxonomy":"category","embeddable":true,"href":"https:\/\/arxiversvalencians.org\/es\/wp-json\/wp\/v2\/categories?post=6566"},{"taxonomy":"post_tag","embeddable":true,"href":"https:\/\/arxiversvalencians.org\/es\/wp-json\/wp\/v2\/tags?post=6566"}],"curies":[{"name":"wp","href":"https:\/\/api.w.org\/{rel}","templated":true}]}}