{"id":5883,"date":"2020-04-17T11:23:39","date_gmt":"2020-04-17T10:23:39","guid":{"rendered":"http:\/\/arxiversvalencians.org\/?p=5883"},"modified":"2020-04-17T13:55:39","modified_gmt":"2020-04-17T12:55:39","slug":"memoria-social-burriana-covid-19","status":"publish","type":"post","link":"https:\/\/arxiversvalencians.org\/es\/memoria-social-burriana-covid-19\/","title":{"rendered":"Memoria social de Burriana en tiempo de la Covid-19"},"content":{"rendered":"<p style=\"text-align: center;\"><strong>#guardemlanostrahist\u00f2ria #Borrianaesquedaacasa #a\u00e7\u00f2tamb\u00e9passar\u00e0<\/strong><\/p>\n<p style=\"text-align: justify;\">Todos somos conscientes de la grave situaci\u00f3n que vivimos a causa de la pandemia de coronavirus, una situaci\u00f3n que pasar\u00e1 a ser hist\u00f3rica y que muchos archivos ya est\u00e1n trabajando para conservar y documentar.<div class=\"clear\"><\/div><div class=\"gdlr-space\" style=\"margin-top: 20px;\"><\/div><\/p>\n<p style=\"text-align: justify;\">Hace unos d\u00edas la Unesco present\u00f3 una declaraci\u00f3n conjunta que, bajo el t\u00edtulo \u00abConvirtiendo la amenaza de la Covid-19 en una oportunidad para dar m\u00e1s apoyo al patrimonio documental\u00bb, muestra el papel fundamental que los archivos pueden tener en situaciones de emergencia: \u00abEl patrimonio documental es un recurso importante para ofrecer una perspectiva hist\u00f3rica sobre la forma en que los gobiernos, sus ciudadanos y la comunidad internacional han abordado las pandemias en el pasado\u00bb. \u00abEs esencial que garanticemos la existencia de un registro completo de la pandemia de la Covid-19, de forma que podamos prevenir otro brote de esta naturaleza o gestionar mejor el impacto de estos acontecimientos mundiales en la sociedad en el futuro\u00bb. Algunos archivos valencianos ya han activado proyectos que recogen el esp\u00edritu de esta declaraci\u00f3n.<div class=\"clear\"><\/div><div class=\"gdlr-space\" style=\"margin-top: 20px;\"><\/div><\/p>\n<p style=\"text-align: justify;\">En la misma direcci\u00f3n, en Catalu\u00f1a, siguiendo la metodolog\u00eda de la campa\u00f1a #Arxivemelmoment, muchos archivos han vuelto a poner en marcha un proceso de recogida de material abierto a toda la ciudadan\u00eda, porque se documente el confinamiento con el hashtag #Arxivemlacovid19.<div class=\"clear\"><\/div><div class=\"gdlr-space\" style=\"margin-top: 20px;\"><\/div><\/p>\n<p style=\"text-align: justify;\">En este contexto, el <strong>Archivo Municipal de Burriana<\/strong> (Concejal\u00eda de Cultura), aunque nuestro trabajo diario gira alrededor de la actividad administrativa del Ayuntamiento y el tiempo que tenemos para otras tareas escasea, hemos considerado que es importante impulsar una iniciativa para documentar esta situaci\u00f3n excepcional que afecta toda la instituci\u00f3n y toda la sociedad .<div class=\"clear\"><\/div><div class=\"gdlr-space\" style=\"margin-top: 20px;\"><\/div><\/p>\n<img decoding=\"async\" src=\"http:\/\/arxiversvalencians.org\/wp-content\/uploads\/2020\/04\/cartell-arxiu-covid-19-4.png\" alt=\"Aquesta imatge t\u00e9 l'atribut alt buit; el seu nom \u00e9s cartell-arxiu-covid-19-4.png\">\n<p style=\"text-align: justify;\">Para iniciar la campa\u00f1a, desde las regidur\u00edas de Cultura y Comunicaci\u00f3n del Ayuntamiento de Burriana, gracias a los medios de comunicaci\u00f3n y en las redes sociales, se est\u00e1 animando la ciudadan\u00eda a participar en la preservaci\u00f3n de evidencias sobre los efectos sociales de la Covid-19, cediendo los testimonios m\u00e1s relevantes de su experiencia al Archivo Municipal.<div class=\"clear\"><\/div><div class=\"gdlr-space\" style=\"margin-top: 20px;\"><\/div><\/p>\n<p style=\"text-align: justify;\">Se est\u00e1 pidiendo que compartan todo tipo de documentos en forma de textos, videos, audios, dibujos o fotograf\u00edas, con el objetivo de crear un fondo documental que relate como vivi\u00f3 Burriana el estado de alarma, el confinamiento y la crisis provocada por el coronavirus (experiencias personales, familiares, del \u00e1mbito laboral, im\u00e1genes de la ciudad con las calles vac\u00edas, dibujos infantiles, carteles de comercios y empresas, iniciativas que muestren la solidaridad entre vecinos, homenajes al personal sanitario, etc.).<div class=\"clear\"><\/div><div class=\"gdlr-space\" style=\"margin-top: 20px;\"><\/div><\/p>\n<p style=\"text-align: justify;\">Las personas interesadas pueden enviar todo el material que crean oportuno por correo electr\u00f3nico a arxiu@burriana.es en forma de fichero adjunto, o usando servicios gratuitos de intercambio de ficheros como por ejemplo WeTransfer, en caso de que sean de gran medida. Una vez finalizado el confinamiento tambi\u00e9n podr\u00e1n ceder la documentaci\u00f3n, tanto en formato digital como en papel, de manera presencial al Archivo Municipal.<div class=\"clear\"><\/div><div class=\"gdlr-space\" style=\"margin-top: 20px;\"><\/div><\/p>\n<p style=\"text-align: justify;\">El Archivo Municipal de Burriana se compromete a garantizar tanto la conservaci\u00f3n como el acceso futuro a esta documentaci\u00f3n. Para que esto sea posible, se pide que las personas que env\u00eden el material hagan constar la autor\u00eda (nombre de la persona f\u00edsica o jur\u00eddica), la ubicaci\u00f3n (calle o zona aproximada) y un t\u00edtulo (para identificar el contenido), adem\u00e1s de indicar que ceden los derechos de reproducci\u00f3n (copia), distribuci\u00f3n (consulta y puesta a disposici\u00f3n del p\u00fablico) y difusi\u00f3n al Ayuntamiento de Burriana.<div class=\"clear\"><\/div><div class=\"gdlr-space\" style=\"margin-top: 20px;\"><\/div><\/p>\n<p style=\"text-align: justify;\">Al finalizar la recogida quiz\u00e1s se podr\u00e1 incluir este fondo en un cat\u00e1logo en linea o se podr\u00e1n realizar exposiciones y talleres sobre el tema. En todo caso, con la documentaci\u00f3n conservada en el Archivo Municipal, por medio tanto de esta iniciativa como del trabajo fundamental de conservar los documentos de archivo que genera el Ayuntamiento en el ejercicio de sus funciones, las futuras generaciones de Burriana podr\u00e1n conocer la pandemia de la Covid-19 y, si se volviera a dar un caso similar, decidir cu\u00e1l es la mejor forma de actuaci\u00f3n para afrontarlo.&nbsp;<div class=\"clear\"><\/div><div class=\"gdlr-space\" style=\"margin-top: 20px;\"><\/div><\/p>\n<p style=\"text-align: right;\">M\u00aa Pilar Ramos-Garijo Font de Mora. Archivo Municipal de Burriana<\/p>","protected":false},"excerpt":{"rendered":"#guardemlanostrahist\u00f2ria #Borrianaesquedaacasa #a\u00e7\u00f2tamb\u00e9passar\u00e0 Todos somos conscientes de la grave situaci\u00f3n que vivimos a causa de la pandemia de coronavirus, una situaci\u00f3n que pasar\u00e1 a ser hist\u00f3rica y que muchos archivos ya est\u00e1n trabajando para conservar y documentar. Hace unos d\u00edas la Unesco present\u00f3 una declaraci\u00f3n conjunta que, bajo el t\u00edtulo \u00abConvirtiendo la amenaza de la [&hellip;]","protected":false},"author":125,"featured_media":5898,"comment_status":"closed","ping_status":"closed","sticky":false,"template":"","format":"standard","meta":{"jetpack_post_was_ever_published":false,"_jetpack_newsletter_access":"","_jetpack_dont_email_post_to_subs":false,"_jetpack_newsletter_tier_id":0,"_jetpack_memberships_contains_paywalled_content":false,"_jetpack_memberships_contains_paid_content":false,"footnotes":"","jetpack_publicize_message":"","jetpack_publicize_feature_enabled":true,"jetpack_social_post_already_shared":true,"jetpack_social_options":{"image_generator_settings":{"template":"highway","enabled":false}}},"categories":[3],"tags":[],"jetpack_publicize_connections":[],"yoast_head":"<!-- This site is optimized with the Yoast SEO plugin v22.7 - https:\/\/yoast.com\/wordpress\/plugins\/seo\/ -->\n<title>Memoria social de Burriana en tiempo de la Covid-19 - arxiversvalencians.org<\/title>\n<meta name=\"robots\" content=\"index, follow, max-snippet:-1, max-image-preview:large, max-video-preview:-1\" \/>\n<link rel=\"canonical\" href=\"https:\/\/arxiversvalencians.org\/es\/memoria-social-burriana-covid-19\/\" \/>\n<meta property=\"og:locale\" content=\"es_ES\" \/>\n<meta property=\"og:type\" content=\"article\" \/>\n<meta property=\"og:title\" content=\"Memoria social de Burriana en tiempo de la Covid-19 - arxiversvalencians.org\" \/>\n<meta property=\"og:description\" content=\"#guardemlanostrahist\u00f2ria #Borrianaesquedaacasa #a\u00e7\u00f2tamb\u00e9passar\u00e0 Todos somos conscientes de la grave situaci\u00f3n que vivimos a causa de la pandemia de coronavirus, una situaci\u00f3n que pasar\u00e1 a ser hist\u00f3rica y que muchos archivos ya est\u00e1n trabajando para conservar y documentar. Hace unos d\u00edas la Unesco present\u00f3 una declaraci\u00f3n conjunta que, bajo el t\u00edtulo \u00abConvirtiendo la amenaza de la [&hellip;]\" \/>\n<meta property=\"og:url\" content=\"https:\/\/arxiversvalencians.org\/es\/memoria-social-burriana-covid-19\/\" \/>\n<meta property=\"og:site_name\" content=\"arxiversvalencians.org\" \/>\n<meta property=\"article:published_time\" content=\"2020-04-17T10:23:39+00:00\" \/>\n<meta property=\"article:modified_time\" content=\"2020-04-17T12:55:39+00:00\" \/>\n<meta property=\"og:image\" content=\"https:\/\/arxiversvalencians.org\/wp-content\/uploads\/2020\/04\/capcalera-arxiu-covid-19.png\" \/>\n\t<meta property=\"og:image:width\" content=\"600\" \/>\n\t<meta property=\"og:image:height\" content=\"153\" \/>\n\t<meta property=\"og:image:type\" content=\"image\/png\" \/>\n<meta name=\"author\" content=\"VDifusio\" \/>\n<meta name=\"twitter:card\" content=\"summary_large_image\" \/>\n<meta name=\"twitter:label1\" content=\"Escrito por\" \/>\n\t<meta name=\"twitter:data1\" content=\"VDifusio\" \/>\n\t<meta name=\"twitter:label2\" content=\"Tiempo de lectura\" \/>\n\t<meta name=\"twitter:data2\" content=\"4 minutos\" \/>\n<script type=\"application\/ld+json\" class=\"yoast-schema-graph\">{\"@context\":\"https:\/\/schema.org\",\"@graph\":[{\"@type\":\"WebPage\",\"@id\":\"https:\/\/arxiversvalencians.org\/es\/memoria-social-burriana-covid-19\/\",\"url\":\"https:\/\/arxiversvalencians.org\/es\/memoria-social-burriana-covid-19\/\",\"name\":\"Memoria social de Burriana en tiempo de la Covid-19 - arxiversvalencians.org\",\"isPartOf\":{\"@id\":\"https:\/\/arxiversvalencians.org\/#website\"},\"primaryImageOfPage\":{\"@id\":\"https:\/\/arxiversvalencians.org\/es\/memoria-social-burriana-covid-19\/#primaryimage\"},\"image\":{\"@id\":\"https:\/\/arxiversvalencians.org\/es\/memoria-social-burriana-covid-19\/#primaryimage\"},\"thumbnailUrl\":\"https:\/\/arxiversvalencians.org\/wp-content\/uploads\/2020\/04\/capcalera-arxiu-covid-19.png\",\"datePublished\":\"2020-04-17T10:23:39+00:00\",\"dateModified\":\"2020-04-17T12:55:39+00:00\",\"author\":{\"@id\":\"https:\/\/arxiversvalencians.org\/#\/schema\/person\/8ae0b510f698f2cf88fcf870b754f787\"},\"breadcrumb\":{\"@id\":\"https:\/\/arxiversvalencians.org\/es\/memoria-social-burriana-covid-19\/#breadcrumb\"},\"inLanguage\":\"es\",\"potentialAction\":[{\"@type\":\"ReadAction\",\"target\":[\"https:\/\/arxiversvalencians.org\/es\/memoria-social-burriana-covid-19\/\"]}]},{\"@type\":\"ImageObject\",\"inLanguage\":\"es\",\"@id\":\"https:\/\/arxiversvalencians.org\/es\/memoria-social-burriana-covid-19\/#primaryimage\",\"url\":\"https:\/\/arxiversvalencians.org\/wp-content\/uploads\/2020\/04\/capcalera-arxiu-covid-19.png\",\"contentUrl\":\"https:\/\/arxiversvalencians.org\/wp-content\/uploads\/2020\/04\/capcalera-arxiu-covid-19.png\",\"width\":600,\"height\":153},{\"@type\":\"BreadcrumbList\",\"@id\":\"https:\/\/arxiversvalencians.org\/es\/memoria-social-burriana-covid-19\/#breadcrumb\",\"itemListElement\":[{\"@type\":\"ListItem\",\"position\":1,\"name\":\"Portada\",\"item\":\"https:\/\/arxiversvalencians.org\/es\/\"},{\"@type\":\"ListItem\",\"position\":2,\"name\":\"Memoria social de Burriana en tiempo de la Covid-19\"}]},{\"@type\":\"WebSite\",\"@id\":\"https:\/\/arxiversvalencians.org\/#website\",\"url\":\"https:\/\/arxiversvalencians.org\/\",\"name\":\"arxiversvalencians.org\",\"description\":\"arxiversvalencians.org\",\"potentialAction\":[{\"@type\":\"SearchAction\",\"target\":{\"@type\":\"EntryPoint\",\"urlTemplate\":\"https:\/\/arxiversvalencians.org\/?s={search_term_string}\"},\"query-input\":\"required name=search_term_string\"}],\"inLanguage\":\"es\"},{\"@type\":\"Person\",\"@id\":\"https:\/\/arxiversvalencians.org\/#\/schema\/person\/8ae0b510f698f2cf88fcf870b754f787\",\"name\":\"VDifusio\",\"image\":{\"@type\":\"ImageObject\",\"inLanguage\":\"es\",\"@id\":\"https:\/\/arxiversvalencians.org\/#\/schema\/person\/image\/\",\"url\":\"https:\/\/secure.gravatar.com\/avatar\/28cfcd89ff7a51dbe91eb199dcdd222c?s=96&d=mm&r=g\",\"contentUrl\":\"https:\/\/secure.gravatar.com\/avatar\/28cfcd89ff7a51dbe91eb199dcdd222c?s=96&d=mm&r=g\",\"caption\":\"VDifusio\"},\"url\":\"https:\/\/arxiversvalencians.org\/es\/author\/vdifusio\/\"}]}<\/script>\n<!-- \/ Yoast SEO plugin. -->","yoast_head_json":{"title":"Memoria social de Burriana en tiempo de la Covid-19 - arxiversvalencians.org","robots":{"index":"index","follow":"follow","max-snippet":"max-snippet:-1","max-image-preview":"max-image-preview:large","max-video-preview":"max-video-preview:-1"},"canonical":"https:\/\/arxiversvalencians.org\/es\/memoria-social-burriana-covid-19\/","og_locale":"es_ES","og_type":"article","og_title":"Memoria social de Burriana en tiempo de la Covid-19 - arxiversvalencians.org","og_description":"#guardemlanostrahist\u00f2ria #Borrianaesquedaacasa #a\u00e7\u00f2tamb\u00e9passar\u00e0 Todos somos conscientes de la grave situaci\u00f3n que vivimos a causa de la pandemia de coronavirus, una situaci\u00f3n que pasar\u00e1 a ser hist\u00f3rica y que muchos archivos ya est\u00e1n trabajando para conservar y documentar. Hace unos d\u00edas la Unesco present\u00f3 una declaraci\u00f3n conjunta que, bajo el t\u00edtulo \u00abConvirtiendo la amenaza de la [&hellip;]","og_url":"https:\/\/arxiversvalencians.org\/es\/memoria-social-burriana-covid-19\/","og_site_name":"arxiversvalencians.org","article_published_time":"2020-04-17T10:23:39+00:00","article_modified_time":"2020-04-17T12:55:39+00:00","og_image":[{"width":600,"height":153,"url":"https:\/\/arxiversvalencians.org\/wp-content\/uploads\/2020\/04\/capcalera-arxiu-covid-19.png","type":"image\/png"}],"author":"VDifusio","twitter_card":"summary_large_image","twitter_misc":{"Escrito por":"VDifusio","Tiempo de lectura":"4 minutos"},"schema":{"@context":"https:\/\/schema.org","@graph":[{"@type":"WebPage","@id":"https:\/\/arxiversvalencians.org\/es\/memoria-social-burriana-covid-19\/","url":"https:\/\/arxiversvalencians.org\/es\/memoria-social-burriana-covid-19\/","name":"Memoria social de Burriana en tiempo de la Covid-19 - arxiversvalencians.org","isPartOf":{"@id":"https:\/\/arxiversvalencians.org\/#website"},"primaryImageOfPage":{"@id":"https:\/\/arxiversvalencians.org\/es\/memoria-social-burriana-covid-19\/#primaryimage"},"image":{"@id":"https:\/\/arxiversvalencians.org\/es\/memoria-social-burriana-covid-19\/#primaryimage"},"thumbnailUrl":"https:\/\/arxiversvalencians.org\/wp-content\/uploads\/2020\/04\/capcalera-arxiu-covid-19.png","datePublished":"2020-04-17T10:23:39+00:00","dateModified":"2020-04-17T12:55:39+00:00","author":{"@id":"https:\/\/arxiversvalencians.org\/#\/schema\/person\/8ae0b510f698f2cf88fcf870b754f787"},"breadcrumb":{"@id":"https:\/\/arxiversvalencians.org\/es\/memoria-social-burriana-covid-19\/#breadcrumb"},"inLanguage":"es","potentialAction":[{"@type":"ReadAction","target":["https:\/\/arxiversvalencians.org\/es\/memoria-social-burriana-covid-19\/"]}]},{"@type":"ImageObject","inLanguage":"es","@id":"https:\/\/arxiversvalencians.org\/es\/memoria-social-burriana-covid-19\/#primaryimage","url":"https:\/\/arxiversvalencians.org\/wp-content\/uploads\/2020\/04\/capcalera-arxiu-covid-19.png","contentUrl":"https:\/\/arxiversvalencians.org\/wp-content\/uploads\/2020\/04\/capcalera-arxiu-covid-19.png","width":600,"height":153},{"@type":"BreadcrumbList","@id":"https:\/\/arxiversvalencians.org\/es\/memoria-social-burriana-covid-19\/#breadcrumb","itemListElement":[{"@type":"ListItem","position":1,"name":"Portada","item":"https:\/\/arxiversvalencians.org\/es\/"},{"@type":"ListItem","position":2,"name":"Memoria social de Burriana en tiempo de la Covid-19"}]},{"@type":"WebSite","@id":"https:\/\/arxiversvalencians.org\/#website","url":"https:\/\/arxiversvalencians.org\/","name":"arxiversvalencians.org","description":"arxiversvalencians.org","potentialAction":[{"@type":"SearchAction","target":{"@type":"EntryPoint","urlTemplate":"https:\/\/arxiversvalencians.org\/?s={search_term_string}"},"query-input":"required name=search_term_string"}],"inLanguage":"es"},{"@type":"Person","@id":"https:\/\/arxiversvalencians.org\/#\/schema\/person\/8ae0b510f698f2cf88fcf870b754f787","name":"VDifusio","image":{"@type":"ImageObject","inLanguage":"es","@id":"https:\/\/arxiversvalencians.org\/#\/schema\/person\/image\/","url":"https:\/\/secure.gravatar.com\/avatar\/28cfcd89ff7a51dbe91eb199dcdd222c?s=96&d=mm&r=g","contentUrl":"https:\/\/secure.gravatar.com\/avatar\/28cfcd89ff7a51dbe91eb199dcdd222c?s=96&d=mm&r=g","caption":"VDifusio"},"url":"https:\/\/arxiversvalencians.org\/es\/author\/vdifusio\/"}]}},"jetpack_featured_media_url":"https:\/\/arxiversvalencians.org\/wp-content\/uploads\/2020\/04\/capcalera-arxiu-covid-19.png","jetpack_sharing_enabled":true,"jetpack_shortlink":"https:\/\/wp.me\/p7fqQj-1wT","_links":{"self":[{"href":"https:\/\/arxiversvalencians.org\/es\/wp-json\/wp\/v2\/posts\/5883"}],"collection":[{"href":"https:\/\/arxiversvalencians.org\/es\/wp-json\/wp\/v2\/posts"}],"about":[{"href":"https:\/\/arxiversvalencians.org\/es\/wp-json\/wp\/v2\/types\/post"}],"author":[{"embeddable":true,"href":"https:\/\/arxiversvalencians.org\/es\/wp-json\/wp\/v2\/users\/125"}],"replies":[{"embeddable":true,"href":"https:\/\/arxiversvalencians.org\/es\/wp-json\/wp\/v2\/comments?post=5883"}],"version-history":[{"count":8,"href":"https:\/\/arxiversvalencians.org\/es\/wp-json\/wp\/v2\/posts\/5883\/revisions"}],"predecessor-version":[{"id":5909,"href":"https:\/\/arxiversvalencians.org\/es\/wp-json\/wp\/v2\/posts\/5883\/revisions\/5909"}],"wp:featuredmedia":[{"embeddable":true,"href":"https:\/\/arxiversvalencians.org\/es\/wp-json\/wp\/v2\/media\/5898"}],"wp:attachment":[{"href":"https:\/\/arxiversvalencians.org\/es\/wp-json\/wp\/v2\/media?parent=5883"}],"wp:term":[{"taxonomy":"category","embeddable":true,"href":"https:\/\/arxiversvalencians.org\/es\/wp-json\/wp\/v2\/categories?post=5883"},{"taxonomy":"post_tag","embeddable":true,"href":"https:\/\/arxiversvalencians.org\/es\/wp-json\/wp\/v2\/tags?post=5883"}],"curies":[{"name":"wp","href":"https:\/\/api.w.org\/{rel}","templated":true}]}}