{"id":5859,"date":"2020-04-16T16:18:24","date_gmt":"2020-04-16T15:18:24","guid":{"rendered":"http:\/\/arxiversvalencians.org\/?p=5859"},"modified":"2020-04-16T18:29:20","modified_gmt":"2020-04-16T17:29:20","slug":"revista-d-arxius-abierto","status":"publish","type":"post","link":"https:\/\/arxiversvalencians.org\/es\/revista-d-arxius-abierto\/","title":{"rendered":"La Revista d&#8217;Arxius en abierto"},"content":{"rendered":"<p style=\"text-align: justify;\">La <strong>Revista d&#8217;Arxius<\/strong>, publicaci\u00f3n peri\u00f3dica editada por la Associaci\u00f3 d&#8217;Arxivers i Gestors de Documents Valencians, se encuentra ahora disponible de forma online a trav\u00e9s de la p\u00e1gina web <a href=\"http:\/\/arxiversvalencians.org\/es\/revista-d-arxius\/\">http:\/\/arxiversvalencians.org\/es\/revista-d-arxius\/<\/a>.<div class=\"clear\"><\/div><div class=\"gdlr-space\" style=\"margin-top: 20px;\"><\/div><\/p>\n<p style=\"text-align: justify;\">La Revista d&#8217;Arxius naci\u00f3 en el a\u00f1o 2002 dentro de las actividades ejercidas por la AAV, con el objetivo de recoger art\u00edculos sobre temas monogr\u00e1ficos, tratando de ofrecer al profesional de la archiv\u00edstica y a todos los posibles interesados, un conjunto de opiniones, conocimientos, experiencias o perspectivas sobre una misma materia o asunto.<div class=\"clear\"><\/div><div class=\"gdlr-space\" style=\"margin-top: 20px;\"><\/div><\/p>\n<p style=\"text-align: justify;\">Los \u00faltimos n\u00fameros publicados han estado dedicados a los <strong>Archivos Judiciales<\/strong> (14-15, 2015-2016), y al contenido de las VIII Jornadas AAV, <strong>Archivos, por la Democracia y Derecho a la Informaci\u00f3n <\/strong>(16, 2017).<div class=\"clear\"><\/div><div class=\"gdlr-space\" style=\"margin-top: 20px;\"><\/div><\/p>\n<p style=\"text-align: justify;\">Publicamos ahora en formato digital los art\u00edculos de los siete primeros n\u00fameros de la Revista d&#8217;Arxius, desde el n\u00famero 1 (2002) al 8 (2009), con el objetivo de facilitar su acceso a todos los asociados, a la comunidad archiv\u00edstica y al p\u00fablico en general.<div class=\"clear\"><\/div><div class=\"gdlr-space\" style=\"margin-top: 20px;\"><\/div><\/p>","protected":false},"excerpt":{"rendered":"La Revista d&#8217;Arxius, publicaci\u00f3n peri\u00f3dica editada por la Associaci\u00f3 d&#8217;Arxivers i Gestors de Documents Valencians, se encuentra ahora disponible de forma online a trav\u00e9s de la p\u00e1gina web http:\/\/arxiversvalencians.org\/es\/revista-d-arxius\/. La Revista d&#8217;Arxius naci\u00f3 en el a\u00f1o 2002 dentro de las actividades ejercidas por la AAV, con el objetivo de recoger art\u00edculos sobre temas monogr\u00e1ficos, tratando [&hellip;]","protected":false},"author":125,"featured_media":5862,"comment_status":"closed","ping_status":"closed","sticky":false,"template":"","format":"standard","meta":{"jetpack_post_was_ever_published":false,"_jetpack_newsletter_access":"","_jetpack_dont_email_post_to_subs":false,"_jetpack_newsletter_tier_id":0,"_jetpack_memberships_contains_paywalled_content":false,"_jetpack_memberships_contains_paid_content":false,"footnotes":"","jetpack_publicize_message":"","jetpack_publicize_feature_enabled":true,"jetpack_social_post_already_shared":true,"jetpack_social_options":{"image_generator_settings":{"template":"highway","enabled":false}}},"categories":[3],"tags":[],"jetpack_publicize_connections":[],"yoast_head":"<!-- This site is optimized with the Yoast SEO plugin v22.7 - https:\/\/yoast.com\/wordpress\/plugins\/seo\/ -->\n<title>La Revista d&#039;Arxius en abierto - arxiversvalencians.org<\/title>\n<meta name=\"robots\" content=\"index, follow, max-snippet:-1, max-image-preview:large, max-video-preview:-1\" \/>\n<link rel=\"canonical\" href=\"https:\/\/arxiversvalencians.org\/es\/revista-d-arxius-abierto\/\" \/>\n<meta property=\"og:locale\" content=\"es_ES\" \/>\n<meta property=\"og:type\" content=\"article\" \/>\n<meta property=\"og:title\" content=\"La Revista d&#039;Arxius en abierto - arxiversvalencians.org\" \/>\n<meta property=\"og:description\" content=\"La Revista d&#8217;Arxius, publicaci\u00f3n peri\u00f3dica editada por la Associaci\u00f3 d&#8217;Arxivers i Gestors de Documents Valencians, se encuentra ahora disponible de forma online a trav\u00e9s de la p\u00e1gina web http:\/\/arxiversvalencians.org\/es\/revista-d-arxius\/. La Revista d&#8217;Arxius naci\u00f3 en el a\u00f1o 2002 dentro de las actividades ejercidas por la AAV, con el objetivo de recoger art\u00edculos sobre temas monogr\u00e1ficos, tratando [&hellip;]\" \/>\n<meta property=\"og:url\" content=\"https:\/\/arxiversvalencians.org\/es\/revista-d-arxius-abierto\/\" \/>\n<meta property=\"og:site_name\" content=\"arxiversvalencians.org\" \/>\n<meta property=\"article:published_time\" content=\"2020-04-16T15:18:24+00:00\" \/>\n<meta property=\"article:modified_time\" content=\"2020-04-16T17:29:20+00:00\" \/>\n<meta property=\"og:image\" content=\"https:\/\/arxiversvalencians.org\/wp-content\/uploads\/2020\/04\/revista_arxius.jpg\" \/>\n\t<meta property=\"og:image:width\" content=\"1165\" \/>\n\t<meta property=\"og:image:height\" content=\"515\" \/>\n\t<meta property=\"og:image:type\" content=\"image\/jpeg\" \/>\n<meta name=\"author\" content=\"VDifusio\" \/>\n<meta name=\"twitter:card\" content=\"summary_large_image\" \/>\n<meta name=\"twitter:label1\" content=\"Escrito por\" \/>\n\t<meta name=\"twitter:data1\" content=\"VDifusio\" \/>\n\t<meta name=\"twitter:label2\" content=\"Tiempo de lectura\" \/>\n\t<meta name=\"twitter:data2\" content=\"1 minuto\" \/>\n<script type=\"application\/ld+json\" class=\"yoast-schema-graph\">{\"@context\":\"https:\/\/schema.org\",\"@graph\":[{\"@type\":\"WebPage\",\"@id\":\"https:\/\/arxiversvalencians.org\/es\/revista-d-arxius-abierto\/\",\"url\":\"https:\/\/arxiversvalencians.org\/es\/revista-d-arxius-abierto\/\",\"name\":\"La Revista d'Arxius en abierto - arxiversvalencians.org\",\"isPartOf\":{\"@id\":\"https:\/\/arxiversvalencians.org\/#website\"},\"primaryImageOfPage\":{\"@id\":\"https:\/\/arxiversvalencians.org\/es\/revista-d-arxius-abierto\/#primaryimage\"},\"image\":{\"@id\":\"https:\/\/arxiversvalencians.org\/es\/revista-d-arxius-abierto\/#primaryimage\"},\"thumbnailUrl\":\"https:\/\/arxiversvalencians.org\/wp-content\/uploads\/2020\/04\/revista_arxius.jpg\",\"datePublished\":\"2020-04-16T15:18:24+00:00\",\"dateModified\":\"2020-04-16T17:29:20+00:00\",\"author\":{\"@id\":\"https:\/\/arxiversvalencians.org\/#\/schema\/person\/8ae0b510f698f2cf88fcf870b754f787\"},\"breadcrumb\":{\"@id\":\"https:\/\/arxiversvalencians.org\/es\/revista-d-arxius-abierto\/#breadcrumb\"},\"inLanguage\":\"es\",\"potentialAction\":[{\"@type\":\"ReadAction\",\"target\":[\"https:\/\/arxiversvalencians.org\/es\/revista-d-arxius-abierto\/\"]}]},{\"@type\":\"ImageObject\",\"inLanguage\":\"es\",\"@id\":\"https:\/\/arxiversvalencians.org\/es\/revista-d-arxius-abierto\/#primaryimage\",\"url\":\"https:\/\/arxiversvalencians.org\/wp-content\/uploads\/2020\/04\/revista_arxius.jpg\",\"contentUrl\":\"https:\/\/arxiversvalencians.org\/wp-content\/uploads\/2020\/04\/revista_arxius.jpg\",\"width\":1165,\"height\":515},{\"@type\":\"BreadcrumbList\",\"@id\":\"https:\/\/arxiversvalencians.org\/es\/revista-d-arxius-abierto\/#breadcrumb\",\"itemListElement\":[{\"@type\":\"ListItem\",\"position\":1,\"name\":\"Portada\",\"item\":\"https:\/\/arxiversvalencians.org\/es\/\"},{\"@type\":\"ListItem\",\"position\":2,\"name\":\"La Revista d&#8217;Arxius en abierto\"}]},{\"@type\":\"WebSite\",\"@id\":\"https:\/\/arxiversvalencians.org\/#website\",\"url\":\"https:\/\/arxiversvalencians.org\/\",\"name\":\"arxiversvalencians.org\",\"description\":\"arxiversvalencians.org\",\"potentialAction\":[{\"@type\":\"SearchAction\",\"target\":{\"@type\":\"EntryPoint\",\"urlTemplate\":\"https:\/\/arxiversvalencians.org\/?s={search_term_string}\"},\"query-input\":\"required name=search_term_string\"}],\"inLanguage\":\"es\"},{\"@type\":\"Person\",\"@id\":\"https:\/\/arxiversvalencians.org\/#\/schema\/person\/8ae0b510f698f2cf88fcf870b754f787\",\"name\":\"VDifusio\",\"image\":{\"@type\":\"ImageObject\",\"inLanguage\":\"es\",\"@id\":\"https:\/\/arxiversvalencians.org\/#\/schema\/person\/image\/\",\"url\":\"https:\/\/secure.gravatar.com\/avatar\/28cfcd89ff7a51dbe91eb199dcdd222c?s=96&d=mm&r=g\",\"contentUrl\":\"https:\/\/secure.gravatar.com\/avatar\/28cfcd89ff7a51dbe91eb199dcdd222c?s=96&d=mm&r=g\",\"caption\":\"VDifusio\"},\"url\":\"https:\/\/arxiversvalencians.org\/es\/author\/vdifusio\/\"}]}<\/script>\n<!-- \/ Yoast SEO plugin. -->","yoast_head_json":{"title":"La Revista d'Arxius en abierto - arxiversvalencians.org","robots":{"index":"index","follow":"follow","max-snippet":"max-snippet:-1","max-image-preview":"max-image-preview:large","max-video-preview":"max-video-preview:-1"},"canonical":"https:\/\/arxiversvalencians.org\/es\/revista-d-arxius-abierto\/","og_locale":"es_ES","og_type":"article","og_title":"La Revista d'Arxius en abierto - arxiversvalencians.org","og_description":"La Revista d&#8217;Arxius, publicaci\u00f3n peri\u00f3dica editada por la Associaci\u00f3 d&#8217;Arxivers i Gestors de Documents Valencians, se encuentra ahora disponible de forma online a trav\u00e9s de la p\u00e1gina web http:\/\/arxiversvalencians.org\/es\/revista-d-arxius\/. La Revista d&#8217;Arxius naci\u00f3 en el a\u00f1o 2002 dentro de las actividades ejercidas por la AAV, con el objetivo de recoger art\u00edculos sobre temas monogr\u00e1ficos, tratando [&hellip;]","og_url":"https:\/\/arxiversvalencians.org\/es\/revista-d-arxius-abierto\/","og_site_name":"arxiversvalencians.org","article_published_time":"2020-04-16T15:18:24+00:00","article_modified_time":"2020-04-16T17:29:20+00:00","og_image":[{"width":1165,"height":515,"url":"https:\/\/arxiversvalencians.org\/wp-content\/uploads\/2020\/04\/revista_arxius.jpg","type":"image\/jpeg"}],"author":"VDifusio","twitter_card":"summary_large_image","twitter_misc":{"Escrito por":"VDifusio","Tiempo de lectura":"1 minuto"},"schema":{"@context":"https:\/\/schema.org","@graph":[{"@type":"WebPage","@id":"https:\/\/arxiversvalencians.org\/es\/revista-d-arxius-abierto\/","url":"https:\/\/arxiversvalencians.org\/es\/revista-d-arxius-abierto\/","name":"La Revista d'Arxius en abierto - arxiversvalencians.org","isPartOf":{"@id":"https:\/\/arxiversvalencians.org\/#website"},"primaryImageOfPage":{"@id":"https:\/\/arxiversvalencians.org\/es\/revista-d-arxius-abierto\/#primaryimage"},"image":{"@id":"https:\/\/arxiversvalencians.org\/es\/revista-d-arxius-abierto\/#primaryimage"},"thumbnailUrl":"https:\/\/arxiversvalencians.org\/wp-content\/uploads\/2020\/04\/revista_arxius.jpg","datePublished":"2020-04-16T15:18:24+00:00","dateModified":"2020-04-16T17:29:20+00:00","author":{"@id":"https:\/\/arxiversvalencians.org\/#\/schema\/person\/8ae0b510f698f2cf88fcf870b754f787"},"breadcrumb":{"@id":"https:\/\/arxiversvalencians.org\/es\/revista-d-arxius-abierto\/#breadcrumb"},"inLanguage":"es","potentialAction":[{"@type":"ReadAction","target":["https:\/\/arxiversvalencians.org\/es\/revista-d-arxius-abierto\/"]}]},{"@type":"ImageObject","inLanguage":"es","@id":"https:\/\/arxiversvalencians.org\/es\/revista-d-arxius-abierto\/#primaryimage","url":"https:\/\/arxiversvalencians.org\/wp-content\/uploads\/2020\/04\/revista_arxius.jpg","contentUrl":"https:\/\/arxiversvalencians.org\/wp-content\/uploads\/2020\/04\/revista_arxius.jpg","width":1165,"height":515},{"@type":"BreadcrumbList","@id":"https:\/\/arxiversvalencians.org\/es\/revista-d-arxius-abierto\/#breadcrumb","itemListElement":[{"@type":"ListItem","position":1,"name":"Portada","item":"https:\/\/arxiversvalencians.org\/es\/"},{"@type":"ListItem","position":2,"name":"La Revista d&#8217;Arxius en abierto"}]},{"@type":"WebSite","@id":"https:\/\/arxiversvalencians.org\/#website","url":"https:\/\/arxiversvalencians.org\/","name":"arxiversvalencians.org","description":"arxiversvalencians.org","potentialAction":[{"@type":"SearchAction","target":{"@type":"EntryPoint","urlTemplate":"https:\/\/arxiversvalencians.org\/?s={search_term_string}"},"query-input":"required name=search_term_string"}],"inLanguage":"es"},{"@type":"Person","@id":"https:\/\/arxiversvalencians.org\/#\/schema\/person\/8ae0b510f698f2cf88fcf870b754f787","name":"VDifusio","image":{"@type":"ImageObject","inLanguage":"es","@id":"https:\/\/arxiversvalencians.org\/#\/schema\/person\/image\/","url":"https:\/\/secure.gravatar.com\/avatar\/28cfcd89ff7a51dbe91eb199dcdd222c?s=96&d=mm&r=g","contentUrl":"https:\/\/secure.gravatar.com\/avatar\/28cfcd89ff7a51dbe91eb199dcdd222c?s=96&d=mm&r=g","caption":"VDifusio"},"url":"https:\/\/arxiversvalencians.org\/es\/author\/vdifusio\/"}]}},"jetpack_featured_media_url":"https:\/\/arxiversvalencians.org\/wp-content\/uploads\/2020\/04\/revista_arxius.jpg","jetpack_sharing_enabled":true,"jetpack_shortlink":"https:\/\/wp.me\/p7fqQj-1wv","_links":{"self":[{"href":"https:\/\/arxiversvalencians.org\/es\/wp-json\/wp\/v2\/posts\/5859"}],"collection":[{"href":"https:\/\/arxiversvalencians.org\/es\/wp-json\/wp\/v2\/posts"}],"about":[{"href":"https:\/\/arxiversvalencians.org\/es\/wp-json\/wp\/v2\/types\/post"}],"author":[{"embeddable":true,"href":"https:\/\/arxiversvalencians.org\/es\/wp-json\/wp\/v2\/users\/125"}],"replies":[{"embeddable":true,"href":"https:\/\/arxiversvalencians.org\/es\/wp-json\/wp\/v2\/comments?post=5859"}],"version-history":[{"count":10,"href":"https:\/\/arxiversvalencians.org\/es\/wp-json\/wp\/v2\/posts\/5859\/revisions"}],"predecessor-version":[{"id":5881,"href":"https:\/\/arxiversvalencians.org\/es\/wp-json\/wp\/v2\/posts\/5859\/revisions\/5881"}],"wp:featuredmedia":[{"embeddable":true,"href":"https:\/\/arxiversvalencians.org\/es\/wp-json\/wp\/v2\/media\/5862"}],"wp:attachment":[{"href":"https:\/\/arxiversvalencians.org\/es\/wp-json\/wp\/v2\/media?parent=5859"}],"wp:term":[{"taxonomy":"category","embeddable":true,"href":"https:\/\/arxiversvalencians.org\/es\/wp-json\/wp\/v2\/categories?post=5859"},{"taxonomy":"post_tag","embeddable":true,"href":"https:\/\/arxiversvalencians.org\/es\/wp-json\/wp\/v2\/tags?post=5859"}],"curies":[{"name":"wp","href":"https:\/\/api.w.org\/{rel}","templated":true}]}}