{"id":5824,"date":"2020-04-15T13:43:47","date_gmt":"2020-04-15T12:43:47","guid":{"rendered":"http:\/\/arxiversvalencians.org\/?p=5824"},"modified":"2020-04-15T14:51:16","modified_gmt":"2020-04-15T13:51:16","slug":"memorias-confinamiento-diputacion-alicante","status":"publish","type":"post","link":"https:\/\/arxiversvalencians.org\/es\/memorias-confinamiento-diputacion-alicante\/","title":{"rendered":"Memorias de un confinamiento desde el Archivo de la Diputaci\u00f3n Provincial de Alicante"},"content":{"rendered":"<p style=\"text-align: justify;\">Los documentos que custodian los archivos son una fuente primaria para la investigaci\u00f3n hist\u00f3rica, como tambi\u00e9n lo son las fuentes orales, diarios privados, memorias personales, im\u00e1genes\u2026 Por eso, os invitamos a que compart\u00e1is con nosotros y nuestros lectores vuestras experiencias en \u00e9stos d\u00edas de confinamiento. <div class=\"clear\"><\/div><div class=\"gdlr-space\" style=\"margin-top: 20px;\"><\/div><\/p>\n<p style=\"text-align: justify;\">Aquellos que quer\u00e1is colaborar en nuestro proyecto \u201c<strong>Memorias de un confinamiento desde el Archivo de la Diputaci\u00f3n Provincial de Alicante<\/strong>\u201d pod\u00e9is mandarnos relatos o diarios de la experiencia, audios, fotograf\u00edas, v\u00eddeos, etc. por email a archivo@diputacionalicante.es y ser\u00e1n publicados en nuestras redes sociales y la p\u00e1gina web del Archivo <a href=\"http:\/\/www.archivo.diputacionalicante.es\/\">http:\/\/www.archivo.diputacionalicante.es\/<\/a>.<div class=\"clear\"><\/div><div class=\"gdlr-space\" style=\"margin-top: 20px;\"><\/div><\/p>\n<p style=\"text-align: justify;\">Por supuesto, no olvidamos la visi\u00f3n de los m\u00e1s peque\u00f1os con dibujos, audios, textos, que estaremos encantados de publicar y conservar. <div class=\"clear\"><\/div><div class=\"gdlr-space\" style=\"margin-top: 20px;\"><\/div><\/p>\n<p style=\"text-align: justify;\"><strong>Hoy la Historia la escribimos entre todos. <\/strong><div class=\"clear\"><\/div><div class=\"gdlr-space\" style=\"margin-top: 20px;\"><\/div><\/p>\n\n\n<figure class=\"wp-block-image\"><img loading=\"lazy\" decoding=\"async\" width=\"1024\" height=\"643\" src=\"http:\/\/arxiversvalencians.org\/wp-content\/uploads\/2020\/04\/memorias_confinamiento-2-1024x643.jpg\" alt=\"\" class=\"wp-image-5830\" srcset=\"https:\/\/arxiversvalencians.org\/wp-content\/uploads\/2020\/04\/memorias_confinamiento-2-1024x643.jpg 1024w, https:\/\/arxiversvalencians.org\/wp-content\/uploads\/2020\/04\/memorias_confinamiento-2-300x188.jpg 300w\" sizes=\"(max-width: 1024px) 100vw, 1024px\" \/><\/figure>\n\n\n\n<p style=\"text-align:right\">\n\nArchivo de la Diputaci\u00f3n de Alicante. <div class=\"clear\"><\/div><div class=\"gdlr-space\" style=\"margin-top: 20px;\"><\/div>\n\n<\/p>\n","protected":false},"excerpt":{"rendered":"Los documentos que custodian los archivos son una fuente primaria para la investigaci\u00f3n hist\u00f3rica, como tambi\u00e9n lo son las fuentes orales, diarios privados, memorias personales, im\u00e1genes\u2026 Por eso, os invitamos a que compart\u00e1is con nosotros y nuestros lectores vuestras experiencias en \u00e9stos d\u00edas de confinamiento. Aquellos que quer\u00e1is colaborar en nuestro proyecto \u201cMemorias de un [&hellip;]","protected":false},"author":125,"featured_media":5830,"comment_status":"closed","ping_status":"closed","sticky":false,"template":"","format":"standard","meta":{"jetpack_post_was_ever_published":false,"_jetpack_newsletter_access":"","_jetpack_dont_email_post_to_subs":false,"_jetpack_newsletter_tier_id":0,"_jetpack_memberships_contains_paywalled_content":false,"_jetpack_memberships_contains_paid_content":false,"footnotes":"","jetpack_publicize_message":"","jetpack_publicize_feature_enabled":true,"jetpack_social_post_already_shared":true,"jetpack_social_options":{"image_generator_settings":{"template":"highway","enabled":false}}},"categories":[3],"tags":[],"jetpack_publicize_connections":[],"yoast_head":"<!-- This site is optimized with the Yoast SEO plugin v22.7 - https:\/\/yoast.com\/wordpress\/plugins\/seo\/ -->\n<title>Memorias de un confinamiento desde el Archivo de la Diputaci\u00f3n Provincial de Alicante - arxiversvalencians.org<\/title>\n<meta name=\"robots\" content=\"index, follow, max-snippet:-1, max-image-preview:large, max-video-preview:-1\" \/>\n<link rel=\"canonical\" href=\"https:\/\/arxiversvalencians.org\/es\/memorias-confinamiento-diputacion-alicante\/\" \/>\n<meta property=\"og:locale\" content=\"es_ES\" \/>\n<meta property=\"og:type\" content=\"article\" \/>\n<meta property=\"og:title\" content=\"Memorias de un confinamiento desde el Archivo de la Diputaci\u00f3n Provincial de Alicante - arxiversvalencians.org\" \/>\n<meta property=\"og:description\" content=\"Los documentos que custodian los archivos son una fuente primaria para la investigaci\u00f3n hist\u00f3rica, como tambi\u00e9n lo son las fuentes orales, diarios privados, memorias personales, im\u00e1genes\u2026 Por eso, os invitamos a que compart\u00e1is con nosotros y nuestros lectores vuestras experiencias en \u00e9stos d\u00edas de confinamiento. Aquellos que quer\u00e1is colaborar en nuestro proyecto \u201cMemorias de un [&hellip;]\" \/>\n<meta property=\"og:url\" content=\"https:\/\/arxiversvalencians.org\/es\/memorias-confinamiento-diputacion-alicante\/\" \/>\n<meta property=\"og:site_name\" content=\"arxiversvalencians.org\" \/>\n<meta property=\"article:published_time\" content=\"2020-04-15T12:43:47+00:00\" \/>\n<meta property=\"article:modified_time\" content=\"2020-04-15T13:51:16+00:00\" \/>\n<meta property=\"og:image\" content=\"https:\/\/arxiversvalencians.org\/wp-content\/uploads\/2020\/04\/memorias_confinamiento-2.jpg\" \/>\n\t<meta property=\"og:image:width\" content=\"2804\" \/>\n\t<meta property=\"og:image:height\" content=\"1761\" \/>\n\t<meta property=\"og:image:type\" content=\"image\/jpeg\" \/>\n<meta name=\"author\" content=\"VDifusio\" \/>\n<meta name=\"twitter:card\" content=\"summary_large_image\" \/>\n<meta name=\"twitter:label1\" content=\"Escrito por\" \/>\n\t<meta name=\"twitter:data1\" content=\"VDifusio\" \/>\n\t<meta name=\"twitter:label2\" content=\"Tiempo de lectura\" \/>\n\t<meta name=\"twitter:data2\" content=\"1 minuto\" \/>\n<script type=\"application\/ld+json\" class=\"yoast-schema-graph\">{\"@context\":\"https:\/\/schema.org\",\"@graph\":[{\"@type\":\"WebPage\",\"@id\":\"https:\/\/arxiversvalencians.org\/es\/memorias-confinamiento-diputacion-alicante\/\",\"url\":\"https:\/\/arxiversvalencians.org\/es\/memorias-confinamiento-diputacion-alicante\/\",\"name\":\"Memorias de un confinamiento desde el Archivo de la Diputaci\u00f3n Provincial de Alicante - arxiversvalencians.org\",\"isPartOf\":{\"@id\":\"https:\/\/arxiversvalencians.org\/#website\"},\"primaryImageOfPage\":{\"@id\":\"https:\/\/arxiversvalencians.org\/es\/memorias-confinamiento-diputacion-alicante\/#primaryimage\"},\"image\":{\"@id\":\"https:\/\/arxiversvalencians.org\/es\/memorias-confinamiento-diputacion-alicante\/#primaryimage\"},\"thumbnailUrl\":\"https:\/\/arxiversvalencians.org\/wp-content\/uploads\/2020\/04\/memorias_confinamiento-2.jpg\",\"datePublished\":\"2020-04-15T12:43:47+00:00\",\"dateModified\":\"2020-04-15T13:51:16+00:00\",\"author\":{\"@id\":\"https:\/\/arxiversvalencians.org\/#\/schema\/person\/8ae0b510f698f2cf88fcf870b754f787\"},\"breadcrumb\":{\"@id\":\"https:\/\/arxiversvalencians.org\/es\/memorias-confinamiento-diputacion-alicante\/#breadcrumb\"},\"inLanguage\":\"es\",\"potentialAction\":[{\"@type\":\"ReadAction\",\"target\":[\"https:\/\/arxiversvalencians.org\/es\/memorias-confinamiento-diputacion-alicante\/\"]}]},{\"@type\":\"ImageObject\",\"inLanguage\":\"es\",\"@id\":\"https:\/\/arxiversvalencians.org\/es\/memorias-confinamiento-diputacion-alicante\/#primaryimage\",\"url\":\"https:\/\/arxiversvalencians.org\/wp-content\/uploads\/2020\/04\/memorias_confinamiento-2.jpg\",\"contentUrl\":\"https:\/\/arxiversvalencians.org\/wp-content\/uploads\/2020\/04\/memorias_confinamiento-2.jpg\",\"width\":2804,\"height\":1761},{\"@type\":\"BreadcrumbList\",\"@id\":\"https:\/\/arxiversvalencians.org\/es\/memorias-confinamiento-diputacion-alicante\/#breadcrumb\",\"itemListElement\":[{\"@type\":\"ListItem\",\"position\":1,\"name\":\"Portada\",\"item\":\"https:\/\/arxiversvalencians.org\/es\/\"},{\"@type\":\"ListItem\",\"position\":2,\"name\":\"Memorias de un confinamiento desde el Archivo de la Diputaci\u00f3n Provincial de Alicante\"}]},{\"@type\":\"WebSite\",\"@id\":\"https:\/\/arxiversvalencians.org\/#website\",\"url\":\"https:\/\/arxiversvalencians.org\/\",\"name\":\"arxiversvalencians.org\",\"description\":\"arxiversvalencians.org\",\"potentialAction\":[{\"@type\":\"SearchAction\",\"target\":{\"@type\":\"EntryPoint\",\"urlTemplate\":\"https:\/\/arxiversvalencians.org\/?s={search_term_string}\"},\"query-input\":\"required name=search_term_string\"}],\"inLanguage\":\"es\"},{\"@type\":\"Person\",\"@id\":\"https:\/\/arxiversvalencians.org\/#\/schema\/person\/8ae0b510f698f2cf88fcf870b754f787\",\"name\":\"VDifusio\",\"image\":{\"@type\":\"ImageObject\",\"inLanguage\":\"es\",\"@id\":\"https:\/\/arxiversvalencians.org\/#\/schema\/person\/image\/\",\"url\":\"https:\/\/secure.gravatar.com\/avatar\/28cfcd89ff7a51dbe91eb199dcdd222c?s=96&d=mm&r=g\",\"contentUrl\":\"https:\/\/secure.gravatar.com\/avatar\/28cfcd89ff7a51dbe91eb199dcdd222c?s=96&d=mm&r=g\",\"caption\":\"VDifusio\"},\"url\":\"https:\/\/arxiversvalencians.org\/es\/author\/vdifusio\/\"}]}<\/script>\n<!-- \/ Yoast SEO plugin. -->","yoast_head_json":{"title":"Memorias de un confinamiento desde el Archivo de la Diputaci\u00f3n Provincial de Alicante - arxiversvalencians.org","robots":{"index":"index","follow":"follow","max-snippet":"max-snippet:-1","max-image-preview":"max-image-preview:large","max-video-preview":"max-video-preview:-1"},"canonical":"https:\/\/arxiversvalencians.org\/es\/memorias-confinamiento-diputacion-alicante\/","og_locale":"es_ES","og_type":"article","og_title":"Memorias de un confinamiento desde el Archivo de la Diputaci\u00f3n Provincial de Alicante - arxiversvalencians.org","og_description":"Los documentos que custodian los archivos son una fuente primaria para la investigaci\u00f3n hist\u00f3rica, como tambi\u00e9n lo son las fuentes orales, diarios privados, memorias personales, im\u00e1genes\u2026 Por eso, os invitamos a que compart\u00e1is con nosotros y nuestros lectores vuestras experiencias en \u00e9stos d\u00edas de confinamiento. Aquellos que quer\u00e1is colaborar en nuestro proyecto \u201cMemorias de un [&hellip;]","og_url":"https:\/\/arxiversvalencians.org\/es\/memorias-confinamiento-diputacion-alicante\/","og_site_name":"arxiversvalencians.org","article_published_time":"2020-04-15T12:43:47+00:00","article_modified_time":"2020-04-15T13:51:16+00:00","og_image":[{"width":2804,"height":1761,"url":"https:\/\/arxiversvalencians.org\/wp-content\/uploads\/2020\/04\/memorias_confinamiento-2.jpg","type":"image\/jpeg"}],"author":"VDifusio","twitter_card":"summary_large_image","twitter_misc":{"Escrito por":"VDifusio","Tiempo de lectura":"1 minuto"},"schema":{"@context":"https:\/\/schema.org","@graph":[{"@type":"WebPage","@id":"https:\/\/arxiversvalencians.org\/es\/memorias-confinamiento-diputacion-alicante\/","url":"https:\/\/arxiversvalencians.org\/es\/memorias-confinamiento-diputacion-alicante\/","name":"Memorias de un confinamiento desde el Archivo de la Diputaci\u00f3n Provincial de Alicante - arxiversvalencians.org","isPartOf":{"@id":"https:\/\/arxiversvalencians.org\/#website"},"primaryImageOfPage":{"@id":"https:\/\/arxiversvalencians.org\/es\/memorias-confinamiento-diputacion-alicante\/#primaryimage"},"image":{"@id":"https:\/\/arxiversvalencians.org\/es\/memorias-confinamiento-diputacion-alicante\/#primaryimage"},"thumbnailUrl":"https:\/\/arxiversvalencians.org\/wp-content\/uploads\/2020\/04\/memorias_confinamiento-2.jpg","datePublished":"2020-04-15T12:43:47+00:00","dateModified":"2020-04-15T13:51:16+00:00","author":{"@id":"https:\/\/arxiversvalencians.org\/#\/schema\/person\/8ae0b510f698f2cf88fcf870b754f787"},"breadcrumb":{"@id":"https:\/\/arxiversvalencians.org\/es\/memorias-confinamiento-diputacion-alicante\/#breadcrumb"},"inLanguage":"es","potentialAction":[{"@type":"ReadAction","target":["https:\/\/arxiversvalencians.org\/es\/memorias-confinamiento-diputacion-alicante\/"]}]},{"@type":"ImageObject","inLanguage":"es","@id":"https:\/\/arxiversvalencians.org\/es\/memorias-confinamiento-diputacion-alicante\/#primaryimage","url":"https:\/\/arxiversvalencians.org\/wp-content\/uploads\/2020\/04\/memorias_confinamiento-2.jpg","contentUrl":"https:\/\/arxiversvalencians.org\/wp-content\/uploads\/2020\/04\/memorias_confinamiento-2.jpg","width":2804,"height":1761},{"@type":"BreadcrumbList","@id":"https:\/\/arxiversvalencians.org\/es\/memorias-confinamiento-diputacion-alicante\/#breadcrumb","itemListElement":[{"@type":"ListItem","position":1,"name":"Portada","item":"https:\/\/arxiversvalencians.org\/es\/"},{"@type":"ListItem","position":2,"name":"Memorias de un confinamiento desde el Archivo de la Diputaci\u00f3n Provincial de Alicante"}]},{"@type":"WebSite","@id":"https:\/\/arxiversvalencians.org\/#website","url":"https:\/\/arxiversvalencians.org\/","name":"arxiversvalencians.org","description":"arxiversvalencians.org","potentialAction":[{"@type":"SearchAction","target":{"@type":"EntryPoint","urlTemplate":"https:\/\/arxiversvalencians.org\/?s={search_term_string}"},"query-input":"required name=search_term_string"}],"inLanguage":"es"},{"@type":"Person","@id":"https:\/\/arxiversvalencians.org\/#\/schema\/person\/8ae0b510f698f2cf88fcf870b754f787","name":"VDifusio","image":{"@type":"ImageObject","inLanguage":"es","@id":"https:\/\/arxiversvalencians.org\/#\/schema\/person\/image\/","url":"https:\/\/secure.gravatar.com\/avatar\/28cfcd89ff7a51dbe91eb199dcdd222c?s=96&d=mm&r=g","contentUrl":"https:\/\/secure.gravatar.com\/avatar\/28cfcd89ff7a51dbe91eb199dcdd222c?s=96&d=mm&r=g","caption":"VDifusio"},"url":"https:\/\/arxiversvalencians.org\/es\/author\/vdifusio\/"}]}},"jetpack_featured_media_url":"https:\/\/arxiversvalencians.org\/wp-content\/uploads\/2020\/04\/memorias_confinamiento-2.jpg","jetpack_sharing_enabled":true,"jetpack_shortlink":"https:\/\/wp.me\/p7fqQj-1vW","_links":{"self":[{"href":"https:\/\/arxiversvalencians.org\/es\/wp-json\/wp\/v2\/posts\/5824"}],"collection":[{"href":"https:\/\/arxiversvalencians.org\/es\/wp-json\/wp\/v2\/posts"}],"about":[{"href":"https:\/\/arxiversvalencians.org\/es\/wp-json\/wp\/v2\/types\/post"}],"author":[{"embeddable":true,"href":"https:\/\/arxiversvalencians.org\/es\/wp-json\/wp\/v2\/users\/125"}],"replies":[{"embeddable":true,"href":"https:\/\/arxiversvalencians.org\/es\/wp-json\/wp\/v2\/comments?post=5824"}],"version-history":[{"count":3,"href":"https:\/\/arxiversvalencians.org\/es\/wp-json\/wp\/v2\/posts\/5824\/revisions"}],"predecessor-version":[{"id":5838,"href":"https:\/\/arxiversvalencians.org\/es\/wp-json\/wp\/v2\/posts\/5824\/revisions\/5838"}],"wp:featuredmedia":[{"embeddable":true,"href":"https:\/\/arxiversvalencians.org\/es\/wp-json\/wp\/v2\/media\/5830"}],"wp:attachment":[{"href":"https:\/\/arxiversvalencians.org\/es\/wp-json\/wp\/v2\/media?parent=5824"}],"wp:term":[{"taxonomy":"category","embeddable":true,"href":"https:\/\/arxiversvalencians.org\/es\/wp-json\/wp\/v2\/categories?post=5824"},{"taxonomy":"post_tag","embeddable":true,"href":"https:\/\/arxiversvalencians.org\/es\/wp-json\/wp\/v2\/tags?post=5824"}],"curies":[{"name":"wp","href":"https:\/\/api.w.org\/{rel}","templated":true}]}}