{"id":5660,"date":"2020-04-13T12:42:55","date_gmt":"2020-04-13T11:42:55","guid":{"rendered":"http:\/\/arxiversvalencians.org\/?p=5660"},"modified":"2020-04-13T13:24:52","modified_gmt":"2020-04-13T12:24:52","slug":"ica-archivos-documentos-accesibles","status":"publish","type":"post","link":"https:\/\/arxiversvalencians.org\/es\/ica-archivos-documentos-accesibles\/","title":{"rendered":"ICA &#8211; Los archivos y documentos son accesibles"},"content":{"rendered":"<p style=\"text-align: justify\">El Consejo Internacional de Archivos (ICA) ha puesto en marcha una nueva\u00a0 campa\u00f1a con el lema \u00ab<em><strong>Los Archivos y Documentos son Accesibles<\/strong><\/em>\u00ab. Con ella el ICA pretende difundir a todo el p\u00fablico, m\u00e1s all\u00e1 de la comunidad archiv\u00edstica, que los archivos siguen siendo accesibles, aunque en algunos casos los espacios f\u00edsicos puedan estar cerrados, y que los servicios archiv\u00edsticos contin\u00faan trabajando para facilitar la actividad de empresas e instituciones.<div class=\"clear\"><\/div><div class=\"gdlr-space\" style=\"margin-top: 20px;\"><\/div><img loading=\"lazy\" decoding=\"async\" class=\"alignleft size-large wp-image-5670\" src=\"http:\/\/arxiversvalencians.org\/wp-content\/uploads\/2020\/04\/ica_archivos-1024x269.jpg\" alt=\"\" width=\"960\" height=\"252\" srcset=\"https:\/\/arxiversvalencians.org\/wp-content\/uploads\/2020\/04\/ica_archivos-1024x269.jpg 1024w, https:\/\/arxiversvalencians.org\/wp-content\/uploads\/2020\/04\/ica_archivos-300x79.jpg 300w, https:\/\/arxiversvalencians.org\/wp-content\/uploads\/2020\/04\/ica_archivos.jpg 1900w\" sizes=\"(max-width: 960px) 100vw, 960px\" \/><\/p>\n<p style=\"text-align: justify\">Para mostrar que los archivos siguen siendo accesibles, el ICA ha creado un mapa digital, donde se puede compartir informaci\u00f3n sobre exposiciones en l\u00ednea, los cat\u00e1logos virtuales de documentos, colecciones digitales o proyectos de crowdsourcing, en los que los usuarios pueden participar mientras se encuentran en casa.<div class=\"clear\"><\/div><div class=\"gdlr-space\" style=\"margin-top: 20px;\"><\/div><\/p>\n<p style=\"text-align: justify\">Para ello, han habilitado un sencillo cuestionario en l\u00ednea, mediante el cual cualquier instituci\u00f3n puede darse de alta en la campa\u00f1a, disponible en: <a href=\"https:\/\/bit.ly\/2UB7Y64\" target=\"_blank\" rel=\"noopener noreferrer\">https:\/\/bit.ly\/2UB7Y64<\/a><div class=\"clear\"><\/div><div class=\"gdlr-space\" style=\"margin-top: 20px;\"><\/div><\/p>\n<p style=\"text-align: justify\">Los archivos que participan en el proyecto pueden consultarse en el mapa digital elaborado por el ICA: <a href=\"https:\/\/bit.ly\/2wKzfKz\" target=\"_blank\" rel=\"noopener noreferrer\">https:\/\/bit.ly\/2wKzfKz<\/a><div class=\"clear\"><\/div><div class=\"gdlr-space\" style=\"margin-top: 20px;\"><\/div><\/p>\n<p style=\"text-align: justify\">Ya son diversos los archivos valencianos que se han inscrito en la iniciativa. Desde la AAV os animamos a participar de esta campa\u00f1a para reivindicar la importancia de nuestra profesi\u00f3n y todo lo que puede aportar a la ciudadan\u00eda.<div class=\"clear\"><\/div><div class=\"gdlr-space\" style=\"margin-top: 20px;\"><\/div><img loading=\"lazy\" decoding=\"async\" class=\"alignleft size-large wp-image-5668\" src=\"http:\/\/arxiversvalencians.org\/wp-content\/uploads\/2020\/04\/ica_archivos_accesibles-1-1024x557.png\" alt=\"\" width=\"960\" height=\"522\" srcset=\"https:\/\/arxiversvalencians.org\/wp-content\/uploads\/2020\/04\/ica_archivos_accesibles-1-1024x557.png 1024w, https:\/\/arxiversvalencians.org\/wp-content\/uploads\/2020\/04\/ica_archivos_accesibles-1-300x163.png 300w, https:\/\/arxiversvalencians.org\/wp-content\/uploads\/2020\/04\/ica_archivos_accesibles-1.png 1543w\" sizes=\"(max-width: 960px) 100vw, 960px\" \/><\/p>","protected":false},"excerpt":{"rendered":"El Consejo Internacional de Archivos (ICA) ha puesto en marcha una nueva\u00a0 campa\u00f1a con el lema \u00abLos Archivos y Documentos son Accesibles\u00ab. Con ella el ICA pretende difundir a todo el p\u00fablico, m\u00e1s all\u00e1 de la comunidad archiv\u00edstica, que los archivos siguen siendo accesibles, aunque en algunos casos los espacios f\u00edsicos puedan estar cerrados, y [&hellip;]","protected":false},"author":3,"featured_media":5670,"comment_status":"closed","ping_status":"closed","sticky":false,"template":"","format":"standard","meta":{"jetpack_post_was_ever_published":false,"_jetpack_newsletter_access":"","_jetpack_dont_email_post_to_subs":false,"_jetpack_newsletter_tier_id":0,"_jetpack_memberships_contains_paywalled_content":false,"_jetpack_memberships_contains_paid_content":false,"footnotes":"","jetpack_publicize_message":"","jetpack_publicize_feature_enabled":true,"jetpack_social_post_already_shared":true,"jetpack_social_options":{"image_generator_settings":{"template":"highway","enabled":false}}},"categories":[3],"tags":[],"jetpack_publicize_connections":[],"yoast_head":"<!-- This site is optimized with the Yoast SEO plugin v22.7 - https:\/\/yoast.com\/wordpress\/plugins\/seo\/ -->\n<title>ICA - Los archivos y documentos son accesibles - arxiversvalencians.org<\/title>\n<meta name=\"robots\" content=\"index, follow, max-snippet:-1, max-image-preview:large, max-video-preview:-1\" \/>\n<link rel=\"canonical\" href=\"https:\/\/arxiversvalencians.org\/es\/ica-archivos-documentos-accesibles\/\" \/>\n<meta property=\"og:locale\" content=\"es_ES\" \/>\n<meta property=\"og:type\" content=\"article\" \/>\n<meta property=\"og:title\" content=\"ICA - Los archivos y documentos son accesibles - arxiversvalencians.org\" \/>\n<meta property=\"og:description\" content=\"El Consejo Internacional de Archivos (ICA) ha puesto en marcha una nueva\u00a0 campa\u00f1a con el lema \u00abLos Archivos y Documentos son Accesibles\u00ab. Con ella el ICA pretende difundir a todo el p\u00fablico, m\u00e1s all\u00e1 de la comunidad archiv\u00edstica, que los archivos siguen siendo accesibles, aunque en algunos casos los espacios f\u00edsicos puedan estar cerrados, y [&hellip;]\" \/>\n<meta property=\"og:url\" content=\"https:\/\/arxiversvalencians.org\/es\/ica-archivos-documentos-accesibles\/\" \/>\n<meta property=\"og:site_name\" content=\"arxiversvalencians.org\" \/>\n<meta property=\"article:published_time\" content=\"2020-04-13T11:42:55+00:00\" \/>\n<meta property=\"article:modified_time\" content=\"2020-04-13T12:24:52+00:00\" \/>\n<meta property=\"og:image\" content=\"https:\/\/arxiversvalencians.org\/wp-content\/uploads\/2020\/04\/ica_archivos.jpg\" \/>\n\t<meta property=\"og:image:width\" content=\"1900\" \/>\n\t<meta property=\"og:image:height\" content=\"500\" \/>\n\t<meta property=\"og:image:type\" content=\"image\/jpeg\" \/>\n<meta name=\"author\" content=\"Secretaria AAV\" \/>\n<meta name=\"twitter:card\" content=\"summary_large_image\" \/>\n<meta name=\"twitter:label1\" content=\"Escrito por\" \/>\n\t<meta name=\"twitter:data1\" content=\"Secretaria AAV\" \/>\n\t<meta name=\"twitter:label2\" content=\"Tiempo de lectura\" \/>\n\t<meta name=\"twitter:data2\" content=\"1 minuto\" \/>\n<script type=\"application\/ld+json\" class=\"yoast-schema-graph\">{\"@context\":\"https:\/\/schema.org\",\"@graph\":[{\"@type\":\"WebPage\",\"@id\":\"https:\/\/arxiversvalencians.org\/es\/ica-archivos-documentos-accesibles\/\",\"url\":\"https:\/\/arxiversvalencians.org\/es\/ica-archivos-documentos-accesibles\/\",\"name\":\"ICA - Los archivos y documentos son accesibles - arxiversvalencians.org\",\"isPartOf\":{\"@id\":\"https:\/\/arxiversvalencians.org\/#website\"},\"primaryImageOfPage\":{\"@id\":\"https:\/\/arxiversvalencians.org\/es\/ica-archivos-documentos-accesibles\/#primaryimage\"},\"image\":{\"@id\":\"https:\/\/arxiversvalencians.org\/es\/ica-archivos-documentos-accesibles\/#primaryimage\"},\"thumbnailUrl\":\"https:\/\/arxiversvalencians.org\/wp-content\/uploads\/2020\/04\/ica_archivos.jpg\",\"datePublished\":\"2020-04-13T11:42:55+00:00\",\"dateModified\":\"2020-04-13T12:24:52+00:00\",\"author\":{\"@id\":\"https:\/\/arxiversvalencians.org\/#\/schema\/person\/d050aca730f1a2b36c35723b360b741a\"},\"breadcrumb\":{\"@id\":\"https:\/\/arxiversvalencians.org\/es\/ica-archivos-documentos-accesibles\/#breadcrumb\"},\"inLanguage\":\"es\",\"potentialAction\":[{\"@type\":\"ReadAction\",\"target\":[\"https:\/\/arxiversvalencians.org\/es\/ica-archivos-documentos-accesibles\/\"]}]},{\"@type\":\"ImageObject\",\"inLanguage\":\"es\",\"@id\":\"https:\/\/arxiversvalencians.org\/es\/ica-archivos-documentos-accesibles\/#primaryimage\",\"url\":\"https:\/\/arxiversvalencians.org\/wp-content\/uploads\/2020\/04\/ica_archivos.jpg\",\"contentUrl\":\"https:\/\/arxiversvalencians.org\/wp-content\/uploads\/2020\/04\/ica_archivos.jpg\",\"width\":1900,\"height\":500},{\"@type\":\"BreadcrumbList\",\"@id\":\"https:\/\/arxiversvalencians.org\/es\/ica-archivos-documentos-accesibles\/#breadcrumb\",\"itemListElement\":[{\"@type\":\"ListItem\",\"position\":1,\"name\":\"Portada\",\"item\":\"https:\/\/arxiversvalencians.org\/es\/\"},{\"@type\":\"ListItem\",\"position\":2,\"name\":\"ICA &#8211; Los archivos y documentos son accesibles\"}]},{\"@type\":\"WebSite\",\"@id\":\"https:\/\/arxiversvalencians.org\/#website\",\"url\":\"https:\/\/arxiversvalencians.org\/\",\"name\":\"arxiversvalencians.org\",\"description\":\"arxiversvalencians.org\",\"potentialAction\":[{\"@type\":\"SearchAction\",\"target\":{\"@type\":\"EntryPoint\",\"urlTemplate\":\"https:\/\/arxiversvalencians.org\/?s={search_term_string}\"},\"query-input\":\"required name=search_term_string\"}],\"inLanguage\":\"es\"},{\"@type\":\"Person\",\"@id\":\"https:\/\/arxiversvalencians.org\/#\/schema\/person\/d050aca730f1a2b36c35723b360b741a\",\"name\":\"Secretaria AAV\",\"image\":{\"@type\":\"ImageObject\",\"inLanguage\":\"es\",\"@id\":\"https:\/\/arxiversvalencians.org\/#\/schema\/person\/image\/\",\"url\":\"https:\/\/secure.gravatar.com\/avatar\/78d2de3310c7c34c5667d73b2a2b1b7e?s=96&d=mm&r=g\",\"contentUrl\":\"https:\/\/secure.gravatar.com\/avatar\/78d2de3310c7c34c5667d73b2a2b1b7e?s=96&d=mm&r=g\",\"caption\":\"Secretaria AAV\"},\"url\":\"https:\/\/arxiversvalencians.org\/es\/author\/helena\/\"}]}<\/script>\n<!-- \/ Yoast SEO plugin. -->","yoast_head_json":{"title":"ICA - Los archivos y documentos son accesibles - arxiversvalencians.org","robots":{"index":"index","follow":"follow","max-snippet":"max-snippet:-1","max-image-preview":"max-image-preview:large","max-video-preview":"max-video-preview:-1"},"canonical":"https:\/\/arxiversvalencians.org\/es\/ica-archivos-documentos-accesibles\/","og_locale":"es_ES","og_type":"article","og_title":"ICA - Los archivos y documentos son accesibles - arxiversvalencians.org","og_description":"El Consejo Internacional de Archivos (ICA) ha puesto en marcha una nueva\u00a0 campa\u00f1a con el lema \u00abLos Archivos y Documentos son Accesibles\u00ab. Con ella el ICA pretende difundir a todo el p\u00fablico, m\u00e1s all\u00e1 de la comunidad archiv\u00edstica, que los archivos siguen siendo accesibles, aunque en algunos casos los espacios f\u00edsicos puedan estar cerrados, y [&hellip;]","og_url":"https:\/\/arxiversvalencians.org\/es\/ica-archivos-documentos-accesibles\/","og_site_name":"arxiversvalencians.org","article_published_time":"2020-04-13T11:42:55+00:00","article_modified_time":"2020-04-13T12:24:52+00:00","og_image":[{"width":1900,"height":500,"url":"https:\/\/arxiversvalencians.org\/wp-content\/uploads\/2020\/04\/ica_archivos.jpg","type":"image\/jpeg"}],"author":"Secretaria AAV","twitter_card":"summary_large_image","twitter_misc":{"Escrito por":"Secretaria AAV","Tiempo de lectura":"1 minuto"},"schema":{"@context":"https:\/\/schema.org","@graph":[{"@type":"WebPage","@id":"https:\/\/arxiversvalencians.org\/es\/ica-archivos-documentos-accesibles\/","url":"https:\/\/arxiversvalencians.org\/es\/ica-archivos-documentos-accesibles\/","name":"ICA - Los archivos y documentos son accesibles - arxiversvalencians.org","isPartOf":{"@id":"https:\/\/arxiversvalencians.org\/#website"},"primaryImageOfPage":{"@id":"https:\/\/arxiversvalencians.org\/es\/ica-archivos-documentos-accesibles\/#primaryimage"},"image":{"@id":"https:\/\/arxiversvalencians.org\/es\/ica-archivos-documentos-accesibles\/#primaryimage"},"thumbnailUrl":"https:\/\/arxiversvalencians.org\/wp-content\/uploads\/2020\/04\/ica_archivos.jpg","datePublished":"2020-04-13T11:42:55+00:00","dateModified":"2020-04-13T12:24:52+00:00","author":{"@id":"https:\/\/arxiversvalencians.org\/#\/schema\/person\/d050aca730f1a2b36c35723b360b741a"},"breadcrumb":{"@id":"https:\/\/arxiversvalencians.org\/es\/ica-archivos-documentos-accesibles\/#breadcrumb"},"inLanguage":"es","potentialAction":[{"@type":"ReadAction","target":["https:\/\/arxiversvalencians.org\/es\/ica-archivos-documentos-accesibles\/"]}]},{"@type":"ImageObject","inLanguage":"es","@id":"https:\/\/arxiversvalencians.org\/es\/ica-archivos-documentos-accesibles\/#primaryimage","url":"https:\/\/arxiversvalencians.org\/wp-content\/uploads\/2020\/04\/ica_archivos.jpg","contentUrl":"https:\/\/arxiversvalencians.org\/wp-content\/uploads\/2020\/04\/ica_archivos.jpg","width":1900,"height":500},{"@type":"BreadcrumbList","@id":"https:\/\/arxiversvalencians.org\/es\/ica-archivos-documentos-accesibles\/#breadcrumb","itemListElement":[{"@type":"ListItem","position":1,"name":"Portada","item":"https:\/\/arxiversvalencians.org\/es\/"},{"@type":"ListItem","position":2,"name":"ICA &#8211; Los archivos y documentos son accesibles"}]},{"@type":"WebSite","@id":"https:\/\/arxiversvalencians.org\/#website","url":"https:\/\/arxiversvalencians.org\/","name":"arxiversvalencians.org","description":"arxiversvalencians.org","potentialAction":[{"@type":"SearchAction","target":{"@type":"EntryPoint","urlTemplate":"https:\/\/arxiversvalencians.org\/?s={search_term_string}"},"query-input":"required name=search_term_string"}],"inLanguage":"es"},{"@type":"Person","@id":"https:\/\/arxiversvalencians.org\/#\/schema\/person\/d050aca730f1a2b36c35723b360b741a","name":"Secretaria AAV","image":{"@type":"ImageObject","inLanguage":"es","@id":"https:\/\/arxiversvalencians.org\/#\/schema\/person\/image\/","url":"https:\/\/secure.gravatar.com\/avatar\/78d2de3310c7c34c5667d73b2a2b1b7e?s=96&d=mm&r=g","contentUrl":"https:\/\/secure.gravatar.com\/avatar\/78d2de3310c7c34c5667d73b2a2b1b7e?s=96&d=mm&r=g","caption":"Secretaria AAV"},"url":"https:\/\/arxiversvalencians.org\/es\/author\/helena\/"}]}},"jetpack_featured_media_url":"https:\/\/arxiversvalencians.org\/wp-content\/uploads\/2020\/04\/ica_archivos.jpg","jetpack_sharing_enabled":true,"jetpack_shortlink":"https:\/\/wp.me\/p7fqQj-1ti","_links":{"self":[{"href":"https:\/\/arxiversvalencians.org\/es\/wp-json\/wp\/v2\/posts\/5660"}],"collection":[{"href":"https:\/\/arxiversvalencians.org\/es\/wp-json\/wp\/v2\/posts"}],"about":[{"href":"https:\/\/arxiversvalencians.org\/es\/wp-json\/wp\/v2\/types\/post"}],"author":[{"embeddable":true,"href":"https:\/\/arxiversvalencians.org\/es\/wp-json\/wp\/v2\/users\/3"}],"replies":[{"embeddable":true,"href":"https:\/\/arxiversvalencians.org\/es\/wp-json\/wp\/v2\/comments?post=5660"}],"version-history":[{"count":9,"href":"https:\/\/arxiversvalencians.org\/es\/wp-json\/wp\/v2\/posts\/5660\/revisions"}],"predecessor-version":[{"id":5676,"href":"https:\/\/arxiversvalencians.org\/es\/wp-json\/wp\/v2\/posts\/5660\/revisions\/5676"}],"wp:featuredmedia":[{"embeddable":true,"href":"https:\/\/arxiversvalencians.org\/es\/wp-json\/wp\/v2\/media\/5670"}],"wp:attachment":[{"href":"https:\/\/arxiversvalencians.org\/es\/wp-json\/wp\/v2\/media?parent=5660"}],"wp:term":[{"taxonomy":"category","embeddable":true,"href":"https:\/\/arxiversvalencians.org\/es\/wp-json\/wp\/v2\/categories?post=5660"},{"taxonomy":"post_tag","embeddable":true,"href":"https:\/\/arxiversvalencians.org\/es\/wp-json\/wp\/v2\/tags?post=5660"}],"curies":[{"name":"wp","href":"https:\/\/api.w.org\/{rel}","templated":true}]}}