{"id":5023,"date":"2019-12-23T09:00:41","date_gmt":"2019-12-23T08:00:41","guid":{"rendered":"http:\/\/arxiversvalencians.org\/?p=5023"},"modified":"2019-12-21T12:32:47","modified_gmt":"2019-12-21T11:32:47","slug":"feliz-navidad-y-feliz-ano-nuevo-2020","status":"publish","type":"post","link":"https:\/\/arxiversvalencians.org\/es\/feliz-navidad-y-feliz-ano-nuevo-2020\/","title":{"rendered":"Feliz Navidad y Feliz A\u00f1o Nuevo 2020"},"content":{"rendered":"\u00a1Desde la Associaci\u00f3 d&#8217;Arxivers i Gestors de Documents Valencians queremos desearos que pas\u00e9is una feliz Navidad y un pr\u00f3spero A\u00f1o Nuevo 2020!\n\n<img loading=\"lazy\" decoding=\"async\" class=\"alignleft size-large wp-image-5025\" src=\"http:\/\/arxiversvalencians.org\/wp-content\/uploads\/2019\/12\/2019-1024x727.jpg\" alt=\"\" width=\"960\" height=\"682\" srcset=\"https:\/\/arxiversvalencians.org\/wp-content\/uploads\/2019\/12\/2019-1024x727.jpg 1024w, https:\/\/arxiversvalencians.org\/wp-content\/uploads\/2019\/12\/2019-300x213.jpg 300w, https:\/\/arxiversvalencians.org\/wp-content\/uploads\/2019\/12\/2019.jpg 1747w\" sizes=\"(max-width: 960px) 100vw, 960px\" \/>","protected":false},"excerpt":{"rendered":"\u00a1Desde la Associaci\u00f3 d&#8217;Arxivers i Gestors de Documents Valencians queremos desearos que pas\u00e9is una feliz Navidad y un pr\u00f3spero A\u00f1o Nuevo 2020!","protected":false},"author":3,"featured_media":5025,"comment_status":"closed","ping_status":"closed","sticky":false,"template":"","format":"standard","meta":{"jetpack_post_was_ever_published":false,"_jetpack_newsletter_access":"","_jetpack_dont_email_post_to_subs":false,"_jetpack_newsletter_tier_id":0,"_jetpack_memberships_contains_paywalled_content":false,"_jetpack_memberships_contains_paid_content":false,"footnotes":"","jetpack_publicize_message":"","jetpack_publicize_feature_enabled":true,"jetpack_social_post_already_shared":true,"jetpack_social_options":{"image_generator_settings":{"template":"highway","enabled":false}}},"categories":[3,1],"tags":[],"jetpack_publicize_connections":[],"yoast_head":"<!-- This site is optimized with the Yoast SEO plugin v22.7 - https:\/\/yoast.com\/wordpress\/plugins\/seo\/ -->\n<title>Feliz Navidad y Feliz A\u00f1o Nuevo 2020 - arxiversvalencians.org<\/title>\n<meta name=\"robots\" content=\"index, follow, max-snippet:-1, max-image-preview:large, max-video-preview:-1\" \/>\n<link rel=\"canonical\" href=\"https:\/\/arxiversvalencians.org\/es\/feliz-navidad-y-feliz-ano-nuevo-2020\/\" \/>\n<meta property=\"og:locale\" content=\"es_ES\" \/>\n<meta property=\"og:type\" content=\"article\" \/>\n<meta property=\"og:title\" content=\"Feliz Navidad y Feliz A\u00f1o Nuevo 2020 - arxiversvalencians.org\" \/>\n<meta property=\"og:description\" content=\"\u00a1Desde la Associaci\u00f3 d&#8217;Arxivers i Gestors de Documents Valencians queremos desearos que pas\u00e9is una feliz Navidad y un pr\u00f3spero A\u00f1o Nuevo 2020!\" \/>\n<meta property=\"og:url\" content=\"https:\/\/arxiversvalencians.org\/es\/feliz-navidad-y-feliz-ano-nuevo-2020\/\" \/>\n<meta property=\"og:site_name\" content=\"arxiversvalencians.org\" \/>\n<meta property=\"article:published_time\" content=\"2019-12-23T08:00:41+00:00\" \/>\n<meta property=\"article:modified_time\" content=\"2019-12-21T11:32:47+00:00\" \/>\n<meta property=\"og:image\" content=\"https:\/\/arxiversvalencians.org\/wp-content\/uploads\/2019\/12\/2019.jpg\" \/>\n\t<meta property=\"og:image:width\" content=\"1747\" \/>\n\t<meta property=\"og:image:height\" content=\"1240\" \/>\n\t<meta property=\"og:image:type\" content=\"image\/jpeg\" \/>\n<meta name=\"author\" content=\"Secretaria AAV\" \/>\n<meta name=\"twitter:card\" content=\"summary_large_image\" \/>\n<meta name=\"twitter:label1\" content=\"Escrito por\" \/>\n\t<meta name=\"twitter:data1\" content=\"Secretaria AAV\" \/>\n<script type=\"application\/ld+json\" class=\"yoast-schema-graph\">{\"@context\":\"https:\/\/schema.org\",\"@graph\":[{\"@type\":\"WebPage\",\"@id\":\"https:\/\/arxiversvalencians.org\/es\/feliz-navidad-y-feliz-ano-nuevo-2020\/\",\"url\":\"https:\/\/arxiversvalencians.org\/es\/feliz-navidad-y-feliz-ano-nuevo-2020\/\",\"name\":\"Feliz Navidad y Feliz A\u00f1o Nuevo 2020 - arxiversvalencians.org\",\"isPartOf\":{\"@id\":\"https:\/\/arxiversvalencians.org\/#website\"},\"primaryImageOfPage\":{\"@id\":\"https:\/\/arxiversvalencians.org\/es\/feliz-navidad-y-feliz-ano-nuevo-2020\/#primaryimage\"},\"image\":{\"@id\":\"https:\/\/arxiversvalencians.org\/es\/feliz-navidad-y-feliz-ano-nuevo-2020\/#primaryimage\"},\"thumbnailUrl\":\"https:\/\/arxiversvalencians.org\/wp-content\/uploads\/2019\/12\/2019.jpg\",\"datePublished\":\"2019-12-23T08:00:41+00:00\",\"dateModified\":\"2019-12-21T11:32:47+00:00\",\"author\":{\"@id\":\"https:\/\/arxiversvalencians.org\/#\/schema\/person\/d050aca730f1a2b36c35723b360b741a\"},\"breadcrumb\":{\"@id\":\"https:\/\/arxiversvalencians.org\/es\/feliz-navidad-y-feliz-ano-nuevo-2020\/#breadcrumb\"},\"inLanguage\":\"es\",\"potentialAction\":[{\"@type\":\"ReadAction\",\"target\":[\"https:\/\/arxiversvalencians.org\/es\/feliz-navidad-y-feliz-ano-nuevo-2020\/\"]}]},{\"@type\":\"ImageObject\",\"inLanguage\":\"es\",\"@id\":\"https:\/\/arxiversvalencians.org\/es\/feliz-navidad-y-feliz-ano-nuevo-2020\/#primaryimage\",\"url\":\"https:\/\/arxiversvalencians.org\/wp-content\/uploads\/2019\/12\/2019.jpg\",\"contentUrl\":\"https:\/\/arxiversvalencians.org\/wp-content\/uploads\/2019\/12\/2019.jpg\",\"width\":1747,\"height\":1240},{\"@type\":\"BreadcrumbList\",\"@id\":\"https:\/\/arxiversvalencians.org\/es\/feliz-navidad-y-feliz-ano-nuevo-2020\/#breadcrumb\",\"itemListElement\":[{\"@type\":\"ListItem\",\"position\":1,\"name\":\"Portada\",\"item\":\"https:\/\/arxiversvalencians.org\/es\/\"},{\"@type\":\"ListItem\",\"position\":2,\"name\":\"Feliz Navidad y Feliz A\u00f1o Nuevo 2020\"}]},{\"@type\":\"WebSite\",\"@id\":\"https:\/\/arxiversvalencians.org\/#website\",\"url\":\"https:\/\/arxiversvalencians.org\/\",\"name\":\"arxiversvalencians.org\",\"description\":\"arxiversvalencians.org\",\"potentialAction\":[{\"@type\":\"SearchAction\",\"target\":{\"@type\":\"EntryPoint\",\"urlTemplate\":\"https:\/\/arxiversvalencians.org\/?s={search_term_string}\"},\"query-input\":\"required name=search_term_string\"}],\"inLanguage\":\"es\"},{\"@type\":\"Person\",\"@id\":\"https:\/\/arxiversvalencians.org\/#\/schema\/person\/d050aca730f1a2b36c35723b360b741a\",\"name\":\"Secretaria AAV\",\"image\":{\"@type\":\"ImageObject\",\"inLanguage\":\"es\",\"@id\":\"https:\/\/arxiversvalencians.org\/#\/schema\/person\/image\/\",\"url\":\"https:\/\/secure.gravatar.com\/avatar\/78d2de3310c7c34c5667d73b2a2b1b7e?s=96&d=mm&r=g\",\"contentUrl\":\"https:\/\/secure.gravatar.com\/avatar\/78d2de3310c7c34c5667d73b2a2b1b7e?s=96&d=mm&r=g\",\"caption\":\"Secretaria AAV\"},\"url\":\"https:\/\/arxiversvalencians.org\/es\/author\/helena\/\"}]}<\/script>\n<!-- \/ Yoast SEO plugin. -->","yoast_head_json":{"title":"Feliz Navidad y Feliz A\u00f1o Nuevo 2020 - arxiversvalencians.org","robots":{"index":"index","follow":"follow","max-snippet":"max-snippet:-1","max-image-preview":"max-image-preview:large","max-video-preview":"max-video-preview:-1"},"canonical":"https:\/\/arxiversvalencians.org\/es\/feliz-navidad-y-feliz-ano-nuevo-2020\/","og_locale":"es_ES","og_type":"article","og_title":"Feliz Navidad y Feliz A\u00f1o Nuevo 2020 - arxiversvalencians.org","og_description":"\u00a1Desde la Associaci\u00f3 d&#8217;Arxivers i Gestors de Documents Valencians queremos desearos que pas\u00e9is una feliz Navidad y un pr\u00f3spero A\u00f1o Nuevo 2020!","og_url":"https:\/\/arxiversvalencians.org\/es\/feliz-navidad-y-feliz-ano-nuevo-2020\/","og_site_name":"arxiversvalencians.org","article_published_time":"2019-12-23T08:00:41+00:00","article_modified_time":"2019-12-21T11:32:47+00:00","og_image":[{"width":1747,"height":1240,"url":"https:\/\/arxiversvalencians.org\/wp-content\/uploads\/2019\/12\/2019.jpg","type":"image\/jpeg"}],"author":"Secretaria AAV","twitter_card":"summary_large_image","twitter_misc":{"Escrito por":"Secretaria AAV"},"schema":{"@context":"https:\/\/schema.org","@graph":[{"@type":"WebPage","@id":"https:\/\/arxiversvalencians.org\/es\/feliz-navidad-y-feliz-ano-nuevo-2020\/","url":"https:\/\/arxiversvalencians.org\/es\/feliz-navidad-y-feliz-ano-nuevo-2020\/","name":"Feliz Navidad y Feliz A\u00f1o Nuevo 2020 - arxiversvalencians.org","isPartOf":{"@id":"https:\/\/arxiversvalencians.org\/#website"},"primaryImageOfPage":{"@id":"https:\/\/arxiversvalencians.org\/es\/feliz-navidad-y-feliz-ano-nuevo-2020\/#primaryimage"},"image":{"@id":"https:\/\/arxiversvalencians.org\/es\/feliz-navidad-y-feliz-ano-nuevo-2020\/#primaryimage"},"thumbnailUrl":"https:\/\/arxiversvalencians.org\/wp-content\/uploads\/2019\/12\/2019.jpg","datePublished":"2019-12-23T08:00:41+00:00","dateModified":"2019-12-21T11:32:47+00:00","author":{"@id":"https:\/\/arxiversvalencians.org\/#\/schema\/person\/d050aca730f1a2b36c35723b360b741a"},"breadcrumb":{"@id":"https:\/\/arxiversvalencians.org\/es\/feliz-navidad-y-feliz-ano-nuevo-2020\/#breadcrumb"},"inLanguage":"es","potentialAction":[{"@type":"ReadAction","target":["https:\/\/arxiversvalencians.org\/es\/feliz-navidad-y-feliz-ano-nuevo-2020\/"]}]},{"@type":"ImageObject","inLanguage":"es","@id":"https:\/\/arxiversvalencians.org\/es\/feliz-navidad-y-feliz-ano-nuevo-2020\/#primaryimage","url":"https:\/\/arxiversvalencians.org\/wp-content\/uploads\/2019\/12\/2019.jpg","contentUrl":"https:\/\/arxiversvalencians.org\/wp-content\/uploads\/2019\/12\/2019.jpg","width":1747,"height":1240},{"@type":"BreadcrumbList","@id":"https:\/\/arxiversvalencians.org\/es\/feliz-navidad-y-feliz-ano-nuevo-2020\/#breadcrumb","itemListElement":[{"@type":"ListItem","position":1,"name":"Portada","item":"https:\/\/arxiversvalencians.org\/es\/"},{"@type":"ListItem","position":2,"name":"Feliz Navidad y Feliz A\u00f1o Nuevo 2020"}]},{"@type":"WebSite","@id":"https:\/\/arxiversvalencians.org\/#website","url":"https:\/\/arxiversvalencians.org\/","name":"arxiversvalencians.org","description":"arxiversvalencians.org","potentialAction":[{"@type":"SearchAction","target":{"@type":"EntryPoint","urlTemplate":"https:\/\/arxiversvalencians.org\/?s={search_term_string}"},"query-input":"required name=search_term_string"}],"inLanguage":"es"},{"@type":"Person","@id":"https:\/\/arxiversvalencians.org\/#\/schema\/person\/d050aca730f1a2b36c35723b360b741a","name":"Secretaria AAV","image":{"@type":"ImageObject","inLanguage":"es","@id":"https:\/\/arxiversvalencians.org\/#\/schema\/person\/image\/","url":"https:\/\/secure.gravatar.com\/avatar\/78d2de3310c7c34c5667d73b2a2b1b7e?s=96&d=mm&r=g","contentUrl":"https:\/\/secure.gravatar.com\/avatar\/78d2de3310c7c34c5667d73b2a2b1b7e?s=96&d=mm&r=g","caption":"Secretaria AAV"},"url":"https:\/\/arxiversvalencians.org\/es\/author\/helena\/"}]}},"jetpack_featured_media_url":"https:\/\/arxiversvalencians.org\/wp-content\/uploads\/2019\/12\/2019.jpg","jetpack_sharing_enabled":true,"jetpack_shortlink":"https:\/\/wp.me\/p7fqQj-1j1","_links":{"self":[{"href":"https:\/\/arxiversvalencians.org\/es\/wp-json\/wp\/v2\/posts\/5023"}],"collection":[{"href":"https:\/\/arxiversvalencians.org\/es\/wp-json\/wp\/v2\/posts"}],"about":[{"href":"https:\/\/arxiversvalencians.org\/es\/wp-json\/wp\/v2\/types\/post"}],"author":[{"embeddable":true,"href":"https:\/\/arxiversvalencians.org\/es\/wp-json\/wp\/v2\/users\/3"}],"replies":[{"embeddable":true,"href":"https:\/\/arxiversvalencians.org\/es\/wp-json\/wp\/v2\/comments?post=5023"}],"version-history":[{"count":3,"href":"https:\/\/arxiversvalencians.org\/es\/wp-json\/wp\/v2\/posts\/5023\/revisions"}],"predecessor-version":[{"id":5032,"href":"https:\/\/arxiversvalencians.org\/es\/wp-json\/wp\/v2\/posts\/5023\/revisions\/5032"}],"wp:featuredmedia":[{"embeddable":true,"href":"https:\/\/arxiversvalencians.org\/es\/wp-json\/wp\/v2\/media\/5025"}],"wp:attachment":[{"href":"https:\/\/arxiversvalencians.org\/es\/wp-json\/wp\/v2\/media?parent=5023"}],"wp:term":[{"taxonomy":"category","embeddable":true,"href":"https:\/\/arxiversvalencians.org\/es\/wp-json\/wp\/v2\/categories?post=5023"},{"taxonomy":"post_tag","embeddable":true,"href":"https:\/\/arxiversvalencians.org\/es\/wp-json\/wp\/v2\/tags?post=5023"}],"curies":[{"name":"wp","href":"https:\/\/api.w.org\/{rel}","templated":true}]}}