{"id":4990,"date":"2019-12-19T14:28:29","date_gmt":"2019-12-19T13:28:29","guid":{"rendered":"http:\/\/arxiversvalencians.org\/?p=4990"},"modified":"2019-12-19T14:28:14","modified_gmt":"2019-12-19T13:28:14","slug":"blockchain-urbanismo-digital","status":"publish","type":"post","link":"https:\/\/arxiversvalencians.org\/es\/blockchain-urbanismo-digital\/","title":{"rendered":"IX Jornadas AAV: \u201cBlockchain y el urbanismo digital de la nueva d\u00e9cada\u201d"},"content":{"rendered":"<h6 style=\"text-align: justify\"><span style=\"color: #808080\">Montse Guardia: \u201cLos datos bien gestionados confieren al humano un nuevo tipo de sabidur\u00eda\u201d<div class=\"clear\"><\/div><div class=\"gdlr-space\" style=\"margin-top: 20px;\"><\/div><\/span><\/h6>\n<!--more-->\n<p style=\"text-align: justify\">La Directora General de Alastria, el consorcio que impulsa la implantaci\u00f3n del <em>blockchain<\/em> en Espa\u00f1a, ha clausurado el ciclo de ponencias de las <strong>IX Jornadas de la Associaci\u00f3 d\u2019Arxivers i Gestors de Documents Valencians<\/strong>, sesiones centradas este 2019 en las nuevas estrategias formativas para archiveros y archiveras y celebradas en el Colegio Mayor Rector Peset de Valencia los d\u00edas 12 y 13 d diciembre.<div class=\"clear\"><\/div><div class=\"gdlr-space\" style=\"margin-top: 20px;\"><\/div><\/p>\n<p style=\"text-align: justify\">\u201cEl software y el hardware unidos a la creatividad digital nos permiten trasladar al mundo real multitud de innovaciones\u201d ha explicado Montse Guardia G\u00fcell,\u00a0 \u201ces la magia de esta nueva \u00e9poca de renacimiento donde cualquier humano puede conectar con otro telecomunic\u00e1ndose\u201d. Nos adentramos en \u201cla internet del valor\u201d en la creaci\u00f3n de soluciones a medida para los retos humanos a partir de a partir de una correcta gesti\u00f3n de unos datos fiables al 100%.<div class=\"clear\"><\/div><div class=\"gdlr-space\" style=\"margin-top: 20px;\"><\/div><\/p>\n<p style=\"text-align: justify\">\u00bfPor qu\u00e9 es tan importante y se habla tanto del blockchain? Porque vivimos ya rodeados de datos y los datos ya van m\u00e1s all\u00e1 del n\u00famero, dan al humano sabidur\u00eda a trav\u00e9s del registro de percepciones. El ejemplo es claro: \u00bfel cambio clim\u00e1tico est\u00e1 aqu\u00ed? Se podr\u00e1 discutir en muchos aspectos, pero lo que es incuestionable es lo que dicen los datos y las tendencias que nos marcan los registros, eso es ciencia, interacci\u00f3n humano-m\u00e1quina. Adem\u00e1s la directora de Alastria asegura que \u201cesta nueva red que es el blockchain va m\u00e1s de metodolog\u00edas que de tecnolog\u00edas, porque no servir\u00e1 de nada si no hay una convergencia entre el sistema disponible y su implantaci\u00f3n y las necesidades de los diferentes colectivos profesionales\u201d como en este caso es el sector de la archiv\u00edstica.<div class=\"clear\"><\/div><div class=\"gdlr-space\" style=\"margin-top: 20px;\"><\/div><\/p>\n<p style=\"text-align: justify\">Estamos humanizando cada vez m\u00e1s cualquier interfaz, y el reto es, en este urbanismo digital que se precisa, facilitar la transmisi\u00f3n de esa informaci\u00f3n de un modo que preserve la veracidad y la fiabilidad de las deducciones que hacemos con esos datos. El cambio es de \u201carquitectura digital\u201d y lo representa el blockchain.<div class=\"clear\"><\/div><div class=\"gdlr-space\" style=\"margin-top: 20px;\"><\/div><\/p>\n<p style=\"text-align: justify\">Al usuario que telecomunica no hay que explicarle c\u00f3mo funciona la cadena de bloques, lo que hay que ense\u00f1arle es que dentro de esos bloques, que son \u2018cubos\u2019 cerrados de informaci\u00f3n, van determinados datos, que ya no se podr\u00e1n volver a abrir y que as\u00ed garantizan un anonimato y una inmutabilidad que es clave para la protecci\u00f3n de datos e incluso derechos democr\u00e1ticos. Con este cambio de arquitectura rompemos la centralizaci\u00f3n, la cadena es una red mallada donde todos los nodos tienen la misma informaci\u00f3n \u2018encapsulada\u2019, s\u00e9 d\u00f3nde podr\u00e9 actuar si alguien manipula mi informaci\u00f3n, si alguien manipula mi foto, mi whatsapp, mi archivo\u2026.<div class=\"clear\"><\/div><div class=\"gdlr-space\" style=\"margin-top: 20px;\"><\/div><\/p>\n<p style=\"text-align: justify\">\u201cEsta probabilidad de que se abra un bloque de la cadena y se descubra su informaci\u00f3n es remota\u201d. El blockchain no es nada nuevo, \u201ces criptograf\u00eda, encapsulamos una imagen, una etiqueta, una referencia de lo que ya tenemos en un archivo y yo misma controlo donde tengo el dato real y lo que se puede ver o no\u201d. A nivel digital nos facilita la vida, se pueden perder nodos y no pasa nada, mantengo la integridad y no hay repudio de la informaci\u00f3n: puedo supervisar y controlar, proteger, es una herramienta muy potente en cuesti\u00f3n de auditor\u00edas, registros y archivos, por ejemplo.<div class=\"clear\"><\/div><div class=\"gdlr-space\" style=\"margin-top: 20px;\"><\/div><\/p>\n<p style=\"text-align: justify\">\u201cDe mi bloque llamado \u201825\u2019 se sabe solo eso, pero contiene dentro informaci\u00f3n\u201d y explica en ella que son grados cent\u00edgrados, \u201ct\u00fa ves el 25 pero dentro contiene m\u00e1s\u201d: son 25, grados, cent\u00edgrados, en Valencia, en diciembre, en un lugar exacto, a una hora concreta, tras un determinado per\u00edodo de sequ\u00eda de equis d\u00edas,\u2026..etc\u00e9tera. Permite cruzar datos hasta el infinito que se convierten en informaci\u00f3n \u2018cient\u00edfica\u2019 o al menos interpretable por la propia ciencia.<div class=\"clear\"><\/div><div class=\"gdlr-space\" style=\"margin-top: 20px;\"><\/div><\/p>\n<p style=\"text-align: justify\">El Smart Contract es una cl\u00e1usula contractual para gestionar esta informaci\u00f3n, es la especificaci\u00f3n de esas \u00f3rdenes que se pueden dar, una automatizaci\u00f3n de condiciones basada en una informaci\u00f3n. \u201cEn blockchain estoy intercambiando un prop\u00f3sito, un acuerdo de avisos\u201d. \u201cSi te env\u00edo muchas veces el 25, det\u00e9ctalo y av\u00edsame de que 25 muchas veces, en diciembre, en Valencia, se traduzca en un aviso al humano\u201d de que son registros atribuibles a un escenario de cambio clim\u00e1tico, argumenta.<div class=\"clear\"><\/div><div class=\"gdlr-space\" style=\"margin-top: 20px;\"><\/div><\/p>\n<p style=\"text-align: justify\">El blockchain permite adem\u00e1s compartir datos con alguien con quien no tenemos confianza porque no lo conocemos. Pero de hecho, ah\u00ed est\u00e1 el atractivo, en que puedo estar tranquila al dar informaci\u00f3n o en una transacci\u00f3n, porque da igual quien sea el interlocutor, puesto que la garant\u00eda de no manipulaci\u00f3n est\u00e1 ahora en el propio medio utilizado, en el blockchain. Es un campo que puede dotarnos de esa nueva sabidur\u00eda.<div class=\"clear\"><\/div><div class=\"gdlr-space\" style=\"margin-top: 20px;\"><\/div><\/p>\n<p style=\"text-align: justify\">Seg\u00fan Guardia, es necesario \u201creinventar toda la red con el blockchain\u201d, aprovechando su magnitud, para corregir errores y mejorar en t\u00e9rminos de optimizar nuestra identidad digital y afrontar este incipiente nuevo mundo bas\u00e1ndolo en valores de transparencia, autentificaci\u00f3n y autorizaci\u00f3n. Y ese es el reto de Alastria, presentado en profundidad en estas jornadas que una vez m\u00e1s se han configurado como una iniciativa de gran valor para profesionales de la archiv\u00edstica. Una celebraci\u00f3n \u00fatil y atractiva de los 20 a\u00f1os de la AAV al servicio de los profesionales de un gremio y un trabajo que, al contrario de lo que pudiese parecer y tras lo aprendido en estas sesiones, es m\u00e1s necesario que nunca.<div class=\"clear\"><\/div><div class=\"gdlr-space\" style=\"margin-top: 20px;\"><\/div><\/p>\n<strong><\/strong>\n<figure class=\"wp-block-image\"><img loading=\"lazy\" decoding=\"async\" class=\"wp-image-4992 alignleft\" src=\"http:\/\/arxiversvalencians.org\/wp-content\/uploads\/2019\/12\/79281021_2460574320708494_1428980437362933760_o-1024x585.jpg\" alt=\"\" width=\"307\" height=\"175\" srcset=\"https:\/\/arxiversvalencians.org\/wp-content\/uploads\/2019\/12\/79281021_2460574320708494_1428980437362933760_o-1024x585.jpg 1024w, https:\/\/arxiversvalencians.org\/wp-content\/uploads\/2019\/12\/79281021_2460574320708494_1428980437362933760_o-300x171.jpg 300w, https:\/\/arxiversvalencians.org\/wp-content\/uploads\/2019\/12\/79281021_2460574320708494_1428980437362933760_o.jpg 1050w\" sizes=\"(max-width: 307px) 100vw, 307px\" \/><\/figure>\n<strong>Montse Guardia G\u00fcell<\/strong>. Directora General de Alastria.<div class=\"clear\"><\/div><div class=\"gdlr-space\" style=\"margin-top: 20px;\"><\/div>","protected":false},"excerpt":{"rendered":"Montse Guardia: \u201cLos datos bien gestionados confieren al humano un nuevo tipo de sabidur\u00eda\u201d","protected":false},"author":3,"featured_media":4918,"comment_status":"closed","ping_status":"closed","sticky":false,"template":"","format":"standard","meta":{"jetpack_post_was_ever_published":false,"_jetpack_newsletter_access":"","_jetpack_dont_email_post_to_subs":false,"_jetpack_newsletter_tier_id":0,"_jetpack_memberships_contains_paywalled_content":false,"_jetpack_memberships_contains_paid_content":false,"footnotes":"","jetpack_publicize_message":"","jetpack_publicize_feature_enabled":true,"jetpack_social_post_already_shared":true,"jetpack_social_options":{"image_generator_settings":{"template":"highway","enabled":false}}},"categories":[3],"tags":[],"jetpack_publicize_connections":[],"yoast_head":"<!-- This site is optimized with the Yoast SEO plugin v22.7 - https:\/\/yoast.com\/wordpress\/plugins\/seo\/ -->\n<title>IX Jornadas AAV: \u201cBlockchain y el urbanismo digital de la nueva d\u00e9cada\u201d - arxiversvalencians.org<\/title>\n<meta name=\"robots\" content=\"index, follow, max-snippet:-1, max-image-preview:large, max-video-preview:-1\" \/>\n<link rel=\"canonical\" href=\"https:\/\/arxiversvalencians.org\/es\/blockchain-urbanismo-digital\/\" \/>\n<meta property=\"og:locale\" content=\"es_ES\" \/>\n<meta property=\"og:type\" content=\"article\" \/>\n<meta property=\"og:title\" content=\"IX Jornadas AAV: \u201cBlockchain y el urbanismo digital de la nueva d\u00e9cada\u201d - arxiversvalencians.org\" \/>\n<meta property=\"og:description\" content=\"Montse Guardia: \u201cLos datos bien gestionados confieren al humano un nuevo tipo de sabidur\u00eda\u201d\" \/>\n<meta property=\"og:url\" content=\"https:\/\/arxiversvalencians.org\/es\/blockchain-urbanismo-digital\/\" \/>\n<meta property=\"og:site_name\" content=\"arxiversvalencians.org\" \/>\n<meta property=\"article:published_time\" content=\"2019-12-19T13:28:29+00:00\" \/>\n<meta property=\"article:modified_time\" content=\"2019-12-19T13:28:14+00:00\" \/>\n<meta property=\"og:image\" content=\"https:\/\/arxiversvalencians.org\/wp-content\/uploads\/2019\/12\/montse-guardia.jpg\" \/>\n\t<meta property=\"og:image:width\" content=\"2268\" \/>\n\t<meta property=\"og:image:height\" content=\"1276\" \/>\n\t<meta property=\"og:image:type\" content=\"image\/jpeg\" \/>\n<meta name=\"author\" content=\"Secretaria AAV\" \/>\n<meta name=\"twitter:card\" content=\"summary_large_image\" \/>\n<meta name=\"twitter:label1\" content=\"Escrito por\" \/>\n\t<meta name=\"twitter:data1\" content=\"Secretaria AAV\" \/>\n\t<meta name=\"twitter:label2\" content=\"Tiempo de lectura\" \/>\n\t<meta name=\"twitter:data2\" content=\"5 minutos\" \/>\n<script type=\"application\/ld+json\" class=\"yoast-schema-graph\">{\"@context\":\"https:\/\/schema.org\",\"@graph\":[{\"@type\":\"WebPage\",\"@id\":\"https:\/\/arxiversvalencians.org\/es\/blockchain-urbanismo-digital\/\",\"url\":\"https:\/\/arxiversvalencians.org\/es\/blockchain-urbanismo-digital\/\",\"name\":\"IX Jornadas AAV: \u201cBlockchain y el urbanismo digital de la nueva d\u00e9cada\u201d - arxiversvalencians.org\",\"isPartOf\":{\"@id\":\"https:\/\/arxiversvalencians.org\/#website\"},\"primaryImageOfPage\":{\"@id\":\"https:\/\/arxiversvalencians.org\/es\/blockchain-urbanismo-digital\/#primaryimage\"},\"image\":{\"@id\":\"https:\/\/arxiversvalencians.org\/es\/blockchain-urbanismo-digital\/#primaryimage\"},\"thumbnailUrl\":\"https:\/\/arxiversvalencians.org\/wp-content\/uploads\/2019\/12\/montse-guardia.jpg\",\"datePublished\":\"2019-12-19T13:28:29+00:00\",\"dateModified\":\"2019-12-19T13:28:14+00:00\",\"author\":{\"@id\":\"https:\/\/arxiversvalencians.org\/#\/schema\/person\/d050aca730f1a2b36c35723b360b741a\"},\"breadcrumb\":{\"@id\":\"https:\/\/arxiversvalencians.org\/es\/blockchain-urbanismo-digital\/#breadcrumb\"},\"inLanguage\":\"es\",\"potentialAction\":[{\"@type\":\"ReadAction\",\"target\":[\"https:\/\/arxiversvalencians.org\/es\/blockchain-urbanismo-digital\/\"]}]},{\"@type\":\"ImageObject\",\"inLanguage\":\"es\",\"@id\":\"https:\/\/arxiversvalencians.org\/es\/blockchain-urbanismo-digital\/#primaryimage\",\"url\":\"https:\/\/arxiversvalencians.org\/wp-content\/uploads\/2019\/12\/montse-guardia.jpg\",\"contentUrl\":\"https:\/\/arxiversvalencians.org\/wp-content\/uploads\/2019\/12\/montse-guardia.jpg\",\"width\":2268,\"height\":1276},{\"@type\":\"BreadcrumbList\",\"@id\":\"https:\/\/arxiversvalencians.org\/es\/blockchain-urbanismo-digital\/#breadcrumb\",\"itemListElement\":[{\"@type\":\"ListItem\",\"position\":1,\"name\":\"Portada\",\"item\":\"https:\/\/arxiversvalencians.org\/es\/\"},{\"@type\":\"ListItem\",\"position\":2,\"name\":\"IX Jornadas AAV: \u201cBlockchain y el urbanismo digital de la nueva d\u00e9cada\u201d\"}]},{\"@type\":\"WebSite\",\"@id\":\"https:\/\/arxiversvalencians.org\/#website\",\"url\":\"https:\/\/arxiversvalencians.org\/\",\"name\":\"arxiversvalencians.org\",\"description\":\"arxiversvalencians.org\",\"potentialAction\":[{\"@type\":\"SearchAction\",\"target\":{\"@type\":\"EntryPoint\",\"urlTemplate\":\"https:\/\/arxiversvalencians.org\/?s={search_term_string}\"},\"query-input\":\"required name=search_term_string\"}],\"inLanguage\":\"es\"},{\"@type\":\"Person\",\"@id\":\"https:\/\/arxiversvalencians.org\/#\/schema\/person\/d050aca730f1a2b36c35723b360b741a\",\"name\":\"Secretaria AAV\",\"image\":{\"@type\":\"ImageObject\",\"inLanguage\":\"es\",\"@id\":\"https:\/\/arxiversvalencians.org\/#\/schema\/person\/image\/\",\"url\":\"https:\/\/secure.gravatar.com\/avatar\/78d2de3310c7c34c5667d73b2a2b1b7e?s=96&d=mm&r=g\",\"contentUrl\":\"https:\/\/secure.gravatar.com\/avatar\/78d2de3310c7c34c5667d73b2a2b1b7e?s=96&d=mm&r=g\",\"caption\":\"Secretaria AAV\"},\"url\":\"https:\/\/arxiversvalencians.org\/es\/author\/helena\/\"}]}<\/script>\n<!-- \/ Yoast SEO plugin. -->","yoast_head_json":{"title":"IX Jornadas AAV: \u201cBlockchain y el urbanismo digital de la nueva d\u00e9cada\u201d - arxiversvalencians.org","robots":{"index":"index","follow":"follow","max-snippet":"max-snippet:-1","max-image-preview":"max-image-preview:large","max-video-preview":"max-video-preview:-1"},"canonical":"https:\/\/arxiversvalencians.org\/es\/blockchain-urbanismo-digital\/","og_locale":"es_ES","og_type":"article","og_title":"IX Jornadas AAV: \u201cBlockchain y el urbanismo digital de la nueva d\u00e9cada\u201d - arxiversvalencians.org","og_description":"Montse Guardia: \u201cLos datos bien gestionados confieren al humano un nuevo tipo de sabidur\u00eda\u201d","og_url":"https:\/\/arxiversvalencians.org\/es\/blockchain-urbanismo-digital\/","og_site_name":"arxiversvalencians.org","article_published_time":"2019-12-19T13:28:29+00:00","article_modified_time":"2019-12-19T13:28:14+00:00","og_image":[{"width":2268,"height":1276,"url":"https:\/\/arxiversvalencians.org\/wp-content\/uploads\/2019\/12\/montse-guardia.jpg","type":"image\/jpeg"}],"author":"Secretaria AAV","twitter_card":"summary_large_image","twitter_misc":{"Escrito por":"Secretaria AAV","Tiempo de lectura":"5 minutos"},"schema":{"@context":"https:\/\/schema.org","@graph":[{"@type":"WebPage","@id":"https:\/\/arxiversvalencians.org\/es\/blockchain-urbanismo-digital\/","url":"https:\/\/arxiversvalencians.org\/es\/blockchain-urbanismo-digital\/","name":"IX Jornadas AAV: \u201cBlockchain y el urbanismo digital de la nueva d\u00e9cada\u201d - arxiversvalencians.org","isPartOf":{"@id":"https:\/\/arxiversvalencians.org\/#website"},"primaryImageOfPage":{"@id":"https:\/\/arxiversvalencians.org\/es\/blockchain-urbanismo-digital\/#primaryimage"},"image":{"@id":"https:\/\/arxiversvalencians.org\/es\/blockchain-urbanismo-digital\/#primaryimage"},"thumbnailUrl":"https:\/\/arxiversvalencians.org\/wp-content\/uploads\/2019\/12\/montse-guardia.jpg","datePublished":"2019-12-19T13:28:29+00:00","dateModified":"2019-12-19T13:28:14+00:00","author":{"@id":"https:\/\/arxiversvalencians.org\/#\/schema\/person\/d050aca730f1a2b36c35723b360b741a"},"breadcrumb":{"@id":"https:\/\/arxiversvalencians.org\/es\/blockchain-urbanismo-digital\/#breadcrumb"},"inLanguage":"es","potentialAction":[{"@type":"ReadAction","target":["https:\/\/arxiversvalencians.org\/es\/blockchain-urbanismo-digital\/"]}]},{"@type":"ImageObject","inLanguage":"es","@id":"https:\/\/arxiversvalencians.org\/es\/blockchain-urbanismo-digital\/#primaryimage","url":"https:\/\/arxiversvalencians.org\/wp-content\/uploads\/2019\/12\/montse-guardia.jpg","contentUrl":"https:\/\/arxiversvalencians.org\/wp-content\/uploads\/2019\/12\/montse-guardia.jpg","width":2268,"height":1276},{"@type":"BreadcrumbList","@id":"https:\/\/arxiversvalencians.org\/es\/blockchain-urbanismo-digital\/#breadcrumb","itemListElement":[{"@type":"ListItem","position":1,"name":"Portada","item":"https:\/\/arxiversvalencians.org\/es\/"},{"@type":"ListItem","position":2,"name":"IX Jornadas AAV: \u201cBlockchain y el urbanismo digital de la nueva d\u00e9cada\u201d"}]},{"@type":"WebSite","@id":"https:\/\/arxiversvalencians.org\/#website","url":"https:\/\/arxiversvalencians.org\/","name":"arxiversvalencians.org","description":"arxiversvalencians.org","potentialAction":[{"@type":"SearchAction","target":{"@type":"EntryPoint","urlTemplate":"https:\/\/arxiversvalencians.org\/?s={search_term_string}"},"query-input":"required name=search_term_string"}],"inLanguage":"es"},{"@type":"Person","@id":"https:\/\/arxiversvalencians.org\/#\/schema\/person\/d050aca730f1a2b36c35723b360b741a","name":"Secretaria AAV","image":{"@type":"ImageObject","inLanguage":"es","@id":"https:\/\/arxiversvalencians.org\/#\/schema\/person\/image\/","url":"https:\/\/secure.gravatar.com\/avatar\/78d2de3310c7c34c5667d73b2a2b1b7e?s=96&d=mm&r=g","contentUrl":"https:\/\/secure.gravatar.com\/avatar\/78d2de3310c7c34c5667d73b2a2b1b7e?s=96&d=mm&r=g","caption":"Secretaria AAV"},"url":"https:\/\/arxiversvalencians.org\/es\/author\/helena\/"}]}},"jetpack_featured_media_url":"https:\/\/arxiversvalencians.org\/wp-content\/uploads\/2019\/12\/montse-guardia.jpg","jetpack_sharing_enabled":true,"jetpack_shortlink":"https:\/\/wp.me\/p7fqQj-1iu","_links":{"self":[{"href":"https:\/\/arxiversvalencians.org\/es\/wp-json\/wp\/v2\/posts\/4990"}],"collection":[{"href":"https:\/\/arxiversvalencians.org\/es\/wp-json\/wp\/v2\/posts"}],"about":[{"href":"https:\/\/arxiversvalencians.org\/es\/wp-json\/wp\/v2\/types\/post"}],"author":[{"embeddable":true,"href":"https:\/\/arxiversvalencians.org\/es\/wp-json\/wp\/v2\/users\/3"}],"replies":[{"embeddable":true,"href":"https:\/\/arxiversvalencians.org\/es\/wp-json\/wp\/v2\/comments?post=4990"}],"version-history":[{"count":2,"href":"https:\/\/arxiversvalencians.org\/es\/wp-json\/wp\/v2\/posts\/4990\/revisions"}],"predecessor-version":[{"id":4995,"href":"https:\/\/arxiversvalencians.org\/es\/wp-json\/wp\/v2\/posts\/4990\/revisions\/4995"}],"wp:featuredmedia":[{"embeddable":true,"href":"https:\/\/arxiversvalencians.org\/es\/wp-json\/wp\/v2\/media\/4918"}],"wp:attachment":[{"href":"https:\/\/arxiversvalencians.org\/es\/wp-json\/wp\/v2\/media?parent=4990"}],"wp:term":[{"taxonomy":"category","embeddable":true,"href":"https:\/\/arxiversvalencians.org\/es\/wp-json\/wp\/v2\/categories?post=4990"},{"taxonomy":"post_tag","embeddable":true,"href":"https:\/\/arxiversvalencians.org\/es\/wp-json\/wp\/v2\/tags?post=4990"}],"curies":[{"name":"wp","href":"https:\/\/api.w.org\/{rel}","templated":true}]}}