{"id":4982,"date":"2019-12-19T14:26:44","date_gmt":"2019-12-19T13:26:44","guid":{"rendered":"http:\/\/arxiversvalencians.org\/?p=4982"},"modified":"2019-12-19T14:27:32","modified_gmt":"2019-12-19T13:27:32","slug":"uso-aplicaciones-redes-5g","status":"publish","type":"post","link":"https:\/\/arxiversvalencians.org\/es\/uso-aplicaciones-redes-5g\/","title":{"rendered":"IX Jornadas AAV: \u201cUso y aplicaciones de redes 5G\u201d"},"content":{"rendered":"<h6 style=\"text-align: justify\"><span style=\"color: #808080\">Pascual Sanchis: \u201cCon aplicaciones basadas en el 5G la custodia y conservaci\u00f3n de archivos tomar\u00e1 una nueva dimensi\u00f3n\u201d<div class=\"clear\"><\/div><div class=\"gdlr-space\" style=\"margin-top: 20px;\"><\/div><\/span><\/h6>\n<!--more-->\n<p style=\"text-align: justify\">El responsable de marketing de Telef\u00f3nica Espa\u00f1a en la zona mediterr\u00e1nea, Pascual Sanchis, ha realizado un completo an\u00e1lisis de las posibilidades que brinda el 5G aplicado al mundo de la archiv\u00edstica en su ponencia \u201c<em>Uso y aplicaciones de redes 5G<\/em>\u201d.<div class=\"clear\"><\/div><div class=\"gdlr-space\" style=\"margin-top: 20px;\"><\/div><\/p>\n<p style=\"text-align: justify\">Sanchis, no solo ha arrojado luz sobre la multitud de \u2018inventos\u2019 que se nos vienen encima sino que ha hecho hincapi\u00e9 en que casi todo ya est\u00e1 operativo con la \u00fanica diferencia de que el 5G va a suponer una revoluci\u00f3n en cuanto a la velocidad de respuesta (latencia) que necesitan todos estos recursos para garantizar que su aplicaci\u00f3n sea milim\u00e9tricamente perfecta, y pone el elocuente ejemplo de los coches aut\u00f3nomos, donde una mil\u00e9sima de segundo es la diferencia entre un atropello o evitarlo.<div class=\"clear\"><\/div><div class=\"gdlr-space\" style=\"margin-top: 20px;\"><\/div><\/p>\n<p style=\"text-align: justify\">\u201cEl 5G nos permitir\u00e1 gestionar un mill\u00f3n de dispositivos en un kil\u00f3metro cuadrado\u201d. De esta premisa sobre el salto cualitativo y cuantitativo que va a suponer su implantaci\u00f3n, parte Sanchis para recorrer todos los v\u00e9rtices vinculados de este \u2018tri\u00e1ngulo tecnol\u00f3gico\u2019. Un sinf\u00edn de posibilidades inimaginables a una velocidad de v\u00e9rtigo y que pivotan en torno a una serie de avances entre los que se encuentra el 5G pero no es el \u00fanico e interact\u00faan. Se trata tambi\u00e9n del Big Data, la Inteligencia Artificial (AI), el internet de las cosas (IoT), la Nube de almacenamiento y por supuesto, las cuestiones de Seguridad.<div class=\"clear\"><\/div><div class=\"gdlr-space\" style=\"margin-top: 20px;\"><\/div><\/p>\n<p style=\"text-align: justify\">El producto de sus sinergias se traduce en revoluciones para nuestro d\u00eda a d\u00eda, novedades de las que el responsable de marketing puso varios ejemplos sorprendentes, \u201cporque ya est\u00e1n aqu\u00ed y van a ser algo habitual con la nueva red 5G\u201d. La interpretaci\u00f3n de enfermedades en el ganado a trav\u00e9s del escaneo del iris; aplicaciones m\u00e9dicas que interpretan radiograf\u00edas o pruebas diagn\u00f3sticas con la precisi\u00f3n del ojo de un m\u00e9dico experto; ver un partido en el propio estadio de futbol, desde casa, poni\u00e9ndose una gafas para realidad aumentada; o predecir las ventas, bajas de clientes o \u00e9xito de un producto con una exactitud matem\u00e1tica para la empresa.<div class=\"clear\"><\/div><div class=\"gdlr-space\" style=\"margin-top: 20px;\"><\/div><\/p>\n<p style=\"text-align: justify\">Por supuesto, en el mundo de los archivos estas aplicaciones tambi\u00e9n resultan esperanzadoras y apasionantes. La posibilidad de gestionar patrimonio y custodiar documentaci\u00f3n de valor va a tomar una nueva dimensi\u00f3n, y Sanchis pone el ejemplo de la Villa Romana de Olmeda, monitorizada y sensorizada, con sensores instalados en su piedra milenaria, en sus paredes y en su entorno. Con esta infraestructura y una red de calidad se pueden conocer, desde un Smartphone o un ordenador, una cantidad de variables tal que se puede decidir en tiempo real si es necesario reducir la humedad en el ambiente, si hay que restringir las visitas para preservar ese legado, si la temperatura est\u00e1 erosionando la piedra y un interminable etc\u00e9tera.<div class=\"clear\"><\/div><div class=\"gdlr-space\" style=\"margin-top: 20px;\"><\/div><\/p>\n<p style=\"text-align: justify\">Tras este revelador relato, Pascual Sanchis ha augurado que el 5G estar\u00e1 brindando estas novedades en todo el territorio nacional \u201csin zonas de sombra\u201d en el a\u00f1o 2025, un pron\u00f3stico que de hacerse realidad supondr\u00eda una revoluci\u00f3n m\u00e1s all\u00e1 de las aplicaciones de la alta velocidad de internet, puesto que la existencia de lagunas de cobertura limitan desde hace a\u00f1os el desarrollo de zonas rurales que ven sus ocasiones de supervivencia lastradas por una realidad que les convierte en ciudadanos se segunda por su deficiente acceso a la banda ancha, no ya al sue\u00f1o del 5G.<div class=\"clear\"><\/div><div class=\"gdlr-space\" style=\"margin-top: 20px;\"><\/div><\/p>\n<strong><img loading=\"lazy\" decoding=\"async\" class=\"alignleft\" src=\"https:\/\/start4big.com\/wp-content\/uploads\/2019\/06\/Pascual-foto-B_W.png\" alt=\"Pascual Sanchis de Valle\" width=\"240\" height=\"240\">Pascual Sanchis de Valle<\/strong>. Telef\u00f3nica.<div class=\"clear\"><\/div><div class=\"gdlr-space\" style=\"margin-top: 20px;\"><\/div>","protected":false},"excerpt":{"rendered":"Pascual Sanchis: \u201cCon aplicaciones basadas en el 5G la custodia y conservaci\u00f3n de archivos tomar\u00e1 una nueva dimensi\u00f3n\u201d","protected":false},"author":3,"featured_media":4922,"comment_status":"closed","ping_status":"closed","sticky":false,"template":"","format":"standard","meta":{"jetpack_post_was_ever_published":false,"_jetpack_newsletter_access":"","_jetpack_dont_email_post_to_subs":false,"_jetpack_newsletter_tier_id":0,"_jetpack_memberships_contains_paywalled_content":false,"_jetpack_memberships_contains_paid_content":false,"footnotes":"","jetpack_publicize_message":"","jetpack_publicize_feature_enabled":true,"jetpack_social_post_already_shared":true,"jetpack_social_options":{"image_generator_settings":{"template":"highway","enabled":false}}},"categories":[3],"tags":[],"jetpack_publicize_connections":[],"yoast_head":"<!-- This site is optimized with the Yoast SEO plugin v22.7 - https:\/\/yoast.com\/wordpress\/plugins\/seo\/ -->\n<title>IX Jornadas AAV: \u201cUso y aplicaciones de redes 5G\u201d - arxiversvalencians.org<\/title>\n<meta name=\"robots\" content=\"index, follow, max-snippet:-1, max-image-preview:large, max-video-preview:-1\" \/>\n<link rel=\"canonical\" href=\"https:\/\/arxiversvalencians.org\/es\/uso-aplicaciones-redes-5g\/\" \/>\n<meta property=\"og:locale\" content=\"es_ES\" \/>\n<meta property=\"og:type\" content=\"article\" \/>\n<meta property=\"og:title\" content=\"IX Jornadas AAV: \u201cUso y aplicaciones de redes 5G\u201d - arxiversvalencians.org\" \/>\n<meta property=\"og:description\" content=\"Pascual Sanchis: \u201cCon aplicaciones basadas en el 5G la custodia y conservaci\u00f3n de archivos tomar\u00e1 una nueva dimensi\u00f3n\u201d\" \/>\n<meta property=\"og:url\" content=\"https:\/\/arxiversvalencians.org\/es\/uso-aplicaciones-redes-5g\/\" \/>\n<meta property=\"og:site_name\" content=\"arxiversvalencians.org\" \/>\n<meta property=\"article:published_time\" content=\"2019-12-19T13:26:44+00:00\" \/>\n<meta property=\"article:modified_time\" content=\"2019-12-19T13:27:32+00:00\" \/>\n<meta property=\"og:image\" content=\"https:\/\/arxiversvalencians.org\/wp-content\/uploads\/2019\/12\/pascualsanchis-1024x672.jpg\" \/>\n\t<meta property=\"og:image:width\" content=\"1024\" \/>\n\t<meta property=\"og:image:height\" content=\"672\" \/>\n\t<meta property=\"og:image:type\" content=\"image\/jpeg\" \/>\n<meta name=\"author\" content=\"Secretaria AAV\" \/>\n<meta name=\"twitter:card\" content=\"summary_large_image\" \/>\n<meta name=\"twitter:label1\" content=\"Escrito por\" \/>\n\t<meta name=\"twitter:data1\" content=\"Secretaria AAV\" \/>\n\t<meta name=\"twitter:label2\" content=\"Tiempo de lectura\" \/>\n\t<meta name=\"twitter:data2\" content=\"3 minutos\" \/>\n<script type=\"application\/ld+json\" class=\"yoast-schema-graph\">{\"@context\":\"https:\/\/schema.org\",\"@graph\":[{\"@type\":\"WebPage\",\"@id\":\"https:\/\/arxiversvalencians.org\/es\/uso-aplicaciones-redes-5g\/\",\"url\":\"https:\/\/arxiversvalencians.org\/es\/uso-aplicaciones-redes-5g\/\",\"name\":\"IX Jornadas AAV: \u201cUso y aplicaciones de redes 5G\u201d - arxiversvalencians.org\",\"isPartOf\":{\"@id\":\"https:\/\/arxiversvalencians.org\/#website\"},\"primaryImageOfPage\":{\"@id\":\"https:\/\/arxiversvalencians.org\/es\/uso-aplicaciones-redes-5g\/#primaryimage\"},\"image\":{\"@id\":\"https:\/\/arxiversvalencians.org\/es\/uso-aplicaciones-redes-5g\/#primaryimage\"},\"thumbnailUrl\":\"https:\/\/arxiversvalencians.org\/wp-content\/uploads\/2019\/12\/pascualsanchis.jpg\",\"datePublished\":\"2019-12-19T13:26:44+00:00\",\"dateModified\":\"2019-12-19T13:27:32+00:00\",\"author\":{\"@id\":\"https:\/\/arxiversvalencians.org\/#\/schema\/person\/d050aca730f1a2b36c35723b360b741a\"},\"breadcrumb\":{\"@id\":\"https:\/\/arxiversvalencians.org\/es\/uso-aplicaciones-redes-5g\/#breadcrumb\"},\"inLanguage\":\"es\",\"potentialAction\":[{\"@type\":\"ReadAction\",\"target\":[\"https:\/\/arxiversvalencians.org\/es\/uso-aplicaciones-redes-5g\/\"]}]},{\"@type\":\"ImageObject\",\"inLanguage\":\"es\",\"@id\":\"https:\/\/arxiversvalencians.org\/es\/uso-aplicaciones-redes-5g\/#primaryimage\",\"url\":\"https:\/\/arxiversvalencians.org\/wp-content\/uploads\/2019\/12\/pascualsanchis.jpg\",\"contentUrl\":\"https:\/\/arxiversvalencians.org\/wp-content\/uploads\/2019\/12\/pascualsanchis.jpg\",\"width\":3167,\"height\":2078},{\"@type\":\"BreadcrumbList\",\"@id\":\"https:\/\/arxiversvalencians.org\/es\/uso-aplicaciones-redes-5g\/#breadcrumb\",\"itemListElement\":[{\"@type\":\"ListItem\",\"position\":1,\"name\":\"Portada\",\"item\":\"https:\/\/arxiversvalencians.org\/es\/\"},{\"@type\":\"ListItem\",\"position\":2,\"name\":\"IX Jornadas AAV: \u201cUso y aplicaciones de redes 5G\u201d\"}]},{\"@type\":\"WebSite\",\"@id\":\"https:\/\/arxiversvalencians.org\/#website\",\"url\":\"https:\/\/arxiversvalencians.org\/\",\"name\":\"arxiversvalencians.org\",\"description\":\"arxiversvalencians.org\",\"potentialAction\":[{\"@type\":\"SearchAction\",\"target\":{\"@type\":\"EntryPoint\",\"urlTemplate\":\"https:\/\/arxiversvalencians.org\/?s={search_term_string}\"},\"query-input\":\"required name=search_term_string\"}],\"inLanguage\":\"es\"},{\"@type\":\"Person\",\"@id\":\"https:\/\/arxiversvalencians.org\/#\/schema\/person\/d050aca730f1a2b36c35723b360b741a\",\"name\":\"Secretaria AAV\",\"image\":{\"@type\":\"ImageObject\",\"inLanguage\":\"es\",\"@id\":\"https:\/\/arxiversvalencians.org\/#\/schema\/person\/image\/\",\"url\":\"https:\/\/secure.gravatar.com\/avatar\/78d2de3310c7c34c5667d73b2a2b1b7e?s=96&d=mm&r=g\",\"contentUrl\":\"https:\/\/secure.gravatar.com\/avatar\/78d2de3310c7c34c5667d73b2a2b1b7e?s=96&d=mm&r=g\",\"caption\":\"Secretaria AAV\"},\"url\":\"https:\/\/arxiversvalencians.org\/es\/author\/helena\/\"}]}<\/script>\n<!-- \/ Yoast SEO plugin. -->","yoast_head_json":{"title":"IX Jornadas AAV: \u201cUso y aplicaciones de redes 5G\u201d - arxiversvalencians.org","robots":{"index":"index","follow":"follow","max-snippet":"max-snippet:-1","max-image-preview":"max-image-preview:large","max-video-preview":"max-video-preview:-1"},"canonical":"https:\/\/arxiversvalencians.org\/es\/uso-aplicaciones-redes-5g\/","og_locale":"es_ES","og_type":"article","og_title":"IX Jornadas AAV: \u201cUso y aplicaciones de redes 5G\u201d - arxiversvalencians.org","og_description":"Pascual Sanchis: \u201cCon aplicaciones basadas en el 5G la custodia y conservaci\u00f3n de archivos tomar\u00e1 una nueva dimensi\u00f3n\u201d","og_url":"https:\/\/arxiversvalencians.org\/es\/uso-aplicaciones-redes-5g\/","og_site_name":"arxiversvalencians.org","article_published_time":"2019-12-19T13:26:44+00:00","article_modified_time":"2019-12-19T13:27:32+00:00","og_image":[{"width":1024,"height":672,"url":"https:\/\/arxiversvalencians.org\/wp-content\/uploads\/2019\/12\/pascualsanchis-1024x672.jpg","type":"image\/jpeg"}],"author":"Secretaria AAV","twitter_card":"summary_large_image","twitter_misc":{"Escrito por":"Secretaria AAV","Tiempo de lectura":"3 minutos"},"schema":{"@context":"https:\/\/schema.org","@graph":[{"@type":"WebPage","@id":"https:\/\/arxiversvalencians.org\/es\/uso-aplicaciones-redes-5g\/","url":"https:\/\/arxiversvalencians.org\/es\/uso-aplicaciones-redes-5g\/","name":"IX Jornadas AAV: \u201cUso y aplicaciones de redes 5G\u201d - arxiversvalencians.org","isPartOf":{"@id":"https:\/\/arxiversvalencians.org\/#website"},"primaryImageOfPage":{"@id":"https:\/\/arxiversvalencians.org\/es\/uso-aplicaciones-redes-5g\/#primaryimage"},"image":{"@id":"https:\/\/arxiversvalencians.org\/es\/uso-aplicaciones-redes-5g\/#primaryimage"},"thumbnailUrl":"https:\/\/arxiversvalencians.org\/wp-content\/uploads\/2019\/12\/pascualsanchis.jpg","datePublished":"2019-12-19T13:26:44+00:00","dateModified":"2019-12-19T13:27:32+00:00","author":{"@id":"https:\/\/arxiversvalencians.org\/#\/schema\/person\/d050aca730f1a2b36c35723b360b741a"},"breadcrumb":{"@id":"https:\/\/arxiversvalencians.org\/es\/uso-aplicaciones-redes-5g\/#breadcrumb"},"inLanguage":"es","potentialAction":[{"@type":"ReadAction","target":["https:\/\/arxiversvalencians.org\/es\/uso-aplicaciones-redes-5g\/"]}]},{"@type":"ImageObject","inLanguage":"es","@id":"https:\/\/arxiversvalencians.org\/es\/uso-aplicaciones-redes-5g\/#primaryimage","url":"https:\/\/arxiversvalencians.org\/wp-content\/uploads\/2019\/12\/pascualsanchis.jpg","contentUrl":"https:\/\/arxiversvalencians.org\/wp-content\/uploads\/2019\/12\/pascualsanchis.jpg","width":3167,"height":2078},{"@type":"BreadcrumbList","@id":"https:\/\/arxiversvalencians.org\/es\/uso-aplicaciones-redes-5g\/#breadcrumb","itemListElement":[{"@type":"ListItem","position":1,"name":"Portada","item":"https:\/\/arxiversvalencians.org\/es\/"},{"@type":"ListItem","position":2,"name":"IX Jornadas AAV: \u201cUso y aplicaciones de redes 5G\u201d"}]},{"@type":"WebSite","@id":"https:\/\/arxiversvalencians.org\/#website","url":"https:\/\/arxiversvalencians.org\/","name":"arxiversvalencians.org","description":"arxiversvalencians.org","potentialAction":[{"@type":"SearchAction","target":{"@type":"EntryPoint","urlTemplate":"https:\/\/arxiversvalencians.org\/?s={search_term_string}"},"query-input":"required name=search_term_string"}],"inLanguage":"es"},{"@type":"Person","@id":"https:\/\/arxiversvalencians.org\/#\/schema\/person\/d050aca730f1a2b36c35723b360b741a","name":"Secretaria AAV","image":{"@type":"ImageObject","inLanguage":"es","@id":"https:\/\/arxiversvalencians.org\/#\/schema\/person\/image\/","url":"https:\/\/secure.gravatar.com\/avatar\/78d2de3310c7c34c5667d73b2a2b1b7e?s=96&d=mm&r=g","contentUrl":"https:\/\/secure.gravatar.com\/avatar\/78d2de3310c7c34c5667d73b2a2b1b7e?s=96&d=mm&r=g","caption":"Secretaria AAV"},"url":"https:\/\/arxiversvalencians.org\/es\/author\/helena\/"}]}},"jetpack_featured_media_url":"https:\/\/arxiversvalencians.org\/wp-content\/uploads\/2019\/12\/pascualsanchis.jpg","jetpack_sharing_enabled":true,"jetpack_shortlink":"https:\/\/wp.me\/p7fqQj-1im","_links":{"self":[{"href":"https:\/\/arxiversvalencians.org\/es\/wp-json\/wp\/v2\/posts\/4982"}],"collection":[{"href":"https:\/\/arxiversvalencians.org\/es\/wp-json\/wp\/v2\/posts"}],"about":[{"href":"https:\/\/arxiversvalencians.org\/es\/wp-json\/wp\/v2\/types\/post"}],"author":[{"embeddable":true,"href":"https:\/\/arxiversvalencians.org\/es\/wp-json\/wp\/v2\/users\/3"}],"replies":[{"embeddable":true,"href":"https:\/\/arxiversvalencians.org\/es\/wp-json\/wp\/v2\/comments?post=4982"}],"version-history":[{"count":4,"href":"https:\/\/arxiversvalencians.org\/es\/wp-json\/wp\/v2\/posts\/4982\/revisions"}],"predecessor-version":[{"id":5021,"href":"https:\/\/arxiversvalencians.org\/es\/wp-json\/wp\/v2\/posts\/4982\/revisions\/5021"}],"wp:featuredmedia":[{"embeddable":true,"href":"https:\/\/arxiversvalencians.org\/es\/wp-json\/wp\/v2\/media\/4922"}],"wp:attachment":[{"href":"https:\/\/arxiversvalencians.org\/es\/wp-json\/wp\/v2\/media?parent=4982"}],"wp:term":[{"taxonomy":"category","embeddable":true,"href":"https:\/\/arxiversvalencians.org\/es\/wp-json\/wp\/v2\/categories?post=4982"},{"taxonomy":"post_tag","embeddable":true,"href":"https:\/\/arxiversvalencians.org\/es\/wp-json\/wp\/v2\/tags?post=4982"}],"curies":[{"name":"wp","href":"https:\/\/api.w.org\/{rel}","templated":true}]}}