{"id":3726,"date":"2019-02-02T19:55:29","date_gmt":"2019-02-02T18:55:29","guid":{"rendered":"http:\/\/arxiversvalencians.org\/?p=3726"},"modified":"2019-02-02T19:55:29","modified_gmt":"2019-02-02T18:55:29","slug":"cursos-del-mes-de-febrero-3","status":"publish","type":"post","link":"https:\/\/arxiversvalencians.org\/es\/cursos-del-mes-de-febrero-3\/","title":{"rendered":"Cursos del mes de febrero"},"content":{"rendered":"<strong>Agentes ambientales en archivos y su influencia en la salud de los trabajadores (4ta. ed) <div class=\"clear\"><\/div><div class=\"gdlr-space\" style=\"margin-top: 20px;\"><\/div><\/strong>\r\n\r\nOrganiza: Fundaci\u00f3n Ciencias de la Documentaci\u00f3n <strong><div class=\"clear\"><\/div><div class=\"gdlr-space\" style=\"margin-top: 20px;\"><\/div><\/strong>\r\n\r\nCalendario: 5 al 15 de febrero <strong><div class=\"clear\"><\/div><div class=\"gdlr-space\" style=\"margin-top: 20px;\"><\/div><\/strong>\r\n\r\nModalidad: On line<strong> <div class=\"clear\"><\/div><div class=\"gdlr-space\" style=\"margin-top: 20px;\"><\/div><\/strong>\r\n\r\nM\u00e1s informaci\u00f3n:\u00a0<a href=\"https:\/\/bit.ly\/2Rp2rQ9\">https:\/\/bit.ly\/2Rp2rQ9<\/a> <strong><div class=\"clear\"><\/div><div class=\"gdlr-space\" style=\"margin-top: 20px;\"><\/div><\/strong>\r\n\r\n<hr \/>\r\n\r\n<strong>Implantaci\u00f3n de un Sistema de Gesti\u00f3n para Documentos seg\u00fan las ISO 30300\/30301 <div class=\"clear\"><\/div><div class=\"gdlr-space\" style=\"margin-top: 20px;\"><\/div><\/strong>\r\n\r\nOrganiza:\u00a0Escuela Superior de Archiv\u00edstica y Gesti\u00f3n de Documentos <strong><div class=\"clear\"><\/div><div class=\"gdlr-space\" style=\"margin-top: 20px;\"><\/div><\/strong>\r\n\r\nCalendario:11 de febrero al 2 de abril\u00a0<strong><div class=\"clear\"><\/div><div class=\"gdlr-space\" style=\"margin-top: 20px;\"><\/div><\/strong>\r\n\r\nModalidad: On line<strong>\u00a0<div class=\"clear\"><\/div><div class=\"gdlr-space\" style=\"margin-top: 20px;\"><\/div><\/strong>\r\n\r\nM\u00e1s informaci\u00f3n: <a href=\"https:\/\/bit.ly\/2RDT6iY\">https:\/\/bit.ly\/2RDT6iY<\/a>\u00a0<strong><div class=\"clear\"><\/div><div class=\"gdlr-space\" style=\"margin-top: 20px;\"><\/div><\/strong>\r\n\r\n<hr \/>\r\n\r\n<strong>La conservaci\u00f3n y restauraci\u00f3n en archivos y colecciones fotogr\u00e1ficas <div class=\"clear\"><\/div><div class=\"gdlr-space\" style=\"margin-top: 20px;\"><\/div><\/strong>\r\n\r\nOrganiza: Fundaci\u00f3n Asmoz <strong><div class=\"clear\"><\/div><div class=\"gdlr-space\" style=\"margin-top: 20px;\"><\/div><\/strong>\r\n\r\nCalendario: 11 de febrero al 29 de marzo<strong> <div class=\"clear\"><\/div><div class=\"gdlr-space\" style=\"margin-top: 20px;\"><\/div><\/strong>\r\n\r\nModalidad: On line<strong> <div class=\"clear\"><\/div><div class=\"gdlr-space\" style=\"margin-top: 20px;\"><\/div><\/strong>\r\n\r\nM\u00e1s informaci\u00f3n:\u00a0<a href=\"https:\/\/bit.ly\/2UAh7t2\">https:\/\/bit.ly\/2UAh7t2<\/a> <strong><div class=\"clear\"><\/div><div class=\"gdlr-space\" style=\"margin-top: 20px;\"><\/div><\/strong>\r\n\r\n<hr \/>\r\n\r\n<strong>Gesti\u00f3n fotogr\u00e1fica en archivos no especialistas (Fotos en conserva) <div class=\"clear\"><\/div><div class=\"gdlr-space\" style=\"margin-top: 20px;\"><\/div><\/strong>\r\n\r\nOrganiza: Associaci\u00f3 d\u2019Arxivers-Gestors de Documents de Catalunya <strong><div class=\"clear\"><\/div><div class=\"gdlr-space\" style=\"margin-top: 20px;\"><\/div><\/strong>\r\n\r\nCalendario: 12 y 19 de febrero <strong><div class=\"clear\"><\/div><div class=\"gdlr-space\" style=\"margin-top: 20px;\"><\/div><\/strong>\r\n\r\nLugar: Barcelona, Sala Abat Escarr\u00e9 (C\/Rocafort 242 bis, bajos). <strong><div class=\"clear\"><\/div><div class=\"gdlr-space\" style=\"margin-top: 20px;\"><\/div><\/strong>\r\n\r\nM\u00e1s informaci\u00f3n: <a href=\"https:\/\/bit.ly\/2G4GEas\">https:\/\/bit.ly\/2G4GEas<\/a> <strong><div class=\"clear\"><\/div><div class=\"gdlr-space\" style=\"margin-top: 20px;\"><\/div><\/strong>\r\n\r\n<hr \/>\r\n\r\n<strong>Bases para la gesti\u00f3n de documentos electr\u00f3nicos de archivo <div class=\"clear\"><\/div><div class=\"gdlr-space\" style=\"margin-top: 20px;\"><\/div><\/strong>\r\n\r\nOrganiza: Fundaci\u00f3n Asmoz <strong><div class=\"clear\"><\/div><div class=\"gdlr-space\" style=\"margin-top: 20px;\"><\/div><\/strong>\r\n\r\nCalendario: 18 de febrero al 29 de marzo<strong> <div class=\"clear\"><\/div><div class=\"gdlr-space\" style=\"margin-top: 20px;\"><\/div><\/strong>\r\n\r\nModalidad: On line<strong> <div class=\"clear\"><\/div><div class=\"gdlr-space\" style=\"margin-top: 20px;\"><\/div><\/strong>\r\n\r\nM\u00e1s informaci\u00f3n: <a href=\"https:\/\/bit.ly\/2DcxPcb\">https:\/\/bit.ly\/2DcxPcb<\/a> <strong><div class=\"clear\"><\/div><div class=\"gdlr-space\" style=\"margin-top: 20px;\"><\/div><\/strong>\r\n\r\n<hr \/>\r\n\r\n<strong>Digitalizaci\u00f3n de documentos: t\u00e9cnica y proceso <div class=\"clear\"><\/div><div class=\"gdlr-space\" style=\"margin-top: 20px;\"><\/div><\/strong>\r\n\r\nOrganiza: Inqnable <strong><div class=\"clear\"><\/div><div class=\"gdlr-space\" style=\"margin-top: 20px;\"><\/div><\/strong>\r\n\r\nCalendario: 18 de febrero al 10 de marzo<strong> <div class=\"clear\"><\/div><div class=\"gdlr-space\" style=\"margin-top: 20px;\"><\/div><\/strong>\r\n\r\nModalidad: On line<strong> <div class=\"clear\"><\/div><div class=\"gdlr-space\" style=\"margin-top: 20px;\"><\/div><\/strong>\r\n\r\nM\u00e1s informaci\u00f3n: <a href=\"https:\/\/bit.ly\/2G5Tzcm\">https:\/\/bit.ly\/2G5Tzcm<\/a> <strong><div class=\"clear\"><\/div><div class=\"gdlr-space\" style=\"margin-top: 20px;\"><\/div><\/strong>\r\n\r\n<hr \/>\r\n\r\n<strong>Pautas y criterios para valorar documentos <div class=\"clear\"><\/div><div class=\"gdlr-space\" style=\"margin-top: 20px;\"><\/div><\/strong>\r\n\r\nOrganiza: Asociaci\u00f3n de Archiveros de Castilla y Le\u00f3n <strong><div class=\"clear\"><\/div><div class=\"gdlr-space\" style=\"margin-top: 20px;\"><\/div><\/strong>\r\n\r\nCalendario: 19 de febrero al 12 de marzo <strong><div class=\"clear\"><\/div><div class=\"gdlr-space\" style=\"margin-top: 20px;\"><\/div><\/strong>\r\n\r\nModalidad: On line<strong> <div class=\"clear\"><\/div><div class=\"gdlr-space\" style=\"margin-top: 20px;\"><\/div><\/strong>\r\n\r\nM\u00e1s informaci\u00f3n: <a href=\"https:\/\/bit.ly\/2UATCjk\">https:\/\/bit.ly\/2UATCjk<\/a> <strong><div class=\"clear\"><\/div><div class=\"gdlr-space\" style=\"margin-top: 20px;\"><\/div><\/strong>\r\n\r\n<hr \/>\r\n\r\n<strong>Digitalizaci\u00f3n del Patrimonio Cultural <div class=\"clear\"><\/div><div class=\"gdlr-space\" style=\"margin-top: 20px;\"><\/div><\/strong>\r\n\r\nOrganiza: Fundaci\u00f3n UNED <strong><div class=\"clear\"><\/div><div class=\"gdlr-space\" style=\"margin-top: 20px;\"><\/div><\/strong>\r\n\r\nCalendario: 25 de febrero a junio <strong><div class=\"clear\"><\/div><div class=\"gdlr-space\" style=\"margin-top: 20px;\"><\/div><\/strong>\r\n\r\nModalidad: On line<strong> <div class=\"clear\"><\/div><div class=\"gdlr-space\" style=\"margin-top: 20px;\"><\/div><\/strong>\r\n\r\nM\u00e1s informaci\u00f3n: <a href=\"https:\/\/bit.ly\/2NIA51K\">https:\/\/bit.ly\/2NIA51K<\/a> <strong><div class=\"clear\"><\/div><div class=\"gdlr-space\" style=\"margin-top: 20px;\"><\/div><\/strong>\r\n\r\n<hr \/>\r\n\r\n<strong>Gesti\u00f3n Avanzada de Proyectos de Digitalizaci\u00f3n del Patrimonio Cultural <div class=\"clear\"><\/div><div class=\"gdlr-space\" style=\"margin-top: 20px;\"><\/div><\/strong>\r\n\r\nOrganiza: Fundaci\u00f3n UNED <strong><div class=\"clear\"><\/div><div class=\"gdlr-space\" style=\"margin-top: 20px;\"><\/div><\/strong>\r\n\r\nCalendario: 25 de febrero a junio <strong><div class=\"clear\"><\/div><div class=\"gdlr-space\" style=\"margin-top: 20px;\"><\/div><\/strong>\r\n\r\nModalidad: On line<strong> <div class=\"clear\"><\/div><div class=\"gdlr-space\" style=\"margin-top: 20px;\"><\/div><\/strong>\r\n\r\nM\u00e1s informaci\u00f3n: <a href=\"https:\/\/bit.ly\/2HKf2sQ\">https:\/\/bit.ly\/2HKf2sQ<\/a> <strong><div class=\"clear\"><\/div><div class=\"gdlr-space\" style=\"margin-top: 20px;\"><\/div><\/strong>\r\n\r\n<hr \/>\r\n\r\n<strong>Preservaci\u00f3n digital: C\u00f3mo pasar del problema a la planificaci\u00f3n de soluciones <div class=\"clear\"><\/div><div class=\"gdlr-space\" style=\"margin-top: 20px;\"><\/div><\/strong>\r\n\r\nOrganiza: SEDIC <strong><div class=\"clear\"><\/div><div class=\"gdlr-space\" style=\"margin-top: 20px;\"><\/div><\/strong>\r\n\r\nCalendario: 28 de febrero al 22 de marzo <strong><div class=\"clear\"><\/div><div class=\"gdlr-space\" style=\"margin-top: 20px;\"><\/div><\/strong>\r\n\r\nModalidad: On line<strong> <div class=\"clear\"><\/div><div class=\"gdlr-space\" style=\"margin-top: 20px;\"><\/div><\/strong>\r\n\r\nM\u00e1s informaci\u00f3n: <a href=\"https:\/\/bit.ly\/2DP1Ejm\">https:\/\/bit.ly\/2DP1Ejm<\/a> <strong><div class=\"clear\"><\/div><div class=\"gdlr-space\" style=\"margin-top: 20px;\"><\/div><\/strong>","protected":false},"excerpt":{"rendered":"Agentes ambientales en archivos y su influencia en la salud de los trabajadores (4ta. ed) Organiza: Fundaci\u00f3n Ciencias de la Documentaci\u00f3n Calendario: 5 al 15 de febrero Modalidad: On line M\u00e1s informaci\u00f3n:\u00a0https:\/\/bit.ly\/2Rp2rQ9 Implantaci\u00f3n de un Sistema de Gesti\u00f3n para Documentos seg\u00fan las ISO 30300\/30301 Organiza:\u00a0Escuela Superior de Archiv\u00edstica y Gesti\u00f3n de Documentos Calendario:11 de febrero [&hellip;]","protected":false},"author":3,"featured_media":0,"comment_status":"closed","ping_status":"closed","sticky":false,"template":"","format":"standard","meta":{"jetpack_post_was_ever_published":false,"_jetpack_newsletter_access":"","_jetpack_dont_email_post_to_subs":false,"_jetpack_newsletter_tier_id":0,"_jetpack_memberships_contains_paywalled_content":false,"_jetpack_memberships_contains_paid_content":false,"footnotes":"","jetpack_publicize_message":"","jetpack_publicize_feature_enabled":true,"jetpack_social_post_already_shared":true,"jetpack_social_options":{"image_generator_settings":{"template":"highway","enabled":false}}},"categories":[9,3],"tags":[12,17],"jetpack_publicize_connections":[],"yoast_head":"<!-- This site is optimized with the Yoast SEO plugin v22.7 - https:\/\/yoast.com\/wordpress\/plugins\/seo\/ -->\n<title>Cursos del mes de febrero - arxiversvalencians.org<\/title>\n<meta name=\"robots\" content=\"index, follow, max-snippet:-1, max-image-preview:large, max-video-preview:-1\" \/>\n<link rel=\"canonical\" href=\"https:\/\/arxiversvalencians.org\/es\/cursos-del-mes-de-febrero-3\/\" \/>\n<meta property=\"og:locale\" content=\"es_ES\" \/>\n<meta property=\"og:type\" content=\"article\" \/>\n<meta property=\"og:title\" content=\"Cursos del mes de febrero - arxiversvalencians.org\" \/>\n<meta property=\"og:description\" content=\"Agentes ambientales en archivos y su influencia en la salud de los trabajadores (4ta. ed) Organiza: Fundaci\u00f3n Ciencias de la Documentaci\u00f3n Calendario: 5 al 15 de febrero Modalidad: On line M\u00e1s informaci\u00f3n:\u00a0https:\/\/bit.ly\/2Rp2rQ9 Implantaci\u00f3n de un Sistema de Gesti\u00f3n para Documentos seg\u00fan las ISO 30300\/30301 Organiza:\u00a0Escuela Superior de Archiv\u00edstica y Gesti\u00f3n de Documentos Calendario:11 de febrero [&hellip;]\" \/>\n<meta property=\"og:url\" content=\"https:\/\/arxiversvalencians.org\/es\/cursos-del-mes-de-febrero-3\/\" \/>\n<meta property=\"og:site_name\" content=\"arxiversvalencians.org\" \/>\n<meta property=\"article:published_time\" content=\"2019-02-02T18:55:29+00:00\" \/>\n<meta name=\"author\" content=\"Secretaria AAV\" \/>\n<meta name=\"twitter:card\" content=\"summary_large_image\" \/>\n<meta name=\"twitter:label1\" content=\"Escrito por\" \/>\n\t<meta name=\"twitter:data1\" content=\"Secretaria AAV\" \/>\n\t<meta name=\"twitter:label2\" content=\"Tiempo de lectura\" \/>\n\t<meta name=\"twitter:data2\" content=\"3 minutos\" \/>\n<script type=\"application\/ld+json\" class=\"yoast-schema-graph\">{\"@context\":\"https:\/\/schema.org\",\"@graph\":[{\"@type\":\"WebPage\",\"@id\":\"https:\/\/arxiversvalencians.org\/es\/cursos-del-mes-de-febrero-3\/\",\"url\":\"https:\/\/arxiversvalencians.org\/es\/cursos-del-mes-de-febrero-3\/\",\"name\":\"Cursos del mes de febrero - arxiversvalencians.org\",\"isPartOf\":{\"@id\":\"https:\/\/arxiversvalencians.org\/#website\"},\"datePublished\":\"2019-02-02T18:55:29+00:00\",\"dateModified\":\"2019-02-02T18:55:29+00:00\",\"author\":{\"@id\":\"https:\/\/arxiversvalencians.org\/#\/schema\/person\/d050aca730f1a2b36c35723b360b741a\"},\"breadcrumb\":{\"@id\":\"https:\/\/arxiversvalencians.org\/es\/cursos-del-mes-de-febrero-3\/#breadcrumb\"},\"inLanguage\":\"es\",\"potentialAction\":[{\"@type\":\"ReadAction\",\"target\":[\"https:\/\/arxiversvalencians.org\/es\/cursos-del-mes-de-febrero-3\/\"]}]},{\"@type\":\"BreadcrumbList\",\"@id\":\"https:\/\/arxiversvalencians.org\/es\/cursos-del-mes-de-febrero-3\/#breadcrumb\",\"itemListElement\":[{\"@type\":\"ListItem\",\"position\":1,\"name\":\"Portada\",\"item\":\"https:\/\/arxiversvalencians.org\/es\/\"},{\"@type\":\"ListItem\",\"position\":2,\"name\":\"Cursos del mes de febrero\"}]},{\"@type\":\"WebSite\",\"@id\":\"https:\/\/arxiversvalencians.org\/#website\",\"url\":\"https:\/\/arxiversvalencians.org\/\",\"name\":\"arxiversvalencians.org\",\"description\":\"arxiversvalencians.org\",\"potentialAction\":[{\"@type\":\"SearchAction\",\"target\":{\"@type\":\"EntryPoint\",\"urlTemplate\":\"https:\/\/arxiversvalencians.org\/?s={search_term_string}\"},\"query-input\":\"required name=search_term_string\"}],\"inLanguage\":\"es\"},{\"@type\":\"Person\",\"@id\":\"https:\/\/arxiversvalencians.org\/#\/schema\/person\/d050aca730f1a2b36c35723b360b741a\",\"name\":\"Secretaria AAV\",\"image\":{\"@type\":\"ImageObject\",\"inLanguage\":\"es\",\"@id\":\"https:\/\/arxiversvalencians.org\/#\/schema\/person\/image\/\",\"url\":\"https:\/\/secure.gravatar.com\/avatar\/78d2de3310c7c34c5667d73b2a2b1b7e?s=96&d=mm&r=g\",\"contentUrl\":\"https:\/\/secure.gravatar.com\/avatar\/78d2de3310c7c34c5667d73b2a2b1b7e?s=96&d=mm&r=g\",\"caption\":\"Secretaria AAV\"},\"url\":\"https:\/\/arxiversvalencians.org\/es\/author\/helena\/\"}]}<\/script>\n<!-- \/ Yoast SEO plugin. -->","yoast_head_json":{"title":"Cursos del mes de febrero - arxiversvalencians.org","robots":{"index":"index","follow":"follow","max-snippet":"max-snippet:-1","max-image-preview":"max-image-preview:large","max-video-preview":"max-video-preview:-1"},"canonical":"https:\/\/arxiversvalencians.org\/es\/cursos-del-mes-de-febrero-3\/","og_locale":"es_ES","og_type":"article","og_title":"Cursos del mes de febrero - arxiversvalencians.org","og_description":"Agentes ambientales en archivos y su influencia en la salud de los trabajadores (4ta. ed) Organiza: Fundaci\u00f3n Ciencias de la Documentaci\u00f3n Calendario: 5 al 15 de febrero Modalidad: On line M\u00e1s informaci\u00f3n:\u00a0https:\/\/bit.ly\/2Rp2rQ9 Implantaci\u00f3n de un Sistema de Gesti\u00f3n para Documentos seg\u00fan las ISO 30300\/30301 Organiza:\u00a0Escuela Superior de Archiv\u00edstica y Gesti\u00f3n de Documentos Calendario:11 de febrero [&hellip;]","og_url":"https:\/\/arxiversvalencians.org\/es\/cursos-del-mes-de-febrero-3\/","og_site_name":"arxiversvalencians.org","article_published_time":"2019-02-02T18:55:29+00:00","author":"Secretaria AAV","twitter_card":"summary_large_image","twitter_misc":{"Escrito por":"Secretaria AAV","Tiempo de lectura":"3 minutos"},"schema":{"@context":"https:\/\/schema.org","@graph":[{"@type":"WebPage","@id":"https:\/\/arxiversvalencians.org\/es\/cursos-del-mes-de-febrero-3\/","url":"https:\/\/arxiversvalencians.org\/es\/cursos-del-mes-de-febrero-3\/","name":"Cursos del mes de febrero - arxiversvalencians.org","isPartOf":{"@id":"https:\/\/arxiversvalencians.org\/#website"},"datePublished":"2019-02-02T18:55:29+00:00","dateModified":"2019-02-02T18:55:29+00:00","author":{"@id":"https:\/\/arxiversvalencians.org\/#\/schema\/person\/d050aca730f1a2b36c35723b360b741a"},"breadcrumb":{"@id":"https:\/\/arxiversvalencians.org\/es\/cursos-del-mes-de-febrero-3\/#breadcrumb"},"inLanguage":"es","potentialAction":[{"@type":"ReadAction","target":["https:\/\/arxiversvalencians.org\/es\/cursos-del-mes-de-febrero-3\/"]}]},{"@type":"BreadcrumbList","@id":"https:\/\/arxiversvalencians.org\/es\/cursos-del-mes-de-febrero-3\/#breadcrumb","itemListElement":[{"@type":"ListItem","position":1,"name":"Portada","item":"https:\/\/arxiversvalencians.org\/es\/"},{"@type":"ListItem","position":2,"name":"Cursos del mes de febrero"}]},{"@type":"WebSite","@id":"https:\/\/arxiversvalencians.org\/#website","url":"https:\/\/arxiversvalencians.org\/","name":"arxiversvalencians.org","description":"arxiversvalencians.org","potentialAction":[{"@type":"SearchAction","target":{"@type":"EntryPoint","urlTemplate":"https:\/\/arxiversvalencians.org\/?s={search_term_string}"},"query-input":"required name=search_term_string"}],"inLanguage":"es"},{"@type":"Person","@id":"https:\/\/arxiversvalencians.org\/#\/schema\/person\/d050aca730f1a2b36c35723b360b741a","name":"Secretaria AAV","image":{"@type":"ImageObject","inLanguage":"es","@id":"https:\/\/arxiversvalencians.org\/#\/schema\/person\/image\/","url":"https:\/\/secure.gravatar.com\/avatar\/78d2de3310c7c34c5667d73b2a2b1b7e?s=96&d=mm&r=g","contentUrl":"https:\/\/secure.gravatar.com\/avatar\/78d2de3310c7c34c5667d73b2a2b1b7e?s=96&d=mm&r=g","caption":"Secretaria AAV"},"url":"https:\/\/arxiversvalencians.org\/es\/author\/helena\/"}]}},"jetpack_featured_media_url":"","jetpack_sharing_enabled":true,"jetpack_shortlink":"https:\/\/wp.me\/p7fqQj-Y6","_links":{"self":[{"href":"https:\/\/arxiversvalencians.org\/es\/wp-json\/wp\/v2\/posts\/3726"}],"collection":[{"href":"https:\/\/arxiversvalencians.org\/es\/wp-json\/wp\/v2\/posts"}],"about":[{"href":"https:\/\/arxiversvalencians.org\/es\/wp-json\/wp\/v2\/types\/post"}],"author":[{"embeddable":true,"href":"https:\/\/arxiversvalencians.org\/es\/wp-json\/wp\/v2\/users\/3"}],"replies":[{"embeddable":true,"href":"https:\/\/arxiversvalencians.org\/es\/wp-json\/wp\/v2\/comments?post=3726"}],"version-history":[{"count":3,"href":"https:\/\/arxiversvalencians.org\/es\/wp-json\/wp\/v2\/posts\/3726\/revisions"}],"predecessor-version":[{"id":3730,"href":"https:\/\/arxiversvalencians.org\/es\/wp-json\/wp\/v2\/posts\/3726\/revisions\/3730"}],"wp:attachment":[{"href":"https:\/\/arxiversvalencians.org\/es\/wp-json\/wp\/v2\/media?parent=3726"}],"wp:term":[{"taxonomy":"category","embeddable":true,"href":"https:\/\/arxiversvalencians.org\/es\/wp-json\/wp\/v2\/categories?post=3726"},{"taxonomy":"post_tag","embeddable":true,"href":"https:\/\/arxiversvalencians.org\/es\/wp-json\/wp\/v2\/tags?post=3726"}],"curies":[{"name":"wp","href":"https:\/\/api.w.org\/{rel}","templated":true}]}}