{"id":3652,"date":"2019-01-19T12:59:44","date_gmt":"2019-01-19T11:59:44","guid":{"rendered":"http:\/\/arxiversvalencians.org\/?p=3652"},"modified":"2019-01-19T12:59:44","modified_gmt":"2019-01-19T11:59:44","slug":"guia-de-archivo-y-gestion-documental-municipal-una-guia-por-y-para-la-transparencia","status":"publish","type":"post","link":"https:\/\/arxiversvalencians.org\/es\/guia-de-archivo-y-gestion-documental-municipal-una-guia-por-y-para-la-transparencia\/","title":{"rendered":"Gu\u00eda de Archivo y Gesti\u00f3n Documental Municipal: una gu\u00eda por y para la transparencia"},"content":{"rendered":"<p style=\"text-align: justify\"><span class=\"yj-message-list-item--body-message yj-message\" dir=\"ltr\" lang=\"es\"><span id=\"e70\" class=\"remaining-body\">La Diputaci\u00f3n Provincial de Castell\u00f3n present\u00f3 el pasado jueves 13 de diciembre la <em>Gu\u00eda de Archivo y Gesti\u00f3n Documental Municipal<\/em>. Esta nueva Gu\u00eda, elaborada por el Servicio de Archivo, Gesti\u00f3n Documental <\/span><span id=\"e70\" class=\"remaining-body\">y Publicaciones de la Diputaci\u00f3n, es el tercer documento, publicado dentro de la \u201cColecci\u00f3n de Gu\u00edas por y para la Transparencia\u201d, coordinada por la Oficina de Transparencia e Informaci\u00f3n P\u00fablica, dependiente del Servicio de Administraci\u00f3n e Innovaci\u00f3n P\u00fablica, formando colecci\u00f3n con la <em>Gu\u00eda I Actualizaci\u00f3n y Mantenimiento del Portal de Transparencia Municipal<\/em> y de la <em>Gu\u00eda II Ejercicio del Derecho de Acceso a la Informaci\u00f3n P\u00fablica Municipal<\/em>.\u00a0Esta colecci\u00f3n de gu\u00edas nace con la intenci\u00f3n consciente de dar herramientas \u00fatiles a los Ayuntamientos en relaci\u00f3n con los requisitos que la Administraci\u00f3n Electr\u00f3nica y la legislaci\u00f3n de transparencia imponen, para poder gestionarla con eficiencia y seguridad. <div class=\"clear\"><\/div><div class=\"gdlr-space\" style=\"margin-top: 20px;\"><\/div><\/span><\/span><\/p>\r\n<p style=\"text-align: justify\">La <em>Gu\u00eda III <span class=\"yj-message-list-item--body-message yj-message\" dir=\"ltr\" lang=\"es\"><span id=\"e70\" class=\"remaining-body\">Archivo y Gesti\u00f3n Documental Municipal<\/span><\/span><\/em><span id=\"e70\" class=\"remaining-body\"> <\/span>nace con el objetivo de ayudar a los Ayuntamientos de la provincia de Castell\u00f3n en la gesti\u00f3n de sus documentos, especialmente de aquellos nacidos en soporte electr\u00f3nico. Este documento trata de ser un instrumento eminentemente pr\u00e1ctico, que facilite a los municipios dar una respuesta adecuada a sus necesidades en materia de documentos electr\u00f3nicos. <div class=\"clear\"><\/div><div class=\"gdlr-space\" style=\"margin-top: 20px;\"><\/div><\/p>\r\n<p style=\"text-align: justify\">La Gu\u00eda se estructura en 4 apartados. Comienza con una <strong>Introducci\u00f3n<\/strong> a la publicaci\u00f3n, identificando su <strong>Alcance y objetivos<\/strong>. La Gu\u00eda contiene un <strong>Glosario<\/strong>, que describe los principales conceptos relacionados con el archivo y gesti\u00f3n documental, as\u00ed como un apartado dedicado al <strong>Archivo y gesti\u00f3n de documentos electr\u00f3nicos<\/strong>, que incluye una serie de principios b\u00e1sicos para la gesti\u00f3n de documentos, los principales procesos de gesti\u00f3n documental, y una serie de recomendaciones para la gesti\u00f3n de documentos electr\u00f3nicos. <div class=\"clear\"><\/div><div class=\"gdlr-space\" style=\"margin-top: 20px;\"><\/div><\/p>\r\n<p style=\"text-align: justify\">Se completa la Gu\u00eda con una <strong>B<\/strong><span id=\"e70\" class=\"remaining-body\"><strong>ibliograf\u00eda<\/strong> seleccionada y cuatro anexos, que incluyen una serie de instrumentos presentados como modelos para ser utilizados por los Ayuntamientos: el <strong>Cuadro de Clasificaci\u00f3n<\/strong>, el <strong>Reglamento del Archivo Municipal<\/strong>, la <strong>Pol\u00edtica de Gesti\u00f3n de Documentos Electr\u00f3nicos<\/strong> y el <strong>Cat\u00e1logo de Tipolog\u00edas Documentales<\/strong>. <div class=\"clear\"><\/div><div class=\"gdlr-space\" style=\"margin-top: 20px;\"><\/div><\/span><\/p>\r\n<p style=\"text-align: justify\">La publicaci\u00f3n de la Gu\u00eda<span class=\"yj-message-list-item--body-message yj-message\" dir=\"ltr\" lang=\"es\"><span id=\"e70\" class=\"remaining-body\"> se enmarca dentro del Plan de Archivos Municipales de la Diputaci\u00f3n Provincial de Castell\u00f3n, aprobado el 5 de diciembre de 2017, con el objetivo de colaborar en la recuperaci\u00f3n y organizaci\u00f3n de los archivos municipales de la provincia, especialmente de aquellos menores de 10.000 habitantes que no disponen de un responsable t\u00e9cnico de archivo. En el contexto de este Plan, la Gu\u00eda se presenta como una herramienta al servicio de los Ayuntamientos para facilitar la gesti\u00f3n documental municipal. <div class=\"clear\"><\/div><div class=\"gdlr-space\" style=\"margin-top: 20px;\"><\/div>\r\n<\/span><\/span><\/p>\r\n<p style=\"text-align: justify\">Pensamos que se trata de un instrumento que puede ser de gran inter\u00e9s, no s\u00f3lo para los Ayuntamientos de la provincia, sino tambi\u00e9n para otras entidades locales, tanto de la Comunitat Valenciana, como del resto del Estado. Una Gu\u00eda que nos puede ayudar en el nuevo contexto de la Administraci\u00f3n Electr\u00f3nica, donde las perspectivas tecnol\u00f3gica, jur\u00eddica, administrativa y archiv\u00edstica se deben unir para garantizar los mejores resultados. Ya que, sin gesti\u00f3n documental y sin archivos no es posible ni la transparencia, ni la localizaci\u00f3n de la informaci\u00f3n p\u00fablica, ni la conservaci\u00f3n de nuestra memoria documental. El archivo electr\u00f3nico tiene que ser el archivo de la sociedad, y para ello trabajamos desde la Diputaci\u00f3n. <div class=\"clear\"><\/div><div class=\"gdlr-space\" style=\"margin-top: 20px;\"><\/div><\/p>\r\nLa Gu\u00eda es gratuita y de libre descarga a trav\u00e9s del <a href=\"https:\/\/bit.ly\/2UT3lTf\">Portal de Transparencia de la Diputaci\u00f3n de Castell\u00f3n<\/a> o en el siguiente enlace: <a href=\"http:\/\/arxiversvalencians.org\/wp-content\/uploads\/2018\/12\/guia-iii-archivo-y-gestion-documental-municipal.pdf\">Gu\u00eda III Archivo y Gesti\u00f3n Documental Municipal<\/a>\u00a0<div class=\"clear\"><\/div><div class=\"gdlr-space\" style=\"margin-top: 20px;\"><\/div>\r\n<p style=\"text-align: right\">Servicio de Archivo, Gesti\u00f3n Documental y Publicaciones. Diputaci\u00f3n Provincial de Castell\u00f3n<\/p>\r\n<p style=\"text-align: justify\"><img loading=\"lazy\" decoding=\"async\" class=\"alignleft size-large wp-image-3656\" src=\"http:\/\/arxiversvalencians.org\/wp-content\/uploads\/2018\/12\/guia_archivo_gd_municipal-727x1024.jpg\" alt=\"Guia_Archivo_GD_municipal\" width=\"727\" height=\"1024\" srcset=\"https:\/\/arxiversvalencians.org\/wp-content\/uploads\/2018\/12\/guia_archivo_gd_municipal-727x1024.jpg 727w, https:\/\/arxiversvalencians.org\/wp-content\/uploads\/2018\/12\/guia_archivo_gd_municipal-213x300.jpg 213w, https:\/\/arxiversvalencians.org\/wp-content\/uploads\/2018\/12\/guia_archivo_gd_municipal.jpg 837w\" sizes=\"(max-width: 727px) 100vw, 727px\" \/><\/p>\r\n\r\n<div class=\"WordSection1\">\r\n\r\n&nbsp;\r\n\r\n&nbsp;\r\n\r\n&nbsp;\r\n\r\n<\/div>\r\n&nbsp;","protected":false},"excerpt":{"rendered":"La Diputaci\u00f3n Provincial de Castell\u00f3n present\u00f3 el pasado jueves 13 de diciembre la Gu\u00eda de Archivo y Gesti\u00f3n Documental Municipal. Esta nueva Gu\u00eda, elaborada por el Servicio de Archivo, Gesti\u00f3n Documental y Publicaciones de la Diputaci\u00f3n, es el tercer documento, publicado dentro de la \u201cColecci\u00f3n de Gu\u00edas por y para la Transparencia\u201d, coordinada por la [&hellip;]","protected":false},"author":3,"featured_media":3665,"comment_status":"closed","ping_status":"closed","sticky":false,"template":"","format":"standard","meta":{"jetpack_post_was_ever_published":false,"_jetpack_newsletter_access":"","_jetpack_dont_email_post_to_subs":false,"_jetpack_newsletter_tier_id":0,"_jetpack_memberships_contains_paywalled_content":false,"_jetpack_memberships_contains_paid_content":false,"footnotes":"","jetpack_publicize_message":"","jetpack_publicize_feature_enabled":true,"jetpack_social_post_already_shared":true,"jetpack_social_options":{"image_generator_settings":{"template":"highway","enabled":false}}},"categories":[3],"tags":[],"jetpack_publicize_connections":[],"yoast_head":"<!-- This site is optimized with the Yoast SEO plugin v22.7 - https:\/\/yoast.com\/wordpress\/plugins\/seo\/ -->\n<title>Gu\u00eda de Archivo y Gesti\u00f3n Documental Municipal: una gu\u00eda por y para la transparencia - arxiversvalencians.org<\/title>\n<meta name=\"robots\" content=\"index, follow, max-snippet:-1, max-image-preview:large, max-video-preview:-1\" \/>\n<link rel=\"canonical\" href=\"https:\/\/arxiversvalencians.org\/es\/guia-de-archivo-y-gestion-documental-municipal-una-guia-por-y-para-la-transparencia\/\" \/>\n<meta property=\"og:locale\" content=\"es_ES\" \/>\n<meta property=\"og:type\" content=\"article\" \/>\n<meta property=\"og:title\" content=\"Gu\u00eda de Archivo y Gesti\u00f3n Documental Municipal: una gu\u00eda por y para la transparencia - arxiversvalencians.org\" \/>\n<meta property=\"og:description\" content=\"La Diputaci\u00f3n Provincial de Castell\u00f3n present\u00f3 el pasado jueves 13 de diciembre la Gu\u00eda de Archivo y Gesti\u00f3n Documental Municipal. Esta nueva Gu\u00eda, elaborada por el Servicio de Archivo, Gesti\u00f3n Documental y Publicaciones de la Diputaci\u00f3n, es el tercer documento, publicado dentro de la \u201cColecci\u00f3n de Gu\u00edas por y para la Transparencia\u201d, coordinada por la [&hellip;]\" \/>\n<meta property=\"og:url\" content=\"https:\/\/arxiversvalencians.org\/es\/guia-de-archivo-y-gestion-documental-municipal-una-guia-por-y-para-la-transparencia\/\" \/>\n<meta property=\"og:site_name\" content=\"arxiversvalencians.org\" \/>\n<meta property=\"article:published_time\" content=\"2019-01-19T11:59:44+00:00\" \/>\n<meta property=\"og:image\" content=\"https:\/\/arxiversvalencians.org\/wp-content\/uploads\/2018\/12\/guia_archivo_gd_municipal-1.jpg\" \/>\n\t<meta property=\"og:image:width\" content=\"831\" \/>\n\t<meta property=\"og:image:height\" content=\"371\" \/>\n\t<meta property=\"og:image:type\" content=\"image\/jpeg\" \/>\n<meta name=\"author\" content=\"Secretaria AAV\" \/>\n<meta name=\"twitter:card\" content=\"summary_large_image\" \/>\n<meta name=\"twitter:label1\" content=\"Escrito por\" \/>\n\t<meta name=\"twitter:data1\" content=\"Secretaria AAV\" \/>\n\t<meta name=\"twitter:label2\" content=\"Tiempo de lectura\" \/>\n\t<meta name=\"twitter:data2\" content=\"3 minutos\" \/>\n<script type=\"application\/ld+json\" class=\"yoast-schema-graph\">{\"@context\":\"https:\/\/schema.org\",\"@graph\":[{\"@type\":\"WebPage\",\"@id\":\"https:\/\/arxiversvalencians.org\/es\/guia-de-archivo-y-gestion-documental-municipal-una-guia-por-y-para-la-transparencia\/\",\"url\":\"https:\/\/arxiversvalencians.org\/es\/guia-de-archivo-y-gestion-documental-municipal-una-guia-por-y-para-la-transparencia\/\",\"name\":\"Gu\u00eda de Archivo y Gesti\u00f3n Documental Municipal: una gu\u00eda por y para la transparencia - arxiversvalencians.org\",\"isPartOf\":{\"@id\":\"https:\/\/arxiversvalencians.org\/#website\"},\"primaryImageOfPage\":{\"@id\":\"https:\/\/arxiversvalencians.org\/es\/guia-de-archivo-y-gestion-documental-municipal-una-guia-por-y-para-la-transparencia\/#primaryimage\"},\"image\":{\"@id\":\"https:\/\/arxiversvalencians.org\/es\/guia-de-archivo-y-gestion-documental-municipal-una-guia-por-y-para-la-transparencia\/#primaryimage\"},\"thumbnailUrl\":\"https:\/\/arxiversvalencians.org\/wp-content\/uploads\/2018\/12\/guia_archivo_gd_municipal-1.jpg\",\"datePublished\":\"2019-01-19T11:59:44+00:00\",\"dateModified\":\"2019-01-19T11:59:44+00:00\",\"author\":{\"@id\":\"https:\/\/arxiversvalencians.org\/#\/schema\/person\/d050aca730f1a2b36c35723b360b741a\"},\"breadcrumb\":{\"@id\":\"https:\/\/arxiversvalencians.org\/es\/guia-de-archivo-y-gestion-documental-municipal-una-guia-por-y-para-la-transparencia\/#breadcrumb\"},\"inLanguage\":\"es\",\"potentialAction\":[{\"@type\":\"ReadAction\",\"target\":[\"https:\/\/arxiversvalencians.org\/es\/guia-de-archivo-y-gestion-documental-municipal-una-guia-por-y-para-la-transparencia\/\"]}]},{\"@type\":\"ImageObject\",\"inLanguage\":\"es\",\"@id\":\"https:\/\/arxiversvalencians.org\/es\/guia-de-archivo-y-gestion-documental-municipal-una-guia-por-y-para-la-transparencia\/#primaryimage\",\"url\":\"https:\/\/arxiversvalencians.org\/wp-content\/uploads\/2018\/12\/guia_archivo_gd_municipal-1.jpg\",\"contentUrl\":\"https:\/\/arxiversvalencians.org\/wp-content\/uploads\/2018\/12\/guia_archivo_gd_municipal-1.jpg\",\"width\":831,\"height\":371},{\"@type\":\"BreadcrumbList\",\"@id\":\"https:\/\/arxiversvalencians.org\/es\/guia-de-archivo-y-gestion-documental-municipal-una-guia-por-y-para-la-transparencia\/#breadcrumb\",\"itemListElement\":[{\"@type\":\"ListItem\",\"position\":1,\"name\":\"Portada\",\"item\":\"https:\/\/arxiversvalencians.org\/es\/\"},{\"@type\":\"ListItem\",\"position\":2,\"name\":\"Gu\u00eda de Archivo y Gesti\u00f3n Documental Municipal: una gu\u00eda por y para la transparencia\"}]},{\"@type\":\"WebSite\",\"@id\":\"https:\/\/arxiversvalencians.org\/#website\",\"url\":\"https:\/\/arxiversvalencians.org\/\",\"name\":\"arxiversvalencians.org\",\"description\":\"arxiversvalencians.org\",\"potentialAction\":[{\"@type\":\"SearchAction\",\"target\":{\"@type\":\"EntryPoint\",\"urlTemplate\":\"https:\/\/arxiversvalencians.org\/?s={search_term_string}\"},\"query-input\":\"required name=search_term_string\"}],\"inLanguage\":\"es\"},{\"@type\":\"Person\",\"@id\":\"https:\/\/arxiversvalencians.org\/#\/schema\/person\/d050aca730f1a2b36c35723b360b741a\",\"name\":\"Secretaria AAV\",\"image\":{\"@type\":\"ImageObject\",\"inLanguage\":\"es\",\"@id\":\"https:\/\/arxiversvalencians.org\/#\/schema\/person\/image\/\",\"url\":\"https:\/\/secure.gravatar.com\/avatar\/78d2de3310c7c34c5667d73b2a2b1b7e?s=96&d=mm&r=g\",\"contentUrl\":\"https:\/\/secure.gravatar.com\/avatar\/78d2de3310c7c34c5667d73b2a2b1b7e?s=96&d=mm&r=g\",\"caption\":\"Secretaria AAV\"},\"url\":\"https:\/\/arxiversvalencians.org\/es\/author\/helena\/\"}]}<\/script>\n<!-- \/ Yoast SEO plugin. -->","yoast_head_json":{"title":"Gu\u00eda de Archivo y Gesti\u00f3n Documental Municipal: una gu\u00eda por y para la transparencia - arxiversvalencians.org","robots":{"index":"index","follow":"follow","max-snippet":"max-snippet:-1","max-image-preview":"max-image-preview:large","max-video-preview":"max-video-preview:-1"},"canonical":"https:\/\/arxiversvalencians.org\/es\/guia-de-archivo-y-gestion-documental-municipal-una-guia-por-y-para-la-transparencia\/","og_locale":"es_ES","og_type":"article","og_title":"Gu\u00eda de Archivo y Gesti\u00f3n Documental Municipal: una gu\u00eda por y para la transparencia - arxiversvalencians.org","og_description":"La Diputaci\u00f3n Provincial de Castell\u00f3n present\u00f3 el pasado jueves 13 de diciembre la Gu\u00eda de Archivo y Gesti\u00f3n Documental Municipal. Esta nueva Gu\u00eda, elaborada por el Servicio de Archivo, Gesti\u00f3n Documental y Publicaciones de la Diputaci\u00f3n, es el tercer documento, publicado dentro de la \u201cColecci\u00f3n de Gu\u00edas por y para la Transparencia\u201d, coordinada por la [&hellip;]","og_url":"https:\/\/arxiversvalencians.org\/es\/guia-de-archivo-y-gestion-documental-municipal-una-guia-por-y-para-la-transparencia\/","og_site_name":"arxiversvalencians.org","article_published_time":"2019-01-19T11:59:44+00:00","og_image":[{"width":831,"height":371,"url":"https:\/\/arxiversvalencians.org\/wp-content\/uploads\/2018\/12\/guia_archivo_gd_municipal-1.jpg","type":"image\/jpeg"}],"author":"Secretaria AAV","twitter_card":"summary_large_image","twitter_misc":{"Escrito por":"Secretaria AAV","Tiempo de lectura":"3 minutos"},"schema":{"@context":"https:\/\/schema.org","@graph":[{"@type":"WebPage","@id":"https:\/\/arxiversvalencians.org\/es\/guia-de-archivo-y-gestion-documental-municipal-una-guia-por-y-para-la-transparencia\/","url":"https:\/\/arxiversvalencians.org\/es\/guia-de-archivo-y-gestion-documental-municipal-una-guia-por-y-para-la-transparencia\/","name":"Gu\u00eda de Archivo y Gesti\u00f3n Documental Municipal: una gu\u00eda por y para la transparencia - arxiversvalencians.org","isPartOf":{"@id":"https:\/\/arxiversvalencians.org\/#website"},"primaryImageOfPage":{"@id":"https:\/\/arxiversvalencians.org\/es\/guia-de-archivo-y-gestion-documental-municipal-una-guia-por-y-para-la-transparencia\/#primaryimage"},"image":{"@id":"https:\/\/arxiversvalencians.org\/es\/guia-de-archivo-y-gestion-documental-municipal-una-guia-por-y-para-la-transparencia\/#primaryimage"},"thumbnailUrl":"https:\/\/arxiversvalencians.org\/wp-content\/uploads\/2018\/12\/guia_archivo_gd_municipal-1.jpg","datePublished":"2019-01-19T11:59:44+00:00","dateModified":"2019-01-19T11:59:44+00:00","author":{"@id":"https:\/\/arxiversvalencians.org\/#\/schema\/person\/d050aca730f1a2b36c35723b360b741a"},"breadcrumb":{"@id":"https:\/\/arxiversvalencians.org\/es\/guia-de-archivo-y-gestion-documental-municipal-una-guia-por-y-para-la-transparencia\/#breadcrumb"},"inLanguage":"es","potentialAction":[{"@type":"ReadAction","target":["https:\/\/arxiversvalencians.org\/es\/guia-de-archivo-y-gestion-documental-municipal-una-guia-por-y-para-la-transparencia\/"]}]},{"@type":"ImageObject","inLanguage":"es","@id":"https:\/\/arxiversvalencians.org\/es\/guia-de-archivo-y-gestion-documental-municipal-una-guia-por-y-para-la-transparencia\/#primaryimage","url":"https:\/\/arxiversvalencians.org\/wp-content\/uploads\/2018\/12\/guia_archivo_gd_municipal-1.jpg","contentUrl":"https:\/\/arxiversvalencians.org\/wp-content\/uploads\/2018\/12\/guia_archivo_gd_municipal-1.jpg","width":831,"height":371},{"@type":"BreadcrumbList","@id":"https:\/\/arxiversvalencians.org\/es\/guia-de-archivo-y-gestion-documental-municipal-una-guia-por-y-para-la-transparencia\/#breadcrumb","itemListElement":[{"@type":"ListItem","position":1,"name":"Portada","item":"https:\/\/arxiversvalencians.org\/es\/"},{"@type":"ListItem","position":2,"name":"Gu\u00eda de Archivo y Gesti\u00f3n Documental Municipal: una gu\u00eda por y para la transparencia"}]},{"@type":"WebSite","@id":"https:\/\/arxiversvalencians.org\/#website","url":"https:\/\/arxiversvalencians.org\/","name":"arxiversvalencians.org","description":"arxiversvalencians.org","potentialAction":[{"@type":"SearchAction","target":{"@type":"EntryPoint","urlTemplate":"https:\/\/arxiversvalencians.org\/?s={search_term_string}"},"query-input":"required name=search_term_string"}],"inLanguage":"es"},{"@type":"Person","@id":"https:\/\/arxiversvalencians.org\/#\/schema\/person\/d050aca730f1a2b36c35723b360b741a","name":"Secretaria AAV","image":{"@type":"ImageObject","inLanguage":"es","@id":"https:\/\/arxiversvalencians.org\/#\/schema\/person\/image\/","url":"https:\/\/secure.gravatar.com\/avatar\/78d2de3310c7c34c5667d73b2a2b1b7e?s=96&d=mm&r=g","contentUrl":"https:\/\/secure.gravatar.com\/avatar\/78d2de3310c7c34c5667d73b2a2b1b7e?s=96&d=mm&r=g","caption":"Secretaria AAV"},"url":"https:\/\/arxiversvalencians.org\/es\/author\/helena\/"}]}},"jetpack_featured_media_url":"https:\/\/arxiversvalencians.org\/wp-content\/uploads\/2018\/12\/guia_archivo_gd_municipal-1.jpg","jetpack_sharing_enabled":true,"jetpack_shortlink":"https:\/\/wp.me\/p7fqQj-WU","_links":{"self":[{"href":"https:\/\/arxiversvalencians.org\/es\/wp-json\/wp\/v2\/posts\/3652"}],"collection":[{"href":"https:\/\/arxiversvalencians.org\/es\/wp-json\/wp\/v2\/posts"}],"about":[{"href":"https:\/\/arxiversvalencians.org\/es\/wp-json\/wp\/v2\/types\/post"}],"author":[{"embeddable":true,"href":"https:\/\/arxiversvalencians.org\/es\/wp-json\/wp\/v2\/users\/3"}],"replies":[{"embeddable":true,"href":"https:\/\/arxiversvalencians.org\/es\/wp-json\/wp\/v2\/comments?post=3652"}],"version-history":[{"count":10,"href":"https:\/\/arxiversvalencians.org\/es\/wp-json\/wp\/v2\/posts\/3652\/revisions"}],"predecessor-version":[{"id":3702,"href":"https:\/\/arxiversvalencians.org\/es\/wp-json\/wp\/v2\/posts\/3652\/revisions\/3702"}],"wp:featuredmedia":[{"embeddable":true,"href":"https:\/\/arxiversvalencians.org\/es\/wp-json\/wp\/v2\/media\/3665"}],"wp:attachment":[{"href":"https:\/\/arxiversvalencians.org\/es\/wp-json\/wp\/v2\/media?parent=3652"}],"wp:term":[{"taxonomy":"category","embeddable":true,"href":"https:\/\/arxiversvalencians.org\/es\/wp-json\/wp\/v2\/categories?post=3652"},{"taxonomy":"post_tag","embeddable":true,"href":"https:\/\/arxiversvalencians.org\/es\/wp-json\/wp\/v2\/tags?post=3652"}],"curies":[{"name":"wp","href":"https:\/\/api.w.org\/{rel}","templated":true}]}}