{"id":3629,"date":"2018-12-04T22:01:08","date_gmt":"2018-12-04T21:01:08","guid":{"rendered":"http:\/\/arxiversvalencians.org\/?p=3629"},"modified":"2018-12-04T22:01:08","modified_gmt":"2018-12-04T21:01:08","slug":"el-llibre-blanc-dels-arxius-valencians-un-libro-a-nuestro-servicio-y-con-vocacion-de-utilidad-social","status":"publish","type":"post","link":"https:\/\/arxiversvalencians.org\/es\/el-llibre-blanc-dels-arxius-valencians-un-libro-a-nuestro-servicio-y-con-vocacion-de-utilidad-social\/","title":{"rendered":"El \u00abLlibre blanc dels arxius valencians\u00bb: un libro a nuestro servicio y con vocaci\u00f3n de utilidad social"},"content":{"rendered":"<p style=\"text-align: justify\">Presentamos el\u00a0<em>Llibre blanc dels arxius valencians<\/em>,<span lang=\"es\">\u00a0una publicaci\u00f3n que ve la luz con el objetivo de describir la situaci\u00f3n actual de los archivos valencianos y marcar las l\u00edneas\u00a0por las cuales ha de discurrir su evoluci\u00f3n en los pr\u00f3ximos a\u00f1os.\u00a0Editado<\/span><span lang=\"es\">\u00a0por la Associaci\u00f3 d\u2019Arxivers i Gestors de Documents Valencians y coordinado por Jes\u00fas Eduardo Alonso i L\u00f3pez,<\/span><span lang=\"es\">\u00a0su publicaci\u00f3n ha sido\u00a0<\/span><span lang=\"es\">patrocinada por la Generalitat Valenciana, participando en su elaboraci\u00f3n tambi\u00e9n el\u00a0Consell Valenci\u00e0 de Cultura.<\/span><span lang=\"es\">\u00a0<\/span><div class=\"clear\"><\/div><div class=\"gdlr-space\" style=\"margin-top: 20px;\"><\/div><\/p>\r\n<p style=\"text-align: justify\"><span lang=\"es\">Tal vez hace tiempo que era necesario hacer un balance de c\u00f3mo\u00a0se encuentran los archivos en nuestro pa\u00eds.\u00a0<\/span><span lang=\"es\">Para\u00a0saber, para poner en evidencia sus potencialidades, pero tambi\u00e9n el estado de la cuesti\u00f3n manifiestamente mejorable de la pol\u00edtica de archivos que se aplica, as\u00ed como algunas l\u00edneas de\u00a0aquello que deber\u00edamos hacer.\u00a0<\/span><div class=\"clear\"><\/div><div class=\"gdlr-space\" style=\"margin-top: 20px;\"><\/div><\/p>\r\n<p style=\"text-align: justify\">Las p\u00e1ginas del<em> Llibre blanc dels arxius valencians<\/em> <span lang=\"es\">nos animan a conocer mejor la realidad y las expectativas de archivos de caracter\u00edsticas muy diferentes. T<\/span><span lang=\"es\">ambi\u00e9n nos pueden ayudar a calibrar el impacto que las nuevas tecnolog\u00edas proyectan en su futuro inmediato y otras cuestiones candentes ligadas a los archivos, como la aspiraci\u00f3n de conseguir un grado adecuado de transparencia en todas las instancias.\u00a0<\/span><span lang=\"es\">Las m\u00faltiples dimensiones que confluyen en el\u00a0\u00e1mbito de la archiv\u00edstica complican la tarea de llegar a una s\u00edntesis capaz de ofrecernos un\u00a0panorama representativo y al mismo tiempo riguroso y fiel de una realidad heterog\u00e9nea.\u00a0<\/span><span lang=\"es\">Sin embargo, la participaci\u00f3n en la elaboraci\u00f3n del libro\u00a0de una espl\u00e9ndida n\u00f3mina de grandes nombres en el mundo de los archivos y de esferas relacionados con ellos como la<\/span><span lang=\"es\">\u00a0historia, el derecho, la comunicaci\u00f3n o la tecnolog\u00eda proporcionan al proyecto el mejor aval posible.\u00a0<\/span><div class=\"clear\"><\/div><div class=\"gdlr-space\" style=\"margin-top: 20px;\"><\/div><\/p>\r\n<p style=\"text-align: justify\"><span lang=\"es\">El libro\u00a0se estructura alrededor de tres polos. <\/span><span lang=\"es\">El primero, de car\u00e1cter m\u00e1s &#8216;pol\u00edtico&#8217;: los archivos en l\u00ednea con el buen gobierno; el<\/span><span lang=\"es\">\u00a0segundo trata de hacer un intento de estado de la cuesti\u00f3n en de sectores concretos, as\u00ed como de enunciar algunas v\u00edas de futuro. <\/span><span lang=\"es\">Finalmente se encuentran una serie de aportaciones desde el nuevo universo digital en el cual estamos de forma insoslayablemente sumergidos.\u00a0<\/span><div class=\"clear\"><\/div><div class=\"gdlr-space\" style=\"margin-top: 20px;\"><\/div><\/p>\r\n<p style=\"text-align: justify\"><a href=\"http:\/\/arxiversvalencians.org\/wp-content\/uploads\/2018\/12\/index_llibre_blanc.pdf\">\u00cdNDICE<\/a>\u00a0<div class=\"clear\"><\/div><div class=\"gdlr-space\" style=\"margin-top: 20px;\"><\/div><\/p>\r\n<p style=\"text-align: justify\"><img loading=\"lazy\" decoding=\"async\" class=\"alignleft size-large wp-image-3639\" src=\"http:\/\/arxiversvalencians.org\/wp-content\/uploads\/2018\/12\/llibre_blanc_portada-723x1024.jpg\" alt=\"Llibre_blanc_portada\" width=\"723\" height=\"1024\" srcset=\"https:\/\/arxiversvalencians.org\/wp-content\/uploads\/2018\/12\/llibre_blanc_portada-723x1024.jpg 723w, https:\/\/arxiversvalencians.org\/wp-content\/uploads\/2018\/12\/llibre_blanc_portada-212x300.jpg 212w, https:\/\/arxiversvalencians.org\/wp-content\/uploads\/2018\/12\/llibre_blanc_portada.jpg 1974w\" sizes=\"(max-width: 723px) 100vw, 723px\" \/><\/p>\r\n\r\n<div class=\"WordSection1\">\r\n\r\n&nbsp;\r\n\r\n&nbsp;\r\n\r\n&nbsp;\r\n\r\n<\/div>\r\n&nbsp;","protected":false},"excerpt":{"rendered":"Presentamos el\u00a0Llibre blanc dels arxius valencians,\u00a0una publicaci\u00f3n que ve la luz con el objetivo de describir la situaci\u00f3n actual de los archivos valencianos y marcar las l\u00edneas\u00a0por las cuales ha de discurrir su evoluci\u00f3n en los pr\u00f3ximos a\u00f1os.\u00a0Editado\u00a0por la Associaci\u00f3 d\u2019Arxivers i Gestors de Documents Valencians y coordinado por Jes\u00fas Eduardo Alonso i L\u00f3pez,\u00a0su publicaci\u00f3n [&hellip;]","protected":false},"author":3,"featured_media":3630,"comment_status":"closed","ping_status":"closed","sticky":false,"template":"","format":"standard","meta":{"jetpack_post_was_ever_published":false,"_jetpack_newsletter_access":"","_jetpack_dont_email_post_to_subs":false,"_jetpack_newsletter_tier_id":0,"_jetpack_memberships_contains_paywalled_content":false,"_jetpack_memberships_contains_paid_content":false,"footnotes":"","jetpack_publicize_message":"","jetpack_publicize_feature_enabled":true,"jetpack_social_post_already_shared":true,"jetpack_social_options":{"image_generator_settings":{"template":"highway","enabled":false}}},"categories":[3],"tags":[],"jetpack_publicize_connections":[],"yoast_head":"<!-- This site is optimized with the Yoast SEO plugin v22.7 - https:\/\/yoast.com\/wordpress\/plugins\/seo\/ -->\n<title>El &quot;Llibre blanc dels arxius valencians&quot;: un libro a nuestro servicio y con vocaci\u00f3n de utilidad social - arxiversvalencians.org<\/title>\n<meta name=\"robots\" content=\"index, follow, max-snippet:-1, max-image-preview:large, max-video-preview:-1\" \/>\n<link rel=\"canonical\" href=\"https:\/\/arxiversvalencians.org\/es\/el-llibre-blanc-dels-arxius-valencians-un-libro-a-nuestro-servicio-y-con-vocacion-de-utilidad-social\/\" \/>\n<meta property=\"og:locale\" content=\"es_ES\" \/>\n<meta property=\"og:type\" content=\"article\" \/>\n<meta property=\"og:title\" content=\"El &quot;Llibre blanc dels arxius valencians&quot;: un libro a nuestro servicio y con vocaci\u00f3n de utilidad social - arxiversvalencians.org\" \/>\n<meta property=\"og:description\" content=\"Presentamos el\u00a0Llibre blanc dels arxius valencians,\u00a0una publicaci\u00f3n que ve la luz con el objetivo de describir la situaci\u00f3n actual de los archivos valencianos y marcar las l\u00edneas\u00a0por las cuales ha de discurrir su evoluci\u00f3n en los pr\u00f3ximos a\u00f1os.\u00a0Editado\u00a0por la Associaci\u00f3 d\u2019Arxivers i Gestors de Documents Valencians y coordinado por Jes\u00fas Eduardo Alonso i L\u00f3pez,\u00a0su publicaci\u00f3n [&hellip;]\" \/>\n<meta property=\"og:url\" content=\"https:\/\/arxiversvalencians.org\/es\/el-llibre-blanc-dels-arxius-valencians-un-libro-a-nuestro-servicio-y-con-vocacion-de-utilidad-social\/\" \/>\n<meta property=\"og:site_name\" content=\"arxiversvalencians.org\" \/>\n<meta property=\"article:published_time\" content=\"2018-12-04T21:01:08+00:00\" \/>\n<meta property=\"og:image\" content=\"https:\/\/arxiversvalencians.org\/wp-content\/uploads\/2018\/12\/llibre_blanc.jpg\" \/>\n\t<meta property=\"og:image:width\" content=\"791\" \/>\n\t<meta property=\"og:image:height\" content=\"373\" \/>\n\t<meta property=\"og:image:type\" content=\"image\/jpeg\" \/>\n<meta name=\"author\" content=\"Secretaria AAV\" \/>\n<meta name=\"twitter:card\" content=\"summary_large_image\" \/>\n<meta name=\"twitter:label1\" content=\"Escrito por\" \/>\n\t<meta name=\"twitter:data1\" content=\"Secretaria AAV\" \/>\n\t<meta name=\"twitter:label2\" content=\"Tiempo de lectura\" \/>\n\t<meta name=\"twitter:data2\" content=\"2 minutos\" \/>\n<script type=\"application\/ld+json\" class=\"yoast-schema-graph\">{\"@context\":\"https:\/\/schema.org\",\"@graph\":[{\"@type\":\"WebPage\",\"@id\":\"https:\/\/arxiversvalencians.org\/es\/el-llibre-blanc-dels-arxius-valencians-un-libro-a-nuestro-servicio-y-con-vocacion-de-utilidad-social\/\",\"url\":\"https:\/\/arxiversvalencians.org\/es\/el-llibre-blanc-dels-arxius-valencians-un-libro-a-nuestro-servicio-y-con-vocacion-de-utilidad-social\/\",\"name\":\"El \\\"Llibre blanc dels arxius valencians\\\": un libro a nuestro servicio y con vocaci\u00f3n de utilidad social - arxiversvalencians.org\",\"isPartOf\":{\"@id\":\"https:\/\/arxiversvalencians.org\/#website\"},\"primaryImageOfPage\":{\"@id\":\"https:\/\/arxiversvalencians.org\/es\/el-llibre-blanc-dels-arxius-valencians-un-libro-a-nuestro-servicio-y-con-vocacion-de-utilidad-social\/#primaryimage\"},\"image\":{\"@id\":\"https:\/\/arxiversvalencians.org\/es\/el-llibre-blanc-dels-arxius-valencians-un-libro-a-nuestro-servicio-y-con-vocacion-de-utilidad-social\/#primaryimage\"},\"thumbnailUrl\":\"https:\/\/arxiversvalencians.org\/wp-content\/uploads\/2018\/12\/llibre_blanc.jpg\",\"datePublished\":\"2018-12-04T21:01:08+00:00\",\"dateModified\":\"2018-12-04T21:01:08+00:00\",\"author\":{\"@id\":\"https:\/\/arxiversvalencians.org\/#\/schema\/person\/d050aca730f1a2b36c35723b360b741a\"},\"breadcrumb\":{\"@id\":\"https:\/\/arxiversvalencians.org\/es\/el-llibre-blanc-dels-arxius-valencians-un-libro-a-nuestro-servicio-y-con-vocacion-de-utilidad-social\/#breadcrumb\"},\"inLanguage\":\"es\",\"potentialAction\":[{\"@type\":\"ReadAction\",\"target\":[\"https:\/\/arxiversvalencians.org\/es\/el-llibre-blanc-dels-arxius-valencians-un-libro-a-nuestro-servicio-y-con-vocacion-de-utilidad-social\/\"]}]},{\"@type\":\"ImageObject\",\"inLanguage\":\"es\",\"@id\":\"https:\/\/arxiversvalencians.org\/es\/el-llibre-blanc-dels-arxius-valencians-un-libro-a-nuestro-servicio-y-con-vocacion-de-utilidad-social\/#primaryimage\",\"url\":\"https:\/\/arxiversvalencians.org\/wp-content\/uploads\/2018\/12\/llibre_blanc.jpg\",\"contentUrl\":\"https:\/\/arxiversvalencians.org\/wp-content\/uploads\/2018\/12\/llibre_blanc.jpg\",\"width\":791,\"height\":373},{\"@type\":\"BreadcrumbList\",\"@id\":\"https:\/\/arxiversvalencians.org\/es\/el-llibre-blanc-dels-arxius-valencians-un-libro-a-nuestro-servicio-y-con-vocacion-de-utilidad-social\/#breadcrumb\",\"itemListElement\":[{\"@type\":\"ListItem\",\"position\":1,\"name\":\"Portada\",\"item\":\"https:\/\/arxiversvalencians.org\/es\/\"},{\"@type\":\"ListItem\",\"position\":2,\"name\":\"El &#8220;Llibre blanc dels arxius valencians&#8221;: un libro a nuestro servicio y con vocaci\u00f3n de utilidad social\"}]},{\"@type\":\"WebSite\",\"@id\":\"https:\/\/arxiversvalencians.org\/#website\",\"url\":\"https:\/\/arxiversvalencians.org\/\",\"name\":\"arxiversvalencians.org\",\"description\":\"arxiversvalencians.org\",\"potentialAction\":[{\"@type\":\"SearchAction\",\"target\":{\"@type\":\"EntryPoint\",\"urlTemplate\":\"https:\/\/arxiversvalencians.org\/?s={search_term_string}\"},\"query-input\":\"required name=search_term_string\"}],\"inLanguage\":\"es\"},{\"@type\":\"Person\",\"@id\":\"https:\/\/arxiversvalencians.org\/#\/schema\/person\/d050aca730f1a2b36c35723b360b741a\",\"name\":\"Secretaria AAV\",\"image\":{\"@type\":\"ImageObject\",\"inLanguage\":\"es\",\"@id\":\"https:\/\/arxiversvalencians.org\/#\/schema\/person\/image\/\",\"url\":\"https:\/\/secure.gravatar.com\/avatar\/78d2de3310c7c34c5667d73b2a2b1b7e?s=96&d=mm&r=g\",\"contentUrl\":\"https:\/\/secure.gravatar.com\/avatar\/78d2de3310c7c34c5667d73b2a2b1b7e?s=96&d=mm&r=g\",\"caption\":\"Secretaria AAV\"},\"url\":\"https:\/\/arxiversvalencians.org\/es\/author\/helena\/\"}]}<\/script>\n<!-- \/ Yoast SEO plugin. -->","yoast_head_json":{"title":"El \"Llibre blanc dels arxius valencians\": un libro a nuestro servicio y con vocaci\u00f3n de utilidad social - arxiversvalencians.org","robots":{"index":"index","follow":"follow","max-snippet":"max-snippet:-1","max-image-preview":"max-image-preview:large","max-video-preview":"max-video-preview:-1"},"canonical":"https:\/\/arxiversvalencians.org\/es\/el-llibre-blanc-dels-arxius-valencians-un-libro-a-nuestro-servicio-y-con-vocacion-de-utilidad-social\/","og_locale":"es_ES","og_type":"article","og_title":"El \"Llibre blanc dels arxius valencians\": un libro a nuestro servicio y con vocaci\u00f3n de utilidad social - arxiversvalencians.org","og_description":"Presentamos el\u00a0Llibre blanc dels arxius valencians,\u00a0una publicaci\u00f3n que ve la luz con el objetivo de describir la situaci\u00f3n actual de los archivos valencianos y marcar las l\u00edneas\u00a0por las cuales ha de discurrir su evoluci\u00f3n en los pr\u00f3ximos a\u00f1os.\u00a0Editado\u00a0por la Associaci\u00f3 d\u2019Arxivers i Gestors de Documents Valencians y coordinado por Jes\u00fas Eduardo Alonso i L\u00f3pez,\u00a0su publicaci\u00f3n [&hellip;]","og_url":"https:\/\/arxiversvalencians.org\/es\/el-llibre-blanc-dels-arxius-valencians-un-libro-a-nuestro-servicio-y-con-vocacion-de-utilidad-social\/","og_site_name":"arxiversvalencians.org","article_published_time":"2018-12-04T21:01:08+00:00","og_image":[{"width":791,"height":373,"url":"https:\/\/arxiversvalencians.org\/wp-content\/uploads\/2018\/12\/llibre_blanc.jpg","type":"image\/jpeg"}],"author":"Secretaria AAV","twitter_card":"summary_large_image","twitter_misc":{"Escrito por":"Secretaria AAV","Tiempo de lectura":"2 minutos"},"schema":{"@context":"https:\/\/schema.org","@graph":[{"@type":"WebPage","@id":"https:\/\/arxiversvalencians.org\/es\/el-llibre-blanc-dels-arxius-valencians-un-libro-a-nuestro-servicio-y-con-vocacion-de-utilidad-social\/","url":"https:\/\/arxiversvalencians.org\/es\/el-llibre-blanc-dels-arxius-valencians-un-libro-a-nuestro-servicio-y-con-vocacion-de-utilidad-social\/","name":"El \"Llibre blanc dels arxius valencians\": un libro a nuestro servicio y con vocaci\u00f3n de utilidad social - arxiversvalencians.org","isPartOf":{"@id":"https:\/\/arxiversvalencians.org\/#website"},"primaryImageOfPage":{"@id":"https:\/\/arxiversvalencians.org\/es\/el-llibre-blanc-dels-arxius-valencians-un-libro-a-nuestro-servicio-y-con-vocacion-de-utilidad-social\/#primaryimage"},"image":{"@id":"https:\/\/arxiversvalencians.org\/es\/el-llibre-blanc-dels-arxius-valencians-un-libro-a-nuestro-servicio-y-con-vocacion-de-utilidad-social\/#primaryimage"},"thumbnailUrl":"https:\/\/arxiversvalencians.org\/wp-content\/uploads\/2018\/12\/llibre_blanc.jpg","datePublished":"2018-12-04T21:01:08+00:00","dateModified":"2018-12-04T21:01:08+00:00","author":{"@id":"https:\/\/arxiversvalencians.org\/#\/schema\/person\/d050aca730f1a2b36c35723b360b741a"},"breadcrumb":{"@id":"https:\/\/arxiversvalencians.org\/es\/el-llibre-blanc-dels-arxius-valencians-un-libro-a-nuestro-servicio-y-con-vocacion-de-utilidad-social\/#breadcrumb"},"inLanguage":"es","potentialAction":[{"@type":"ReadAction","target":["https:\/\/arxiversvalencians.org\/es\/el-llibre-blanc-dels-arxius-valencians-un-libro-a-nuestro-servicio-y-con-vocacion-de-utilidad-social\/"]}]},{"@type":"ImageObject","inLanguage":"es","@id":"https:\/\/arxiversvalencians.org\/es\/el-llibre-blanc-dels-arxius-valencians-un-libro-a-nuestro-servicio-y-con-vocacion-de-utilidad-social\/#primaryimage","url":"https:\/\/arxiversvalencians.org\/wp-content\/uploads\/2018\/12\/llibre_blanc.jpg","contentUrl":"https:\/\/arxiversvalencians.org\/wp-content\/uploads\/2018\/12\/llibre_blanc.jpg","width":791,"height":373},{"@type":"BreadcrumbList","@id":"https:\/\/arxiversvalencians.org\/es\/el-llibre-blanc-dels-arxius-valencians-un-libro-a-nuestro-servicio-y-con-vocacion-de-utilidad-social\/#breadcrumb","itemListElement":[{"@type":"ListItem","position":1,"name":"Portada","item":"https:\/\/arxiversvalencians.org\/es\/"},{"@type":"ListItem","position":2,"name":"El &#8220;Llibre blanc dels arxius valencians&#8221;: un libro a nuestro servicio y con vocaci\u00f3n de utilidad social"}]},{"@type":"WebSite","@id":"https:\/\/arxiversvalencians.org\/#website","url":"https:\/\/arxiversvalencians.org\/","name":"arxiversvalencians.org","description":"arxiversvalencians.org","potentialAction":[{"@type":"SearchAction","target":{"@type":"EntryPoint","urlTemplate":"https:\/\/arxiversvalencians.org\/?s={search_term_string}"},"query-input":"required name=search_term_string"}],"inLanguage":"es"},{"@type":"Person","@id":"https:\/\/arxiversvalencians.org\/#\/schema\/person\/d050aca730f1a2b36c35723b360b741a","name":"Secretaria AAV","image":{"@type":"ImageObject","inLanguage":"es","@id":"https:\/\/arxiversvalencians.org\/#\/schema\/person\/image\/","url":"https:\/\/secure.gravatar.com\/avatar\/78d2de3310c7c34c5667d73b2a2b1b7e?s=96&d=mm&r=g","contentUrl":"https:\/\/secure.gravatar.com\/avatar\/78d2de3310c7c34c5667d73b2a2b1b7e?s=96&d=mm&r=g","caption":"Secretaria AAV"},"url":"https:\/\/arxiversvalencians.org\/es\/author\/helena\/"}]}},"jetpack_featured_media_url":"https:\/\/arxiversvalencians.org\/wp-content\/uploads\/2018\/12\/llibre_blanc.jpg","jetpack_sharing_enabled":true,"jetpack_shortlink":"https:\/\/wp.me\/p7fqQj-Wx","_links":{"self":[{"href":"https:\/\/arxiversvalencians.org\/es\/wp-json\/wp\/v2\/posts\/3629"}],"collection":[{"href":"https:\/\/arxiversvalencians.org\/es\/wp-json\/wp\/v2\/posts"}],"about":[{"href":"https:\/\/arxiversvalencians.org\/es\/wp-json\/wp\/v2\/types\/post"}],"author":[{"embeddable":true,"href":"https:\/\/arxiversvalencians.org\/es\/wp-json\/wp\/v2\/users\/3"}],"replies":[{"embeddable":true,"href":"https:\/\/arxiversvalencians.org\/es\/wp-json\/wp\/v2\/comments?post=3629"}],"version-history":[{"count":7,"href":"https:\/\/arxiversvalencians.org\/es\/wp-json\/wp\/v2\/posts\/3629\/revisions"}],"predecessor-version":[{"id":3640,"href":"https:\/\/arxiversvalencians.org\/es\/wp-json\/wp\/v2\/posts\/3629\/revisions\/3640"}],"wp:featuredmedia":[{"embeddable":true,"href":"https:\/\/arxiversvalencians.org\/es\/wp-json\/wp\/v2\/media\/3630"}],"wp:attachment":[{"href":"https:\/\/arxiversvalencians.org\/es\/wp-json\/wp\/v2\/media?parent=3629"}],"wp:term":[{"taxonomy":"category","embeddable":true,"href":"https:\/\/arxiversvalencians.org\/es\/wp-json\/wp\/v2\/categories?post=3629"},{"taxonomy":"post_tag","embeddable":true,"href":"https:\/\/arxiversvalencians.org\/es\/wp-json\/wp\/v2\/tags?post=3629"}],"curies":[{"name":"wp","href":"https:\/\/api.w.org\/{rel}","templated":true}]}}