{"id":3079,"date":"2018-01-26T18:18:15","date_gmt":"2018-01-26T17:18:15","guid":{"rendered":"http:\/\/arxiversvalencians.org\/?p=3079"},"modified":"2018-01-26T18:18:49","modified_gmt":"2018-01-26T17:18:49","slug":"restauracion-de-4-carteles-de-fiestas-de-finales-del-siglo-xix-y-principios-del-xx-del-archivo-municipal-de-sueca","status":"publish","type":"post","link":"https:\/\/arxiversvalencians.org\/es\/restauracion-de-4-carteles-de-fiestas-de-finales-del-siglo-xix-y-principios-del-xx-del-archivo-municipal-de-sueca\/","title":{"rendered":"Restauraci\u00f3n de 4 carteles de fiestas de finales del siglo XIX y principios del XX del Archivo Municipal de Sueca"},"content":{"rendered":"<p style=\"text-align: justify\">El pasado 14 de diciembre en el sal\u00f3n de plenos del Ayuntamiento de Sueca se presentaron los trabajos de restauraci\u00f3n de cuatro ejemplares antiguos de carteles de la Feria y Fiestas de Sueca de 1892, 1895, 1896 y 1904. Se trata de un hallazgo \u00fanico de estas caracter\u00edsticas seg\u00fan han apuntado desde el Instituto Valenciano de Conservaci\u00f3n y Restauraci\u00f3n de Bienes Culturales IVCR+i, la entidad que ha asumido la tarea de recuperaci\u00f3n de los documentos asumiendo el coste al 50% con el ayuntamiento.<\/p>\r\n<p style=\"text-align: justify\"><!--more--><span style=\"font-family: Arial, sans-serif\">\r\nLa alc<img loading=\"lazy\" decoding=\"async\" class=\"alignright size-large wp-image-3046\" src=\"http:\/\/arxiversvalencians.org\/wp-content\/uploads\/2018\/01\/cartell-de-1895-368x1024.jpg\" alt=\"Cartell de 1895\" width=\"368\" height=\"1024\" srcset=\"https:\/\/arxiversvalencians.org\/wp-content\/uploads\/2018\/01\/cartell-de-1895-368x1024.jpg 368w, https:\/\/arxiversvalencians.org\/wp-content\/uploads\/2018\/01\/cartell-de-1895-108x300.jpg 108w, https:\/\/arxiversvalencians.org\/wp-content\/uploads\/2018\/01\/cartell-de-1895.jpg 1710w\" sizes=\"(max-width: 368px) 100vw, 368px\" \/>aldesa de Sueca, Raquel Tamarit; el regidor responsable del Archivo Municipal de Sueca, Salvador Gim\u00e9nez; el director general del Instituto Valenciano de Cultura y tambi\u00e9n suecano, Abel Guarinos, y la subdirectora del IVCR+i, Gemma Contreras, comparecieron ante los medios para explicar el trabajo que ha supuesto la rehabilitaci\u00f3n de los anuncios de estas fiestas y exponer el resultado.<\/span><\/p>\r\n<p style=\"text-align: justify\"><span style=\"font-family: Arial, sans-serif\">El regidor titular del Archivo ha explicado que los carteles centenarios, que se encontraron plegados entre la documentaci\u00f3n administrativa de los expedientes de las correspondientes fiestas, estaban en un estado de deterioro importante, debido a que el papel estaba roto y arrugado por los pliegues.<\/span><\/p>\r\n<p style=\"text-align: justify\"><span class=\"alignnone\" style=\"font-family: Arial, sans-serif\">Los carteles\u00a0recuperados tienen unas medidas aproximadas de entre 1,20 m. y 1,60 m. por 1,10 m. y, uno de ellos, imponente, llega a los 2,70 m. de altura. Los principales eventos en las fiestas de entonces, eran los conciertos, los pasacalles y retretas, las procesiones, los fuegos artificiales, la feria y la t\u00f3mbola a beneficio del Santo Hospital. Lo que m\u00e1s llama la atenci\u00f3n, sin embargo, era la afici\u00f3n que hab\u00eda en esta \u00e9poca por los globos aerost\u00e1ticos y la importancia que se daba al tipo de iluminaci\u00f3n que hab\u00eda en cada calle.<\/span><\/p>\r\n<p style=\"text-align: justify\"><span style=\"font-family: Arial, sans-serif\">El director General del Instituto Valenciano de Cultura ha querido poner en valor tambi\u00e9n la riqueza documental del Archivo Municipal de Sueca: \u201ctenemos uno de los archivos m\u00e1s importantes\u00a0en relaci\u00f3n con\u00a0la recopilaci\u00f3n hist\u00f3rica, con casi ocho siglos de historia\u201d. Guarinos ha\u00a0animado a todas las partes implicadas en este trabajo a emprender nuevas y pr\u00f3ximas acciones.<\/span><\/p>\r\n<p style=\"text-align: justify\"><span style=\"font-family: Arial, sans-serif\">La alcaldesa ha cerrado las intervenciones\u00a0con un amplio agradecimiento al soporte y la complicidad institucional que han encontrado en el Instituto Valenciano de Cultura y tambi\u00e9n a los t\u00e9cnicos, tanto del IVCR+i como del Archivo Municipal de Sueca, para su tarea en pro de la conservaci\u00f3n, investigaci\u00f3n y difusi\u00f3n de nuestro legado.<\/span><\/p>\r\n<p style=\"text-align: justify\"><span style=\"font-family: Arial, sans-serif\"><img loading=\"lazy\" decoding=\"async\" class=\"alignleft size-large wp-image-3048\" src=\"http:\/\/arxiversvalencians.org\/wp-content\/uploads\/2018\/01\/cartell-de-1904-424x1024.jpg\" alt=\"Cartell de 1904\" width=\"424\" height=\"1024\" srcset=\"https:\/\/arxiversvalencians.org\/wp-content\/uploads\/2018\/01\/cartell-de-1904-424x1024.jpg 424w, https:\/\/arxiversvalencians.org\/wp-content\/uploads\/2018\/01\/cartell-de-1904-124x300.jpg 124w, https:\/\/arxiversvalencians.org\/wp-content\/uploads\/2018\/01\/cartell-de-1904.jpg 1892w\" sizes=\"(max-width: 424px) 100vw, 424px\" \/>Breve explicaci\u00f3n por los t\u00e9cnicos del IVCR+i sobre la t\u00e9cnica utilizada:<\/span><\/p>\r\n<p style=\"text-align: justify\"><span style=\"font-family: Arial, sans-serif\">Para\u00a0mejorar\u00a0su conservaci\u00f3n,\u00a0se decidi\u00f3 reforzar el soporte original mediante una laminaci\u00f3n por el reverso basada en\u00a0t\u00e9cnicas japoneses S\u00f4ko y un sistema de\u00a0almacenamiento enrollado y protegido con una caja fabricada en cart\u00f3n de conservaci\u00f3n, libre de adhesivos y con reserva alcalina.\u00a0<\/span><span style=\"font-family: Arial, sans-serif\">La primera fase consiste en una limpieza en seco para eliminar las impurezas del papel acumuladas por el paso de los a\u00f1os, posteriormente se aplica una soluci\u00f3n alcalina para dar consistencia al papel y as\u00ed poder\u00a0injertar\u00a0con m\u00e1s facilidad las esquinas y unir los fragmentos rotos del papel. El\u00a0<\/span><span style=\"font-family: Arial, sans-serif\">estiramiento de los carteles se realiza con una t\u00e9cnica japonesa de probada eficacia con los papeles de grandes dimensiones. Por eso es necesario una tabla de madera fen\u00f3lica preparada con cera microcristalina donde se extienden los carteles.<\/span><\/p>\r\n<p style=\"text-align: justify\"><span style=\"font-family: Arial, sans-serif\">Sobre\u00a0los carteles se realiza la laminaci\u00f3n con un papel especial japon\u00e9s llamado &#8216;Sekishu&#8217;, de gramaje medio. El motivo de escoger este tipo de papel se debe a que no supera el gramaje del cartel original y aporta flexibilidad y elasticidad al cartel. Sobre los papeles se aplica una mezcla de agua y almid\u00f3n de trigo, de manera que todo el cartel ha de tener el mismo grado de humedad.\u00a0<\/span><span style=\"font-family: Arial, sans-serif\">Unas brochas espec\u00edficas ayudan a adherir los papeles sobre los carteles evitando burbujas de aire y arrugas entre el papel de laminaci\u00f3n y la obra.\u00a0<\/span><span style=\"font-family: Arial, sans-serif\">Conforme se van secando el cartel se va alisando y pasadas cinco horas, los restauradores desenganchan el cartel y recomponen los colores originales de las letras y las ilustraciones.<\/span><\/p>\r\n<p style=\"text-align: justify\"><span style=\"font-family: Arial, sans-serif\">El Archivo dedic\u00f3\u00a0el Documento del Mes de diciembre a los carteles restaurados y en la p\u00e1<\/span><span style=\"font-family: Arial, sans-serif\">gina web pod\u00e9is encontrar un v\u00eddeo hecho por el IVCR+ y donde<\/span><span style=\"font-family: Arial, sans-serif\">\u00a0se ve c\u00f3mo aplican todo lo que se explica antes:\u00a0<\/span><span style=\"font-family: Arial, sans-serif\"><a href=\"http:\/\/arxiu.sueca.es\/page\/desembre-2017-cartells-festes-patronals-1892-1895-1896-1904\">http:\/\/arxiu.sueca.es\/page\/desembre-2017-cartells-festes-patronals-1892-1895-1896-1904<\/a><\/span><\/p>\r\n<p style=\"text-align: justify\"><span style=\"font-family: Arial, sans-serif\">La presentaci\u00f3n\u00a0tuvo\u00a0un gran eco en\u00a0diversos medios de comunicaci\u00f3n, hasta el punto que un periodista japon\u00e9s residente en Barcelona, Taichi Nakagawa, se puso en contacte con el archivo para obtener m\u00e1s informaci\u00f3n sobre una t\u00e9cnica que casi no se utiliza fuera de su pa\u00eds y le dedic\u00f3 el siguiente art\u00edculo:\u00a0<\/span><span style=\"font-family: Arial, sans-serif\"><a href=\"https:\/\/spain-press.com\/2018\/01\/19\/suecasekishu\/\">https:\/\/spain-press.com\/2018\/01\/19\/suecasekishu\/<\/a>.\u00a0A pesar de que<\/span><span style=\"font-family: Arial, sans-serif\">\u00a0est\u00e1 en japon\u00e9s seleccionando el texto para traducirlo con el Google Translator se obtiene una traducci\u00f3n aproximada bastante buena que nos permite descubrir nueva informaci\u00f3n, como que la t\u00e9cnica japonesa utilizada en la restauraci\u00f3n proviene de la prefectura de Shimane en el distrito de Iwami.<\/span><\/p>\r\n<p style=\"text-align: justify\"><span style=\"font-family: Arial, sans-serif\">Si pas\u00e1is por Sueca podr\u00e9is observar los carteles colgados en el sal\u00f3n de plenos del ayuntamiento.<\/span><\/p>\r\n<p style=\"text-align: justify\" align=\"RIGHT\"><strong><span style=\"font-family: Arial, sans-serif\">Enric Alforja y Joan Pi. Archivo Municipal de Sueca<\/span><\/strong><\/p>","protected":false},"excerpt":{"rendered":"El pasado 14 de diciembre en el sal\u00f3n de plenos del Ayuntamiento de Sueca se presentaron los trabajos de restauraci\u00f3n de cuatro ejemplares antiguos de carteles de la Feria y Fiestas de Sueca de 1892, 1895, 1896 y 1904. Se trata de un hallazgo \u00fanico de estas caracter\u00edsticas seg\u00fan han apuntado desde el Instituto Valenciano [&hellip;]","protected":false},"author":3,"featured_media":3043,"comment_status":"closed","ping_status":"closed","sticky":false,"template":"","format":"standard","meta":{"jetpack_post_was_ever_published":false,"_jetpack_newsletter_access":"","_jetpack_dont_email_post_to_subs":true,"_jetpack_newsletter_tier_id":0,"_jetpack_memberships_contains_paywalled_content":false,"_jetpack_memberships_contains_paid_content":false,"footnotes":"","jetpack_publicize_message":"","jetpack_publicize_feature_enabled":true,"jetpack_social_post_already_shared":true,"jetpack_social_options":{"image_generator_settings":{"template":"highway","enabled":false}}},"categories":[3],"tags":[],"jetpack_publicize_connections":[],"yoast_head":"<!-- This site is optimized with the Yoast SEO plugin v22.7 - https:\/\/yoast.com\/wordpress\/plugins\/seo\/ -->\n<title>Restauraci\u00f3n de 4 carteles de fiestas de finales del siglo XIX y principios del XX del Archivo Municipal de Sueca - arxiversvalencians.org<\/title>\n<meta name=\"robots\" content=\"index, follow, max-snippet:-1, max-image-preview:large, max-video-preview:-1\" \/>\n<link rel=\"canonical\" href=\"https:\/\/arxiversvalencians.org\/es\/restauracion-de-4-carteles-de-fiestas-de-finales-del-siglo-xix-y-principios-del-xx-del-archivo-municipal-de-sueca\/\" \/>\n<meta property=\"og:locale\" content=\"es_ES\" \/>\n<meta property=\"og:type\" content=\"article\" \/>\n<meta property=\"og:title\" content=\"Restauraci\u00f3n de 4 carteles de fiestas de finales del siglo XIX y principios del XX del Archivo Municipal de Sueca - arxiversvalencians.org\" \/>\n<meta property=\"og:description\" content=\"El pasado 14 de diciembre en el sal\u00f3n de plenos del Ayuntamiento de Sueca se presentaron los trabajos de restauraci\u00f3n de cuatro ejemplares antiguos de carteles de la Feria y Fiestas de Sueca de 1892, 1895, 1896 y 1904. Se trata de un hallazgo \u00fanico de estas caracter\u00edsticas seg\u00fan han apuntado desde el Instituto Valenciano [&hellip;]\" \/>\n<meta property=\"og:url\" content=\"https:\/\/arxiversvalencians.org\/es\/restauracion-de-4-carteles-de-fiestas-de-finales-del-siglo-xix-y-principios-del-xx-del-archivo-municipal-de-sueca\/\" \/>\n<meta property=\"og:site_name\" content=\"arxiversvalencians.org\" \/>\n<meta property=\"article:published_time\" content=\"2018-01-26T17:18:15+00:00\" \/>\n<meta property=\"article:modified_time\" content=\"2018-01-26T17:18:49+00:00\" \/>\n<meta property=\"og:image\" content=\"https:\/\/arxiversvalencians.org\/wp-content\/uploads\/2018\/01\/cartells1.jpg\" \/>\n\t<meta property=\"og:image:width\" content=\"3840\" \/>\n\t<meta property=\"og:image:height\" content=\"2160\" \/>\n\t<meta property=\"og:image:type\" content=\"image\/jpeg\" \/>\n<meta name=\"author\" content=\"Secretaria AAV\" \/>\n<meta name=\"twitter:card\" content=\"summary_large_image\" \/>\n<meta name=\"twitter:label1\" content=\"Escrito por\" \/>\n\t<meta name=\"twitter:data1\" content=\"Secretaria AAV\" \/>\n\t<meta name=\"twitter:label2\" content=\"Tiempo de lectura\" \/>\n\t<meta name=\"twitter:data2\" content=\"4 minutos\" \/>\n<script type=\"application\/ld+json\" class=\"yoast-schema-graph\">{\"@context\":\"https:\/\/schema.org\",\"@graph\":[{\"@type\":\"WebPage\",\"@id\":\"https:\/\/arxiversvalencians.org\/es\/restauracion-de-4-carteles-de-fiestas-de-finales-del-siglo-xix-y-principios-del-xx-del-archivo-municipal-de-sueca\/\",\"url\":\"https:\/\/arxiversvalencians.org\/es\/restauracion-de-4-carteles-de-fiestas-de-finales-del-siglo-xix-y-principios-del-xx-del-archivo-municipal-de-sueca\/\",\"name\":\"Restauraci\u00f3n de 4 carteles de fiestas de finales del siglo XIX y principios del XX del Archivo Municipal de Sueca - arxiversvalencians.org\",\"isPartOf\":{\"@id\":\"https:\/\/arxiversvalencians.org\/#website\"},\"primaryImageOfPage\":{\"@id\":\"https:\/\/arxiversvalencians.org\/es\/restauracion-de-4-carteles-de-fiestas-de-finales-del-siglo-xix-y-principios-del-xx-del-archivo-municipal-de-sueca\/#primaryimage\"},\"image\":{\"@id\":\"https:\/\/arxiversvalencians.org\/es\/restauracion-de-4-carteles-de-fiestas-de-finales-del-siglo-xix-y-principios-del-xx-del-archivo-municipal-de-sueca\/#primaryimage\"},\"thumbnailUrl\":\"https:\/\/arxiversvalencians.org\/wp-content\/uploads\/2018\/01\/cartells1.jpg\",\"datePublished\":\"2018-01-26T17:18:15+00:00\",\"dateModified\":\"2018-01-26T17:18:49+00:00\",\"author\":{\"@id\":\"https:\/\/arxiversvalencians.org\/#\/schema\/person\/d050aca730f1a2b36c35723b360b741a\"},\"breadcrumb\":{\"@id\":\"https:\/\/arxiversvalencians.org\/es\/restauracion-de-4-carteles-de-fiestas-de-finales-del-siglo-xix-y-principios-del-xx-del-archivo-municipal-de-sueca\/#breadcrumb\"},\"inLanguage\":\"es\",\"potentialAction\":[{\"@type\":\"ReadAction\",\"target\":[\"https:\/\/arxiversvalencians.org\/es\/restauracion-de-4-carteles-de-fiestas-de-finales-del-siglo-xix-y-principios-del-xx-del-archivo-municipal-de-sueca\/\"]}]},{\"@type\":\"ImageObject\",\"inLanguage\":\"es\",\"@id\":\"https:\/\/arxiversvalencians.org\/es\/restauracion-de-4-carteles-de-fiestas-de-finales-del-siglo-xix-y-principios-del-xx-del-archivo-municipal-de-sueca\/#primaryimage\",\"url\":\"https:\/\/arxiversvalencians.org\/wp-content\/uploads\/2018\/01\/cartells1.jpg\",\"contentUrl\":\"https:\/\/arxiversvalencians.org\/wp-content\/uploads\/2018\/01\/cartells1.jpg\",\"width\":3840,\"height\":2160},{\"@type\":\"BreadcrumbList\",\"@id\":\"https:\/\/arxiversvalencians.org\/es\/restauracion-de-4-carteles-de-fiestas-de-finales-del-siglo-xix-y-principios-del-xx-del-archivo-municipal-de-sueca\/#breadcrumb\",\"itemListElement\":[{\"@type\":\"ListItem\",\"position\":1,\"name\":\"Portada\",\"item\":\"https:\/\/arxiversvalencians.org\/es\/\"},{\"@type\":\"ListItem\",\"position\":2,\"name\":\"Restauraci\u00f3n de 4 carteles de fiestas de finales del siglo XIX y principios del XX del Archivo Municipal de Sueca\"}]},{\"@type\":\"WebSite\",\"@id\":\"https:\/\/arxiversvalencians.org\/#website\",\"url\":\"https:\/\/arxiversvalencians.org\/\",\"name\":\"arxiversvalencians.org\",\"description\":\"arxiversvalencians.org\",\"potentialAction\":[{\"@type\":\"SearchAction\",\"target\":{\"@type\":\"EntryPoint\",\"urlTemplate\":\"https:\/\/arxiversvalencians.org\/?s={search_term_string}\"},\"query-input\":\"required name=search_term_string\"}],\"inLanguage\":\"es\"},{\"@type\":\"Person\",\"@id\":\"https:\/\/arxiversvalencians.org\/#\/schema\/person\/d050aca730f1a2b36c35723b360b741a\",\"name\":\"Secretaria AAV\",\"image\":{\"@type\":\"ImageObject\",\"inLanguage\":\"es\",\"@id\":\"https:\/\/arxiversvalencians.org\/#\/schema\/person\/image\/\",\"url\":\"https:\/\/secure.gravatar.com\/avatar\/78d2de3310c7c34c5667d73b2a2b1b7e?s=96&d=mm&r=g\",\"contentUrl\":\"https:\/\/secure.gravatar.com\/avatar\/78d2de3310c7c34c5667d73b2a2b1b7e?s=96&d=mm&r=g\",\"caption\":\"Secretaria AAV\"},\"url\":\"https:\/\/arxiversvalencians.org\/es\/author\/helena\/\"}]}<\/script>\n<!-- \/ Yoast SEO plugin. -->","yoast_head_json":{"title":"Restauraci\u00f3n de 4 carteles de fiestas de finales del siglo XIX y principios del XX del Archivo Municipal de Sueca - arxiversvalencians.org","robots":{"index":"index","follow":"follow","max-snippet":"max-snippet:-1","max-image-preview":"max-image-preview:large","max-video-preview":"max-video-preview:-1"},"canonical":"https:\/\/arxiversvalencians.org\/es\/restauracion-de-4-carteles-de-fiestas-de-finales-del-siglo-xix-y-principios-del-xx-del-archivo-municipal-de-sueca\/","og_locale":"es_ES","og_type":"article","og_title":"Restauraci\u00f3n de 4 carteles de fiestas de finales del siglo XIX y principios del XX del Archivo Municipal de Sueca - arxiversvalencians.org","og_description":"El pasado 14 de diciembre en el sal\u00f3n de plenos del Ayuntamiento de Sueca se presentaron los trabajos de restauraci\u00f3n de cuatro ejemplares antiguos de carteles de la Feria y Fiestas de Sueca de 1892, 1895, 1896 y 1904. Se trata de un hallazgo \u00fanico de estas caracter\u00edsticas seg\u00fan han apuntado desde el Instituto Valenciano [&hellip;]","og_url":"https:\/\/arxiversvalencians.org\/es\/restauracion-de-4-carteles-de-fiestas-de-finales-del-siglo-xix-y-principios-del-xx-del-archivo-municipal-de-sueca\/","og_site_name":"arxiversvalencians.org","article_published_time":"2018-01-26T17:18:15+00:00","article_modified_time":"2018-01-26T17:18:49+00:00","og_image":[{"width":3840,"height":2160,"url":"https:\/\/arxiversvalencians.org\/wp-content\/uploads\/2018\/01\/cartells1.jpg","type":"image\/jpeg"}],"author":"Secretaria AAV","twitter_card":"summary_large_image","twitter_misc":{"Escrito por":"Secretaria AAV","Tiempo de lectura":"4 minutos"},"schema":{"@context":"https:\/\/schema.org","@graph":[{"@type":"WebPage","@id":"https:\/\/arxiversvalencians.org\/es\/restauracion-de-4-carteles-de-fiestas-de-finales-del-siglo-xix-y-principios-del-xx-del-archivo-municipal-de-sueca\/","url":"https:\/\/arxiversvalencians.org\/es\/restauracion-de-4-carteles-de-fiestas-de-finales-del-siglo-xix-y-principios-del-xx-del-archivo-municipal-de-sueca\/","name":"Restauraci\u00f3n de 4 carteles de fiestas de finales del siglo XIX y principios del XX del Archivo Municipal de Sueca - arxiversvalencians.org","isPartOf":{"@id":"https:\/\/arxiversvalencians.org\/#website"},"primaryImageOfPage":{"@id":"https:\/\/arxiversvalencians.org\/es\/restauracion-de-4-carteles-de-fiestas-de-finales-del-siglo-xix-y-principios-del-xx-del-archivo-municipal-de-sueca\/#primaryimage"},"image":{"@id":"https:\/\/arxiversvalencians.org\/es\/restauracion-de-4-carteles-de-fiestas-de-finales-del-siglo-xix-y-principios-del-xx-del-archivo-municipal-de-sueca\/#primaryimage"},"thumbnailUrl":"https:\/\/arxiversvalencians.org\/wp-content\/uploads\/2018\/01\/cartells1.jpg","datePublished":"2018-01-26T17:18:15+00:00","dateModified":"2018-01-26T17:18:49+00:00","author":{"@id":"https:\/\/arxiversvalencians.org\/#\/schema\/person\/d050aca730f1a2b36c35723b360b741a"},"breadcrumb":{"@id":"https:\/\/arxiversvalencians.org\/es\/restauracion-de-4-carteles-de-fiestas-de-finales-del-siglo-xix-y-principios-del-xx-del-archivo-municipal-de-sueca\/#breadcrumb"},"inLanguage":"es","potentialAction":[{"@type":"ReadAction","target":["https:\/\/arxiversvalencians.org\/es\/restauracion-de-4-carteles-de-fiestas-de-finales-del-siglo-xix-y-principios-del-xx-del-archivo-municipal-de-sueca\/"]}]},{"@type":"ImageObject","inLanguage":"es","@id":"https:\/\/arxiversvalencians.org\/es\/restauracion-de-4-carteles-de-fiestas-de-finales-del-siglo-xix-y-principios-del-xx-del-archivo-municipal-de-sueca\/#primaryimage","url":"https:\/\/arxiversvalencians.org\/wp-content\/uploads\/2018\/01\/cartells1.jpg","contentUrl":"https:\/\/arxiversvalencians.org\/wp-content\/uploads\/2018\/01\/cartells1.jpg","width":3840,"height":2160},{"@type":"BreadcrumbList","@id":"https:\/\/arxiversvalencians.org\/es\/restauracion-de-4-carteles-de-fiestas-de-finales-del-siglo-xix-y-principios-del-xx-del-archivo-municipal-de-sueca\/#breadcrumb","itemListElement":[{"@type":"ListItem","position":1,"name":"Portada","item":"https:\/\/arxiversvalencians.org\/es\/"},{"@type":"ListItem","position":2,"name":"Restauraci\u00f3n de 4 carteles de fiestas de finales del siglo XIX y principios del XX del Archivo Municipal de Sueca"}]},{"@type":"WebSite","@id":"https:\/\/arxiversvalencians.org\/#website","url":"https:\/\/arxiversvalencians.org\/","name":"arxiversvalencians.org","description":"arxiversvalencians.org","potentialAction":[{"@type":"SearchAction","target":{"@type":"EntryPoint","urlTemplate":"https:\/\/arxiversvalencians.org\/?s={search_term_string}"},"query-input":"required name=search_term_string"}],"inLanguage":"es"},{"@type":"Person","@id":"https:\/\/arxiversvalencians.org\/#\/schema\/person\/d050aca730f1a2b36c35723b360b741a","name":"Secretaria AAV","image":{"@type":"ImageObject","inLanguage":"es","@id":"https:\/\/arxiversvalencians.org\/#\/schema\/person\/image\/","url":"https:\/\/secure.gravatar.com\/avatar\/78d2de3310c7c34c5667d73b2a2b1b7e?s=96&d=mm&r=g","contentUrl":"https:\/\/secure.gravatar.com\/avatar\/78d2de3310c7c34c5667d73b2a2b1b7e?s=96&d=mm&r=g","caption":"Secretaria AAV"},"url":"https:\/\/arxiversvalencians.org\/es\/author\/helena\/"}]}},"jetpack_featured_media_url":"https:\/\/arxiversvalencians.org\/wp-content\/uploads\/2018\/01\/cartells1.jpg","jetpack_sharing_enabled":true,"jetpack_shortlink":"https:\/\/wp.me\/p7fqQj-NF","_links":{"self":[{"href":"https:\/\/arxiversvalencians.org\/es\/wp-json\/wp\/v2\/posts\/3079"}],"collection":[{"href":"https:\/\/arxiversvalencians.org\/es\/wp-json\/wp\/v2\/posts"}],"about":[{"href":"https:\/\/arxiversvalencians.org\/es\/wp-json\/wp\/v2\/types\/post"}],"author":[{"embeddable":true,"href":"https:\/\/arxiversvalencians.org\/es\/wp-json\/wp\/v2\/users\/3"}],"replies":[{"embeddable":true,"href":"https:\/\/arxiversvalencians.org\/es\/wp-json\/wp\/v2\/comments?post=3079"}],"version-history":[{"count":2,"href":"https:\/\/arxiversvalencians.org\/es\/wp-json\/wp\/v2\/posts\/3079\/revisions"}],"predecessor-version":[{"id":3082,"href":"https:\/\/arxiversvalencians.org\/es\/wp-json\/wp\/v2\/posts\/3079\/revisions\/3082"}],"wp:featuredmedia":[{"embeddable":true,"href":"https:\/\/arxiversvalencians.org\/es\/wp-json\/wp\/v2\/media\/3043"}],"wp:attachment":[{"href":"https:\/\/arxiversvalencians.org\/es\/wp-json\/wp\/v2\/media?parent=3079"}],"wp:term":[{"taxonomy":"category","embeddable":true,"href":"https:\/\/arxiversvalencians.org\/es\/wp-json\/wp\/v2\/categories?post=3079"},{"taxonomy":"post_tag","embeddable":true,"href":"https:\/\/arxiversvalencians.org\/es\/wp-json\/wp\/v2\/tags?post=3079"}],"curies":[{"name":"wp","href":"https:\/\/api.w.org\/{rel}","templated":true}]}}