{"id":3030,"date":"2018-01-19T18:59:14","date_gmt":"2018-01-19T17:59:14","guid":{"rendered":"http:\/\/arxiversvalencians.org\/?p=3030"},"modified":"2018-01-19T18:59:14","modified_gmt":"2018-01-19T17:59:14","slug":"programa-de-actividades-para-la-clausura-de-la-exposicion-miguel-hernandez-y-su-entorno-en-la-carcel-un-intento-de-silenciar-la-palabra","status":"publish","type":"post","link":"https:\/\/arxiversvalencians.org\/es\/programa-de-actividades-para-la-clausura-de-la-exposicion-miguel-hernandez-y-su-entorno-en-la-carcel-un-intento-de-silenciar-la-palabra\/","title":{"rendered":"Programa de actividades para la clausura de la exposici\u00f3n \u00abMiguel Hern\u00e1ndez y su entorno en la c\u00e1rcel. Un intento de silenciar la palabra\u00bb"},"content":{"rendered":"<strong>El Archivo Hist\u00f3rico Provincial de Alicante ha programado una serie de actividades para la clausura de la exposici\u00f3n \u00abMiguel Hern\u00e1ndez y su entorno en la c\u00e1rcel. Un intento de silenciar la palabra\u00bb<div class=\"clear\"><\/div><div class=\"gdlr-space\" style=\"margin-top: 20px;\"><\/div><\/strong>\r\n\r\n<strong>La exposici\u00f3n se prorroga hasta el d\u00eda 9 de febrero <div class=\"clear\"><\/div><div class=\"gdlr-space\" style=\"margin-top: 20px;\"><\/div><\/strong>\r\n<p style=\"text-align: justify\"><!--more--><\/p>\r\n<p style=\"text-align: justify\">Con motivo de la clausura de la exposici\u00f3n \u00abMiguel Hern\u00e1ndez y su entorno en la c\u00e1rcel. Un intento de silenciar la palabra\u00bb contamos con la presencia del director del Centro Pablo de la Torriente (La Habana-Cuba) el poeta, escritor y cineasta V\u00edctor Casaus. El Centro Pablo de la Torriente ha colaborado en la exposici\u00f3n aportando diverso material como dos documentales, el primero sobre Pablo de la Torriente y el segundo basado en la entrevista realizada a Josefina Manresa en 1977 por el cineasta y escritor V\u00edctor Casaus<strong><div class=\"clear\"><\/div><div class=\"gdlr-space\" style=\"margin-top: 20px;\"><\/div><\/strong><\/p>\r\n<p style=\"text-align: justify\">Es por esto que el programa de clausura que proponemos es el siguiente:<strong><div class=\"clear\"><\/div><div class=\"gdlr-space\" style=\"margin-top: 20px;\"><\/div><\/strong><\/p>\r\n<p style=\"text-align: justify\">*25 de enero.*<strong><div class=\"clear\"><\/div><div class=\"gdlr-space\" style=\"margin-top: 20px;\"><\/div><\/strong><\/p>\r\n<p style=\"text-align: justify\">10, 00 h. Proyecci\u00f3n de los documentales \u00abPablo\u00bb, dedicado a la vida y obra de Pablo de la Torriente Brau, amigo de Miguel Hern\u00e1ndez a quien \u00e9ste dedic\u00f3 su \u00abEleg\u00eda segunda\u00bb. Im\u00e1genes del concurso \u00abPablo en la Guerra Civil Espa\u00f1ola\u00bb del Centro Cultural \u00abPablo de la Torriente Brau\u00bb de La Habana.<strong><div class=\"clear\"><\/div><div class=\"gdlr-space\" style=\"margin-top: 20px;\"><\/div><\/strong><\/p>\r\n<p style=\"text-align: justify\">12,30 Proyecci\u00f3n de los documentales \u00abPablo\u00bb, dedicado a la vida y obra de Pablo de la Torriente Brau, amigo de Miguel Hern\u00e1ndez a quien \u00e9ste dedic\u00f3 su \u00abEleg\u00eda segunda\u00bb. Im\u00e1genes del concurso \u00abPablo en la Guerra Civil Espa\u00f1ola\u00bb del Centro Cultural \u00abPablo de la Torriente Brau\u00bb de La Habana.<strong><div class=\"clear\"><\/div><div class=\"gdlr-space\" style=\"margin-top: 20px;\"><\/div><\/strong><\/p>\r\n<p style=\"text-align: justify\">*26 de enero. *<strong><div class=\"clear\"><\/div><div class=\"gdlr-space\" style=\"margin-top: 20px;\"><\/div><\/strong>\r\n10 h. \u00abCon Miguel Hern\u00e1ndez en Orihuela\u00bb y di\u00e1logo posterior con su director V\u00edctor Casaus. Im\u00e1genes del concurso \u00abUna canci\u00f3n para Miguel\u00bb. Dedicado a los centros escolares. Di\u00e1logo posterior con su director V\u00edctor Casaus.<strong><div class=\"clear\"><\/div><div class=\"gdlr-space\" style=\"margin-top: 20px;\"><\/div><\/strong><\/p>\r\n<p style=\"text-align: justify\">11,30 &#8211; 13 h. \u00abCon Miguel Hern\u00e1ndez en Orihuela\u00bb y di\u00e1logo posterior con su director V\u00edctor Casaus. Im\u00e1genes del concurso \u00abUna canci\u00f3n para Miguel\u00bb. Dedicado a los centros escolares. Di\u00e1logo posterior con su director V\u00edctor Casaus.<strong><div class=\"clear\"><\/div><div class=\"gdlr-space\" style=\"margin-top: 20px;\"><\/div><\/strong><\/p>\r\n<p style=\"text-align: justify\">Se anuncia tambi\u00e9n que la exposici\u00f3n \u00abMiguel Hern\u00e1ndez y su entorno en la c\u00e1rcel de Alicante. Un intento de silenciar la palabra\u00bb se prorroga hasta el d\u00eda 9 de febrero, dada la demanda de visitas.<strong><div class=\"clear\"><\/div><div class=\"gdlr-space\" style=\"margin-top: 20px;\"><\/div><\/strong><\/p>\r\n<p style=\"text-align: justify\">Si fuera de su inter\u00e9s para asistir con un grupo rogamos se pongan en contacto con Mari Carmen Mar\u00edn en el tfno: 965.918753<strong><div class=\"clear\"><\/div><div class=\"gdlr-space\" style=\"margin-top: 20px;\"><\/div><\/strong><\/p>\r\n<p style=\"text-align: right\"><strong>Mar\u00eda del Olmo. Directora del AHPA<\/strong><\/p>\r\n&nbsp;","protected":false},"excerpt":{"rendered":"El Archivo Hist\u00f3rico Provincial de Alicante ha programado una serie de actividades para la clausura de la exposici\u00f3n \u00abMiguel Hern\u00e1ndez y su entorno en la c\u00e1rcel. Un intento de silenciar la palabra\u00bb La exposici\u00f3n se prorroga hasta el d\u00eda 9 de febrero","protected":false},"author":3,"featured_media":3017,"comment_status":"closed","ping_status":"closed","sticky":false,"template":"","format":"standard","meta":{"jetpack_post_was_ever_published":false,"_jetpack_newsletter_access":"","_jetpack_dont_email_post_to_subs":false,"_jetpack_newsletter_tier_id":0,"_jetpack_memberships_contains_paywalled_content":false,"_jetpack_memberships_contains_paid_content":false,"footnotes":"","jetpack_publicize_message":"","jetpack_publicize_feature_enabled":true,"jetpack_social_post_already_shared":true,"jetpack_social_options":{"image_generator_settings":{"template":"highway","enabled":false}}},"categories":[3],"tags":[],"jetpack_publicize_connections":[],"yoast_head":"<!-- This site is optimized with the Yoast SEO plugin v22.7 - https:\/\/yoast.com\/wordpress\/plugins\/seo\/ -->\n<title>Programa de actividades para la clausura de la exposici\u00f3n &quot;Miguel Hern\u00e1ndez y su entorno en la c\u00e1rcel. Un intento de silenciar la palabra&quot; - arxiversvalencians.org<\/title>\n<meta name=\"robots\" content=\"index, follow, max-snippet:-1, max-image-preview:large, max-video-preview:-1\" \/>\n<link rel=\"canonical\" href=\"https:\/\/arxiversvalencians.org\/es\/programa-de-actividades-para-la-clausura-de-la-exposicion-miguel-hernandez-y-su-entorno-en-la-carcel-un-intento-de-silenciar-la-palabra\/\" \/>\n<meta property=\"og:locale\" content=\"es_ES\" \/>\n<meta property=\"og:type\" content=\"article\" \/>\n<meta property=\"og:title\" content=\"Programa de actividades para la clausura de la exposici\u00f3n &quot;Miguel Hern\u00e1ndez y su entorno en la c\u00e1rcel. Un intento de silenciar la palabra&quot; - arxiversvalencians.org\" \/>\n<meta property=\"og:description\" content=\"El Archivo Hist\u00f3rico Provincial de Alicante ha programado una serie de actividades para la clausura de la exposici\u00f3n \u00abMiguel Hern\u00e1ndez y su entorno en la c\u00e1rcel. Un intento de silenciar la palabra\u00bb La exposici\u00f3n se prorroga hasta el d\u00eda 9 de febrero\" \/>\n<meta property=\"og:url\" content=\"https:\/\/arxiversvalencians.org\/es\/programa-de-actividades-para-la-clausura-de-la-exposicion-miguel-hernandez-y-su-entorno-en-la-carcel-un-intento-de-silenciar-la-palabra\/\" \/>\n<meta property=\"og:site_name\" content=\"arxiversvalencians.org\" \/>\n<meta property=\"article:published_time\" content=\"2018-01-19T17:59:14+00:00\" \/>\n<meta property=\"og:image\" content=\"https:\/\/arxiversvalencians.org\/wp-content\/uploads\/2018\/01\/miguel-hernandez-valencia.jpg\" \/>\n\t<meta property=\"og:image:width\" content=\"800\" \/>\n\t<meta property=\"og:image:height\" content=\"493\" \/>\n\t<meta property=\"og:image:type\" content=\"image\/jpeg\" \/>\n<meta name=\"author\" content=\"Secretaria AAV\" \/>\n<meta name=\"twitter:card\" content=\"summary_large_image\" \/>\n<meta name=\"twitter:label1\" content=\"Escrito por\" \/>\n\t<meta name=\"twitter:data1\" content=\"Secretaria AAV\" \/>\n\t<meta name=\"twitter:label2\" content=\"Tiempo de lectura\" \/>\n\t<meta name=\"twitter:data2\" content=\"2 minutos\" \/>\n<script type=\"application\/ld+json\" class=\"yoast-schema-graph\">{\"@context\":\"https:\/\/schema.org\",\"@graph\":[{\"@type\":\"WebPage\",\"@id\":\"https:\/\/arxiversvalencians.org\/es\/programa-de-actividades-para-la-clausura-de-la-exposicion-miguel-hernandez-y-su-entorno-en-la-carcel-un-intento-de-silenciar-la-palabra\/\",\"url\":\"https:\/\/arxiversvalencians.org\/es\/programa-de-actividades-para-la-clausura-de-la-exposicion-miguel-hernandez-y-su-entorno-en-la-carcel-un-intento-de-silenciar-la-palabra\/\",\"name\":\"Programa de actividades para la clausura de la exposici\u00f3n \\\"Miguel Hern\u00e1ndez y su entorno en la c\u00e1rcel. Un intento de silenciar la palabra\\\" - arxiversvalencians.org\",\"isPartOf\":{\"@id\":\"https:\/\/arxiversvalencians.org\/#website\"},\"primaryImageOfPage\":{\"@id\":\"https:\/\/arxiversvalencians.org\/es\/programa-de-actividades-para-la-clausura-de-la-exposicion-miguel-hernandez-y-su-entorno-en-la-carcel-un-intento-de-silenciar-la-palabra\/#primaryimage\"},\"image\":{\"@id\":\"https:\/\/arxiversvalencians.org\/es\/programa-de-actividades-para-la-clausura-de-la-exposicion-miguel-hernandez-y-su-entorno-en-la-carcel-un-intento-de-silenciar-la-palabra\/#primaryimage\"},\"thumbnailUrl\":\"https:\/\/arxiversvalencians.org\/wp-content\/uploads\/2018\/01\/miguel-hernandez-valencia.jpg\",\"datePublished\":\"2018-01-19T17:59:14+00:00\",\"dateModified\":\"2018-01-19T17:59:14+00:00\",\"author\":{\"@id\":\"https:\/\/arxiversvalencians.org\/#\/schema\/person\/d050aca730f1a2b36c35723b360b741a\"},\"breadcrumb\":{\"@id\":\"https:\/\/arxiversvalencians.org\/es\/programa-de-actividades-para-la-clausura-de-la-exposicion-miguel-hernandez-y-su-entorno-en-la-carcel-un-intento-de-silenciar-la-palabra\/#breadcrumb\"},\"inLanguage\":\"es\",\"potentialAction\":[{\"@type\":\"ReadAction\",\"target\":[\"https:\/\/arxiversvalencians.org\/es\/programa-de-actividades-para-la-clausura-de-la-exposicion-miguel-hernandez-y-su-entorno-en-la-carcel-un-intento-de-silenciar-la-palabra\/\"]}]},{\"@type\":\"ImageObject\",\"inLanguage\":\"es\",\"@id\":\"https:\/\/arxiversvalencians.org\/es\/programa-de-actividades-para-la-clausura-de-la-exposicion-miguel-hernandez-y-su-entorno-en-la-carcel-un-intento-de-silenciar-la-palabra\/#primaryimage\",\"url\":\"https:\/\/arxiversvalencians.org\/wp-content\/uploads\/2018\/01\/miguel-hernandez-valencia.jpg\",\"contentUrl\":\"https:\/\/arxiversvalencians.org\/wp-content\/uploads\/2018\/01\/miguel-hernandez-valencia.jpg\",\"width\":800,\"height\":493},{\"@type\":\"BreadcrumbList\",\"@id\":\"https:\/\/arxiversvalencians.org\/es\/programa-de-actividades-para-la-clausura-de-la-exposicion-miguel-hernandez-y-su-entorno-en-la-carcel-un-intento-de-silenciar-la-palabra\/#breadcrumb\",\"itemListElement\":[{\"@type\":\"ListItem\",\"position\":1,\"name\":\"Portada\",\"item\":\"https:\/\/arxiversvalencians.org\/es\/\"},{\"@type\":\"ListItem\",\"position\":2,\"name\":\"Programa de actividades para la clausura de la exposici\u00f3n &#8220;Miguel Hern\u00e1ndez y su entorno en la c\u00e1rcel. Un intento de silenciar la palabra&#8221;\"}]},{\"@type\":\"WebSite\",\"@id\":\"https:\/\/arxiversvalencians.org\/#website\",\"url\":\"https:\/\/arxiversvalencians.org\/\",\"name\":\"arxiversvalencians.org\",\"description\":\"arxiversvalencians.org\",\"potentialAction\":[{\"@type\":\"SearchAction\",\"target\":{\"@type\":\"EntryPoint\",\"urlTemplate\":\"https:\/\/arxiversvalencians.org\/?s={search_term_string}\"},\"query-input\":\"required name=search_term_string\"}],\"inLanguage\":\"es\"},{\"@type\":\"Person\",\"@id\":\"https:\/\/arxiversvalencians.org\/#\/schema\/person\/d050aca730f1a2b36c35723b360b741a\",\"name\":\"Secretaria AAV\",\"image\":{\"@type\":\"ImageObject\",\"inLanguage\":\"es\",\"@id\":\"https:\/\/arxiversvalencians.org\/#\/schema\/person\/image\/\",\"url\":\"https:\/\/secure.gravatar.com\/avatar\/78d2de3310c7c34c5667d73b2a2b1b7e?s=96&d=mm&r=g\",\"contentUrl\":\"https:\/\/secure.gravatar.com\/avatar\/78d2de3310c7c34c5667d73b2a2b1b7e?s=96&d=mm&r=g\",\"caption\":\"Secretaria AAV\"},\"url\":\"https:\/\/arxiversvalencians.org\/es\/author\/helena\/\"}]}<\/script>\n<!-- \/ Yoast SEO plugin. -->","yoast_head_json":{"title":"Programa de actividades para la clausura de la exposici\u00f3n \"Miguel Hern\u00e1ndez y su entorno en la c\u00e1rcel. Un intento de silenciar la palabra\" - arxiversvalencians.org","robots":{"index":"index","follow":"follow","max-snippet":"max-snippet:-1","max-image-preview":"max-image-preview:large","max-video-preview":"max-video-preview:-1"},"canonical":"https:\/\/arxiversvalencians.org\/es\/programa-de-actividades-para-la-clausura-de-la-exposicion-miguel-hernandez-y-su-entorno-en-la-carcel-un-intento-de-silenciar-la-palabra\/","og_locale":"es_ES","og_type":"article","og_title":"Programa de actividades para la clausura de la exposici\u00f3n \"Miguel Hern\u00e1ndez y su entorno en la c\u00e1rcel. Un intento de silenciar la palabra\" - arxiversvalencians.org","og_description":"El Archivo Hist\u00f3rico Provincial de Alicante ha programado una serie de actividades para la clausura de la exposici\u00f3n \u00abMiguel Hern\u00e1ndez y su entorno en la c\u00e1rcel. Un intento de silenciar la palabra\u00bb La exposici\u00f3n se prorroga hasta el d\u00eda 9 de febrero","og_url":"https:\/\/arxiversvalencians.org\/es\/programa-de-actividades-para-la-clausura-de-la-exposicion-miguel-hernandez-y-su-entorno-en-la-carcel-un-intento-de-silenciar-la-palabra\/","og_site_name":"arxiversvalencians.org","article_published_time":"2018-01-19T17:59:14+00:00","og_image":[{"width":800,"height":493,"url":"https:\/\/arxiversvalencians.org\/wp-content\/uploads\/2018\/01\/miguel-hernandez-valencia.jpg","type":"image\/jpeg"}],"author":"Secretaria AAV","twitter_card":"summary_large_image","twitter_misc":{"Escrito por":"Secretaria AAV","Tiempo de lectura":"2 minutos"},"schema":{"@context":"https:\/\/schema.org","@graph":[{"@type":"WebPage","@id":"https:\/\/arxiversvalencians.org\/es\/programa-de-actividades-para-la-clausura-de-la-exposicion-miguel-hernandez-y-su-entorno-en-la-carcel-un-intento-de-silenciar-la-palabra\/","url":"https:\/\/arxiversvalencians.org\/es\/programa-de-actividades-para-la-clausura-de-la-exposicion-miguel-hernandez-y-su-entorno-en-la-carcel-un-intento-de-silenciar-la-palabra\/","name":"Programa de actividades para la clausura de la exposici\u00f3n \"Miguel Hern\u00e1ndez y su entorno en la c\u00e1rcel. Un intento de silenciar la palabra\" - arxiversvalencians.org","isPartOf":{"@id":"https:\/\/arxiversvalencians.org\/#website"},"primaryImageOfPage":{"@id":"https:\/\/arxiversvalencians.org\/es\/programa-de-actividades-para-la-clausura-de-la-exposicion-miguel-hernandez-y-su-entorno-en-la-carcel-un-intento-de-silenciar-la-palabra\/#primaryimage"},"image":{"@id":"https:\/\/arxiversvalencians.org\/es\/programa-de-actividades-para-la-clausura-de-la-exposicion-miguel-hernandez-y-su-entorno-en-la-carcel-un-intento-de-silenciar-la-palabra\/#primaryimage"},"thumbnailUrl":"https:\/\/arxiversvalencians.org\/wp-content\/uploads\/2018\/01\/miguel-hernandez-valencia.jpg","datePublished":"2018-01-19T17:59:14+00:00","dateModified":"2018-01-19T17:59:14+00:00","author":{"@id":"https:\/\/arxiversvalencians.org\/#\/schema\/person\/d050aca730f1a2b36c35723b360b741a"},"breadcrumb":{"@id":"https:\/\/arxiversvalencians.org\/es\/programa-de-actividades-para-la-clausura-de-la-exposicion-miguel-hernandez-y-su-entorno-en-la-carcel-un-intento-de-silenciar-la-palabra\/#breadcrumb"},"inLanguage":"es","potentialAction":[{"@type":"ReadAction","target":["https:\/\/arxiversvalencians.org\/es\/programa-de-actividades-para-la-clausura-de-la-exposicion-miguel-hernandez-y-su-entorno-en-la-carcel-un-intento-de-silenciar-la-palabra\/"]}]},{"@type":"ImageObject","inLanguage":"es","@id":"https:\/\/arxiversvalencians.org\/es\/programa-de-actividades-para-la-clausura-de-la-exposicion-miguel-hernandez-y-su-entorno-en-la-carcel-un-intento-de-silenciar-la-palabra\/#primaryimage","url":"https:\/\/arxiversvalencians.org\/wp-content\/uploads\/2018\/01\/miguel-hernandez-valencia.jpg","contentUrl":"https:\/\/arxiversvalencians.org\/wp-content\/uploads\/2018\/01\/miguel-hernandez-valencia.jpg","width":800,"height":493},{"@type":"BreadcrumbList","@id":"https:\/\/arxiversvalencians.org\/es\/programa-de-actividades-para-la-clausura-de-la-exposicion-miguel-hernandez-y-su-entorno-en-la-carcel-un-intento-de-silenciar-la-palabra\/#breadcrumb","itemListElement":[{"@type":"ListItem","position":1,"name":"Portada","item":"https:\/\/arxiversvalencians.org\/es\/"},{"@type":"ListItem","position":2,"name":"Programa de actividades para la clausura de la exposici\u00f3n &#8220;Miguel Hern\u00e1ndez y su entorno en la c\u00e1rcel. Un intento de silenciar la palabra&#8221;"}]},{"@type":"WebSite","@id":"https:\/\/arxiversvalencians.org\/#website","url":"https:\/\/arxiversvalencians.org\/","name":"arxiversvalencians.org","description":"arxiversvalencians.org","potentialAction":[{"@type":"SearchAction","target":{"@type":"EntryPoint","urlTemplate":"https:\/\/arxiversvalencians.org\/?s={search_term_string}"},"query-input":"required name=search_term_string"}],"inLanguage":"es"},{"@type":"Person","@id":"https:\/\/arxiversvalencians.org\/#\/schema\/person\/d050aca730f1a2b36c35723b360b741a","name":"Secretaria AAV","image":{"@type":"ImageObject","inLanguage":"es","@id":"https:\/\/arxiversvalencians.org\/#\/schema\/person\/image\/","url":"https:\/\/secure.gravatar.com\/avatar\/78d2de3310c7c34c5667d73b2a2b1b7e?s=96&d=mm&r=g","contentUrl":"https:\/\/secure.gravatar.com\/avatar\/78d2de3310c7c34c5667d73b2a2b1b7e?s=96&d=mm&r=g","caption":"Secretaria AAV"},"url":"https:\/\/arxiversvalencians.org\/es\/author\/helena\/"}]}},"jetpack_featured_media_url":"https:\/\/arxiversvalencians.org\/wp-content\/uploads\/2018\/01\/miguel-hernandez-valencia.jpg","jetpack_sharing_enabled":true,"jetpack_shortlink":"https:\/\/wp.me\/p7fqQj-MS","_links":{"self":[{"href":"https:\/\/arxiversvalencians.org\/es\/wp-json\/wp\/v2\/posts\/3030"}],"collection":[{"href":"https:\/\/arxiversvalencians.org\/es\/wp-json\/wp\/v2\/posts"}],"about":[{"href":"https:\/\/arxiversvalencians.org\/es\/wp-json\/wp\/v2\/types\/post"}],"author":[{"embeddable":true,"href":"https:\/\/arxiversvalencians.org\/es\/wp-json\/wp\/v2\/users\/3"}],"replies":[{"embeddable":true,"href":"https:\/\/arxiversvalencians.org\/es\/wp-json\/wp\/v2\/comments?post=3030"}],"version-history":[{"count":3,"href":"https:\/\/arxiversvalencians.org\/es\/wp-json\/wp\/v2\/posts\/3030\/revisions"}],"predecessor-version":[{"id":3035,"href":"https:\/\/arxiversvalencians.org\/es\/wp-json\/wp\/v2\/posts\/3030\/revisions\/3035"}],"wp:featuredmedia":[{"embeddable":true,"href":"https:\/\/arxiversvalencians.org\/es\/wp-json\/wp\/v2\/media\/3017"}],"wp:attachment":[{"href":"https:\/\/arxiversvalencians.org\/es\/wp-json\/wp\/v2\/media?parent=3030"}],"wp:term":[{"taxonomy":"category","embeddable":true,"href":"https:\/\/arxiversvalencians.org\/es\/wp-json\/wp\/v2\/categories?post=3030"},{"taxonomy":"post_tag","embeddable":true,"href":"https:\/\/arxiversvalencians.org\/es\/wp-json\/wp\/v2\/tags?post=3030"}],"curies":[{"name":"wp","href":"https:\/\/api.w.org\/{rel}","templated":true}]}}