{"id":3003,"date":"2018-01-12T10:10:32","date_gmt":"2018-01-12T09:10:32","guid":{"rendered":"http:\/\/arxiversvalencians.org\/es\/donacio-a-larxiu-municipal-de-carcaixent\/"},"modified":"2018-01-12T10:21:15","modified_gmt":"2018-01-12T09:21:15","slug":"donacio-a-larxiu-municipal-de-carcaixent","status":"publish","type":"post","link":"https:\/\/arxiversvalencians.org\/es\/donacio-a-larxiu-municipal-de-carcaixent\/","title":{"rendered":"Donaci\u00f3n al Archivo Municipal de Carcaixent"},"content":{"rendered":"<blockquote><strong>La investigadora M\u00aaJose\u00a0Sigalat\u00a0da el fondo oral de Ismael Roig Soler al Archivo Municipal<\/strong><\/blockquote>\r\n<strong>Se trata de una serie de entrevistas y su transcripci\u00f3n realizadas al dirigente sindical <div class=\"clear\"><\/div><div class=\"gdlr-space\" style=\"margin-top: 20px;\"><\/div><\/strong>\r\n\r\nEl alcalde de Carcaixent, Paco Salom, ha recibido de manos de la historiadora M\u00aa Jose\u00a0Sigalat\u00a0Vay\u00e1 la donaci\u00f3n del fondo oral de Ismael Roig Soler, formado por tres entrevistas que la investigadora realiz\u00f3 entre los a\u00f1os 1994 y 1995 al dirigente sindical sobre su vida y sus vivencias en Carcaixent en el periodo de los a\u00f1os treinta del siglo XX. En total, casi 10 horas de grabaci\u00f3n repartidas en 7 cintas de casete digitalizadas a formato CD con su respectiva transcripci\u00f3n.\u00a0<strong><div class=\"clear\"><\/div><div class=\"gdlr-space\" style=\"margin-top: 20px;\"><\/div><\/strong>\r\n\r\nM\u00aaJose Sigalat, autora del libro\u00a0<em>Canvi social i mobilitzaci\u00f3 pol\u00edtica a\u00a0<\/em><em>Carcaixent<\/em><em>\u00a0durant la Rep\u00fablica i la Guerra Civil. 2011,<\/em>\u00a0ha querido ceder este material al Archivo Municipal ya que considera que\u00a0as\u00ed se garantiza su conservaci\u00f3n, organizaci\u00f3n, unidad y disponibilidad de consulta para el pueblo de Carcaixent. La historiadora ha contado con el visto bueno de los herederos de Ismael Roig para hacer la donaci\u00f3n.<strong><div class=\"clear\"><\/div><div class=\"gdlr-space\" style=\"margin-top: 20px;\"><\/div><\/strong>\r\n\r\nIsmael Roig Soler (1913-2011) nacido a Benissoda, se traslad\u00f3 a Carcaixent en 1929 donde trabaj\u00f3 en una imprenta. Con la proclamaci\u00f3n de la II Rep\u00fablica, se afili\u00f3 a la CNT siendo uno de los militantes m\u00e1s activos en las luchas sociales. Durante la guerra, particip\u00f3 en la Columna de Hierro y en la 82 Brigada Mixta hasta el final, cuando consigui\u00f3 huir del c\u00edrculo de Alicante y llegar a Francia, donde fue internado al campo de concentraci\u00f3n de Sant Cebri\u00e0.\u00a0<strong><div class=\"clear\"><\/div><div class=\"gdlr-space\" style=\"margin-top: 20px;\"><\/div><\/strong>\r\n\r\nPoco despu\u00e9s regres\u00f3 clandestinamente a Barcelona participando activamente en el Comit\u00e8 Regional de Catalu\u00f1a, sobretodo en la confecci\u00f3n e impresi\u00f3n de Solidaritat Obrera, oficio que ejerc\u00eda durante sus a\u00f1os en Carcaixent. Durante los a\u00f1os cincuenta pas\u00f3 a un segundo plano en la lucha clandestina, hasta que fue reconocido en 1954 y huy\u00f3 a Francia. Posteriormente se traslad\u00f3 a Uruguay y Montevideo hasta 1975, a\u00f1o en qu\u00e9 volvi\u00f3 en Barcelona donde muri\u00f3.<strong><div class=\"clear\"><\/div><div class=\"gdlr-space\" style=\"margin-top: 20px;\"><\/div><\/strong>\r\n\r\nEl alcalde, quien agradec\u00eda M\u00aaJose\u00a0Sigalat\u00a0la donaci\u00f3n efectuada al Archivo Municipal, se interes\u00f3 por el trato personal con el dirigente sindical y reconoci\u00f3 el trabajo y esfuerzo de la historiadora para recopilar todo el material y ponerlo al alcance de la ciudadan\u00eda. De hecho, Ismael redact\u00f3 sus memorias, que M\u00aa Jos\u00e9 ayud\u00f3 a redactar y editar. El estudio definitivo est\u00e1 publicado como\u00a0<em>As\u00ed luch\u00e1bamos. Rep\u00fablica, guerra, clandestinidad y exilio de un anarcosindicalista. 1999.\u00a0<strong><div class=\"clear\"><\/div><div class=\"gdlr-space\" style=\"margin-top: 20px;\"><\/div><\/strong><\/em>\r\n<p style=\"text-align: right\"><strong>\u00a0<\/strong><strong>Departament de Comunicaci\u00f3 i Premsa.\u00a0<\/strong><strong>Ajuntament de Carcaixent<\/strong><\/p>","protected":false},"excerpt":{"rendered":"La investigadora M\u00aaJose\u00a0Sigalat\u00a0da el fondo oral de Ismael Roig Soler al Archivo Municipal Se trata de una serie de entrevistas y su transcripci\u00f3n realizadas al dirigente sindical El alcalde de Carcaixent, Paco Salom, ha recibido de manos de la historiadora M\u00aa Jose\u00a0Sigalat\u00a0Vay\u00e1 la donaci\u00f3n del fondo oral de Ismael Roig Soler, formado por tres entrevistas [&hellip;]","protected":false},"author":125,"featured_media":3000,"comment_status":"closed","ping_status":"closed","sticky":false,"template":"","format":"standard","meta":{"jetpack_post_was_ever_published":false,"_jetpack_newsletter_access":"","_jetpack_dont_email_post_to_subs":true,"_jetpack_newsletter_tier_id":0,"_jetpack_memberships_contains_paywalled_content":false,"_jetpack_memberships_contains_paid_content":false,"footnotes":"","jetpack_publicize_message":"","jetpack_publicize_feature_enabled":true,"jetpack_social_post_already_shared":true,"jetpack_social_options":{"image_generator_settings":{"template":"highway","enabled":false}}},"categories":[3],"tags":[],"jetpack_publicize_connections":[],"yoast_head":"<!-- This site is optimized with the Yoast SEO plugin v22.7 - https:\/\/yoast.com\/wordpress\/plugins\/seo\/ -->\n<title>Donaci\u00f3n al Archivo Municipal de Carcaixent - arxiversvalencians.org<\/title>\n<meta name=\"robots\" content=\"index, follow, max-snippet:-1, max-image-preview:large, max-video-preview:-1\" \/>\n<link rel=\"canonical\" href=\"https:\/\/arxiversvalencians.org\/es\/donacio-a-larxiu-municipal-de-carcaixent\/\" \/>\n<meta property=\"og:locale\" content=\"es_ES\" \/>\n<meta property=\"og:type\" content=\"article\" \/>\n<meta property=\"og:title\" content=\"Donaci\u00f3n al Archivo Municipal de Carcaixent - arxiversvalencians.org\" \/>\n<meta property=\"og:description\" content=\"La investigadora M\u00aaJose\u00a0Sigalat\u00a0da el fondo oral de Ismael Roig Soler al Archivo Municipal Se trata de una serie de entrevistas y su transcripci\u00f3n realizadas al dirigente sindical El alcalde de Carcaixent, Paco Salom, ha recibido de manos de la historiadora M\u00aa Jose\u00a0Sigalat\u00a0Vay\u00e1 la donaci\u00f3n del fondo oral de Ismael Roig Soler, formado por tres entrevistas [&hellip;]\" \/>\n<meta property=\"og:url\" content=\"https:\/\/arxiversvalencians.org\/es\/donacio-a-larxiu-municipal-de-carcaixent\/\" \/>\n<meta property=\"og:site_name\" content=\"arxiversvalencians.org\" \/>\n<meta property=\"article:published_time\" content=\"2018-01-12T09:10:32+00:00\" \/>\n<meta property=\"article:modified_time\" content=\"2018-01-12T09:21:15+00:00\" \/>\n<meta property=\"og:image\" content=\"https:\/\/arxiversvalencians.org\/wp-content\/uploads\/2018\/01\/img-5011.jpg\" \/>\n\t<meta property=\"og:image:width\" content=\"4032\" \/>\n\t<meta property=\"og:image:height\" content=\"3024\" \/>\n\t<meta property=\"og:image:type\" content=\"image\/jpeg\" \/>\n<meta name=\"author\" content=\"VDifusio\" \/>\n<meta name=\"twitter:card\" content=\"summary_large_image\" \/>\n<meta name=\"twitter:label1\" content=\"Escrito por\" \/>\n\t<meta name=\"twitter:data1\" content=\"VDifusio\" \/>\n\t<meta name=\"twitter:label2\" content=\"Tiempo de lectura\" \/>\n\t<meta name=\"twitter:data2\" content=\"2 minutos\" \/>\n<script type=\"application\/ld+json\" class=\"yoast-schema-graph\">{\"@context\":\"https:\/\/schema.org\",\"@graph\":[{\"@type\":\"WebPage\",\"@id\":\"https:\/\/arxiversvalencians.org\/es\/donacio-a-larxiu-municipal-de-carcaixent\/\",\"url\":\"https:\/\/arxiversvalencians.org\/es\/donacio-a-larxiu-municipal-de-carcaixent\/\",\"name\":\"Donaci\u00f3n al Archivo Municipal de Carcaixent - arxiversvalencians.org\",\"isPartOf\":{\"@id\":\"https:\/\/arxiversvalencians.org\/#website\"},\"primaryImageOfPage\":{\"@id\":\"https:\/\/arxiversvalencians.org\/es\/donacio-a-larxiu-municipal-de-carcaixent\/#primaryimage\"},\"image\":{\"@id\":\"https:\/\/arxiversvalencians.org\/es\/donacio-a-larxiu-municipal-de-carcaixent\/#primaryimage\"},\"thumbnailUrl\":\"https:\/\/arxiversvalencians.org\/wp-content\/uploads\/2018\/01\/img-5011.jpg\",\"datePublished\":\"2018-01-12T09:10:32+00:00\",\"dateModified\":\"2018-01-12T09:21:15+00:00\",\"author\":{\"@id\":\"https:\/\/arxiversvalencians.org\/#\/schema\/person\/8ae0b510f698f2cf88fcf870b754f787\"},\"breadcrumb\":{\"@id\":\"https:\/\/arxiversvalencians.org\/es\/donacio-a-larxiu-municipal-de-carcaixent\/#breadcrumb\"},\"inLanguage\":\"es\",\"potentialAction\":[{\"@type\":\"ReadAction\",\"target\":[\"https:\/\/arxiversvalencians.org\/es\/donacio-a-larxiu-municipal-de-carcaixent\/\"]}]},{\"@type\":\"ImageObject\",\"inLanguage\":\"es\",\"@id\":\"https:\/\/arxiversvalencians.org\/es\/donacio-a-larxiu-municipal-de-carcaixent\/#primaryimage\",\"url\":\"https:\/\/arxiversvalencians.org\/wp-content\/uploads\/2018\/01\/img-5011.jpg\",\"contentUrl\":\"https:\/\/arxiversvalencians.org\/wp-content\/uploads\/2018\/01\/img-5011.jpg\",\"width\":4032,\"height\":3024},{\"@type\":\"BreadcrumbList\",\"@id\":\"https:\/\/arxiversvalencians.org\/es\/donacio-a-larxiu-municipal-de-carcaixent\/#breadcrumb\",\"itemListElement\":[{\"@type\":\"ListItem\",\"position\":1,\"name\":\"Portada\",\"item\":\"https:\/\/arxiversvalencians.org\/es\/\"},{\"@type\":\"ListItem\",\"position\":2,\"name\":\"Donaci\u00f3n al Archivo Municipal de Carcaixent\"}]},{\"@type\":\"WebSite\",\"@id\":\"https:\/\/arxiversvalencians.org\/#website\",\"url\":\"https:\/\/arxiversvalencians.org\/\",\"name\":\"arxiversvalencians.org\",\"description\":\"arxiversvalencians.org\",\"potentialAction\":[{\"@type\":\"SearchAction\",\"target\":{\"@type\":\"EntryPoint\",\"urlTemplate\":\"https:\/\/arxiversvalencians.org\/?s={search_term_string}\"},\"query-input\":\"required name=search_term_string\"}],\"inLanguage\":\"es\"},{\"@type\":\"Person\",\"@id\":\"https:\/\/arxiversvalencians.org\/#\/schema\/person\/8ae0b510f698f2cf88fcf870b754f787\",\"name\":\"VDifusio\",\"image\":{\"@type\":\"ImageObject\",\"inLanguage\":\"es\",\"@id\":\"https:\/\/arxiversvalencians.org\/#\/schema\/person\/image\/\",\"url\":\"https:\/\/secure.gravatar.com\/avatar\/28cfcd89ff7a51dbe91eb199dcdd222c?s=96&d=mm&r=g\",\"contentUrl\":\"https:\/\/secure.gravatar.com\/avatar\/28cfcd89ff7a51dbe91eb199dcdd222c?s=96&d=mm&r=g\",\"caption\":\"VDifusio\"},\"url\":\"https:\/\/arxiversvalencians.org\/es\/author\/vdifusio\/\"}]}<\/script>\n<!-- \/ Yoast SEO plugin. -->","yoast_head_json":{"title":"Donaci\u00f3n al Archivo Municipal de Carcaixent - arxiversvalencians.org","robots":{"index":"index","follow":"follow","max-snippet":"max-snippet:-1","max-image-preview":"max-image-preview:large","max-video-preview":"max-video-preview:-1"},"canonical":"https:\/\/arxiversvalencians.org\/es\/donacio-a-larxiu-municipal-de-carcaixent\/","og_locale":"es_ES","og_type":"article","og_title":"Donaci\u00f3n al Archivo Municipal de Carcaixent - arxiversvalencians.org","og_description":"La investigadora M\u00aaJose\u00a0Sigalat\u00a0da el fondo oral de Ismael Roig Soler al Archivo Municipal Se trata de una serie de entrevistas y su transcripci\u00f3n realizadas al dirigente sindical El alcalde de Carcaixent, Paco Salom, ha recibido de manos de la historiadora M\u00aa Jose\u00a0Sigalat\u00a0Vay\u00e1 la donaci\u00f3n del fondo oral de Ismael Roig Soler, formado por tres entrevistas [&hellip;]","og_url":"https:\/\/arxiversvalencians.org\/es\/donacio-a-larxiu-municipal-de-carcaixent\/","og_site_name":"arxiversvalencians.org","article_published_time":"2018-01-12T09:10:32+00:00","article_modified_time":"2018-01-12T09:21:15+00:00","og_image":[{"width":4032,"height":3024,"url":"https:\/\/arxiversvalencians.org\/wp-content\/uploads\/2018\/01\/img-5011.jpg","type":"image\/jpeg"}],"author":"VDifusio","twitter_card":"summary_large_image","twitter_misc":{"Escrito por":"VDifusio","Tiempo de lectura":"2 minutos"},"schema":{"@context":"https:\/\/schema.org","@graph":[{"@type":"WebPage","@id":"https:\/\/arxiversvalencians.org\/es\/donacio-a-larxiu-municipal-de-carcaixent\/","url":"https:\/\/arxiversvalencians.org\/es\/donacio-a-larxiu-municipal-de-carcaixent\/","name":"Donaci\u00f3n al Archivo Municipal de Carcaixent - arxiversvalencians.org","isPartOf":{"@id":"https:\/\/arxiversvalencians.org\/#website"},"primaryImageOfPage":{"@id":"https:\/\/arxiversvalencians.org\/es\/donacio-a-larxiu-municipal-de-carcaixent\/#primaryimage"},"image":{"@id":"https:\/\/arxiversvalencians.org\/es\/donacio-a-larxiu-municipal-de-carcaixent\/#primaryimage"},"thumbnailUrl":"https:\/\/arxiversvalencians.org\/wp-content\/uploads\/2018\/01\/img-5011.jpg","datePublished":"2018-01-12T09:10:32+00:00","dateModified":"2018-01-12T09:21:15+00:00","author":{"@id":"https:\/\/arxiversvalencians.org\/#\/schema\/person\/8ae0b510f698f2cf88fcf870b754f787"},"breadcrumb":{"@id":"https:\/\/arxiversvalencians.org\/es\/donacio-a-larxiu-municipal-de-carcaixent\/#breadcrumb"},"inLanguage":"es","potentialAction":[{"@type":"ReadAction","target":["https:\/\/arxiversvalencians.org\/es\/donacio-a-larxiu-municipal-de-carcaixent\/"]}]},{"@type":"ImageObject","inLanguage":"es","@id":"https:\/\/arxiversvalencians.org\/es\/donacio-a-larxiu-municipal-de-carcaixent\/#primaryimage","url":"https:\/\/arxiversvalencians.org\/wp-content\/uploads\/2018\/01\/img-5011.jpg","contentUrl":"https:\/\/arxiversvalencians.org\/wp-content\/uploads\/2018\/01\/img-5011.jpg","width":4032,"height":3024},{"@type":"BreadcrumbList","@id":"https:\/\/arxiversvalencians.org\/es\/donacio-a-larxiu-municipal-de-carcaixent\/#breadcrumb","itemListElement":[{"@type":"ListItem","position":1,"name":"Portada","item":"https:\/\/arxiversvalencians.org\/es\/"},{"@type":"ListItem","position":2,"name":"Donaci\u00f3n al Archivo Municipal de Carcaixent"}]},{"@type":"WebSite","@id":"https:\/\/arxiversvalencians.org\/#website","url":"https:\/\/arxiversvalencians.org\/","name":"arxiversvalencians.org","description":"arxiversvalencians.org","potentialAction":[{"@type":"SearchAction","target":{"@type":"EntryPoint","urlTemplate":"https:\/\/arxiversvalencians.org\/?s={search_term_string}"},"query-input":"required name=search_term_string"}],"inLanguage":"es"},{"@type":"Person","@id":"https:\/\/arxiversvalencians.org\/#\/schema\/person\/8ae0b510f698f2cf88fcf870b754f787","name":"VDifusio","image":{"@type":"ImageObject","inLanguage":"es","@id":"https:\/\/arxiversvalencians.org\/#\/schema\/person\/image\/","url":"https:\/\/secure.gravatar.com\/avatar\/28cfcd89ff7a51dbe91eb199dcdd222c?s=96&d=mm&r=g","contentUrl":"https:\/\/secure.gravatar.com\/avatar\/28cfcd89ff7a51dbe91eb199dcdd222c?s=96&d=mm&r=g","caption":"VDifusio"},"url":"https:\/\/arxiversvalencians.org\/es\/author\/vdifusio\/"}]}},"jetpack_featured_media_url":"https:\/\/arxiversvalencians.org\/wp-content\/uploads\/2018\/01\/img-5011.jpg","jetpack_sharing_enabled":true,"jetpack_shortlink":"https:\/\/wp.me\/p7fqQj-Mr","_links":{"self":[{"href":"https:\/\/arxiversvalencians.org\/es\/wp-json\/wp\/v2\/posts\/3003"}],"collection":[{"href":"https:\/\/arxiversvalencians.org\/es\/wp-json\/wp\/v2\/posts"}],"about":[{"href":"https:\/\/arxiversvalencians.org\/es\/wp-json\/wp\/v2\/types\/post"}],"author":[{"embeddable":true,"href":"https:\/\/arxiversvalencians.org\/es\/wp-json\/wp\/v2\/users\/125"}],"replies":[{"embeddable":true,"href":"https:\/\/arxiversvalencians.org\/es\/wp-json\/wp\/v2\/comments?post=3003"}],"version-history":[{"count":3,"href":"https:\/\/arxiversvalencians.org\/es\/wp-json\/wp\/v2\/posts\/3003\/revisions"}],"predecessor-version":[{"id":3006,"href":"https:\/\/arxiversvalencians.org\/es\/wp-json\/wp\/v2\/posts\/3003\/revisions\/3006"}],"wp:featuredmedia":[{"embeddable":true,"href":"https:\/\/arxiversvalencians.org\/es\/wp-json\/wp\/v2\/media\/3000"}],"wp:attachment":[{"href":"https:\/\/arxiversvalencians.org\/es\/wp-json\/wp\/v2\/media?parent=3003"}],"wp:term":[{"taxonomy":"category","embeddable":true,"href":"https:\/\/arxiversvalencians.org\/es\/wp-json\/wp\/v2\/categories?post=3003"},{"taxonomy":"post_tag","embeddable":true,"href":"https:\/\/arxiversvalencians.org\/es\/wp-json\/wp\/v2\/tags?post=3003"}],"curies":[{"name":"wp","href":"https:\/\/api.w.org\/{rel}","templated":true}]}}